{"id":131864,"date":"2026-04-29T13:16:20","date_gmt":"2026-04-29T10:16:20","guid":{"rendered":"https:\/\/mersingazetesi.com\/?p=131864"},"modified":"2026-04-29T13:16:20","modified_gmt":"2026-04-29T10:16:20","slug":"pamukta-buyuk-kirilma-uretimden-ithalata-sert-donus","status":"publish","type":"post","link":"https:\/\/mersingazetesi.com\/index.php\/2026\/04\/29\/pamukta-buyuk-kirilma-uretimden-ithalata-sert-donus\/","title":{"rendered":"Pamukta B\u00fcy\u00fck K\u0131r\u0131lma: \u00dcretimden \u0130thalata Sert D\u00f6n\u00fc\u015f"},"content":{"rendered":"<p>Ara\u015ft\u0131rmac\u0131-Yazar Abdullah Ayan, T\u00fcrkiye\u2019nin pamuk \u00fcretiminde ya\u015fad\u0131\u011f\u0131 dramatik de\u011fi\u015fime dikkat \u00e7ekti. Ayan, \u201cNereden nereye\u2026 Pamukta y\u00fczde 75 \u00fcretimden, y\u00fczde 75 ithalata d\u00f6n\u00fcl\u00fcyor\u201d s\u00f6zleriyle sekt\u00f6rdeki \u00e7arp\u0131c\u0131 tabloyu \u00f6zetledi.<\/p>\n<p>Bir d\u00f6nem kendi ihtiyac\u0131n\u0131n b\u00fcy\u00fck b\u00f6l\u00fcm\u00fcn\u00fc yerli \u00fcretimle kar\u015f\u0131layan T\u00fcrkiye\u2019nin, bug\u00fcn pamukta d\u0131\u015fa ba\u011f\u0131ml\u0131 hale geldi\u011fini vurgulayan Ayan, bu d\u00f6n\u00fc\u015f\u00fcm\u00fcn tar\u0131m politikalar\u0131, maliyet art\u0131\u015flar\u0131 ve \u00fcreticinin \u00fcretimden uzakla\u015fmas\u0131yla do\u011frudan ba\u011flant\u0131l\u0131 oldu\u011funu ifade etti.<\/p>\n<p>Uzmanlara g\u00f6re; artan girdi maliyetleri, sulama sorunlar\u0131 ve yeterli destek mekanizmalar\u0131n\u0131n devreye sokulmamas\u0131, pamuk \u00fcreticisini alternatif \u00fcr\u00fcnlere y\u00f6neltti. Bu durum, tekstil sekt\u00f6r\u00fcn\u00fcn ana hammaddelerinden biri olan pamukta ithalat\u0131n h\u0131zla y\u00fckselmesine neden oldu.<\/p>\n<p>Sekt\u00f6r temsilcileri, pamukta yeniden \u00fcretim odakl\u0131 bir politikan\u0131n hayata ge\u00e7irilmemesi halinde d\u0131\u015fa ba\u011f\u0131ml\u0131l\u0131\u011f\u0131n daha da artaca\u011f\u0131 uyar\u0131s\u0131nda bulunuyor. T\u00fcrkiye\u2019nin stratejik \u00fcr\u00fcnlerinden biri olan pamukta ya\u015fanan bu d\u00f6n\u00fc\u015f\u00fcm, hem \u00e7ift\u00e7iyi hem de sanayiciyi do\u011frudan etkileyen kritik bir e\u015fik olarak de\u011ferlendiriliyor.<\/p>\n","protected":false},"excerpt":{"rendered":"<p>Ara\u015ft\u0131rmac\u0131-Yazar Abdullah Ayan, T\u00fcrkiye\u2019nin pamuk \u00fcretiminde ya\u015fad\u0131\u011f\u0131 dramatik de\u011fi\u015fime dikkat \u00e7ekti. Ayan, \u201cNereden nereye\u2026 Pamukta y\u00fczde 75 \u00fcretimden, y\u00fczde 75 ithalata d\u00f6n\u00fcl\u00fcyor\u201d s\u00f6zleriyle sekt\u00f6rdeki \u00e7arp\u0131c\u0131 tabloyu \u00f6zetledi. Bir d\u00f6nem kendi ihtiyac\u0131n\u0131n b\u00fcy\u00fck b\u00f6l\u00fcm\u00fcn\u00fc yerli \u00fcretimle kar\u015f\u0131layan T\u00fcrkiye\u2019nin, bug\u00fcn pamukta d\u0131\u015fa ba\u011f\u0131ml\u0131 hale geldi\u011fini vurgulayan Ayan, bu d\u00f6n\u00fc\u015f\u00fcm\u00fcn tar\u0131m politikalar\u0131, maliyet art\u0131\u015flar\u0131 ve \u00fcreticinin \u00fcretimden uzakla\u015fmas\u0131yla [&hellip;]<\/p>\n","protected":false},"author":2,"featured_media":131865,"comment_status":"open","ping_status":"open","sticky":false,"template":"","format":"standard","meta":{"footnotes":""},"categories":[4],"tags":[],"class_list":["post-131864","post","type-post","status-publish","format-standard","has-post-thumbnail","hentry","category-ekonomi"],"views":63,"_links":{"self":[{"href":"https:\/\/mersingazetesi.com\/index.php\/wp-json\/wp\/v2\/posts\/131864","targetHints":{"allow":["GET"]}}],"collection":[{"href":"https:\/\/mersingazetesi.com\/index.php\/wp-json\/wp\/v2\/posts"}],"about":[{"href":"https:\/\/mersingazetesi.com\/index.php\/wp-json\/wp\/v2\/types\/post"}],"author":[{"embeddable":true,"href":"https:\/\/mersingazetesi.com\/index.php\/wp-json\/wp\/v2\/users\/2"}],"replies":[{"embeddable":true,"href":"https:\/\/mersingazetesi.com\/index.php\/wp-json\/wp\/v2\/comments?post=131864"}],"version-history":[{"count":2,"href":"https:\/\/mersingazetesi.com\/index.php\/wp-json\/wp\/v2\/posts\/131864\/revisions"}],"predecessor-version":[{"id":131867,"href":"https:\/\/mersingazetesi.com\/index.php\/wp-json\/wp\/v2\/posts\/131864\/revisions\/131867"}],"wp:featuredmedia":[{"embeddable":true,"href":"https:\/\/mersingazetesi.com\/index.php\/wp-json\/wp\/v2\/media\/131865"}],"wp:attachment":[{"href":"https:\/\/mersingazetesi.com\/index.php\/wp-json\/wp\/v2\/media?parent=131864"}],"wp:term":[{"taxonomy":"category","embeddable":true,"href":"https:\/\/mersingazetesi.com\/index.php\/wp-json\/wp\/v2\/categories?post=131864"},{"taxonomy":"post_tag","embeddable":true,"href":"https:\/\/mersingazetesi.com\/index.php\/wp-json\/wp\/v2\/tags?post=131864"}],"curies":[{"name":"wp","href":"https:\/\/api.w.org\/{rel}","templated":true}]}}