{"id":131859,"date":"2026-04-29T12:18:17","date_gmt":"2026-04-29T09:18:17","guid":{"rendered":"https:\/\/mersingazetesi.com\/?p=131859"},"modified":"2026-04-29T12:18:17","modified_gmt":"2026-04-29T09:18:17","slug":"torba-yasa-anlayisi-meclis-denetimini-ortadan-kaldiriyor","status":"publish","type":"post","link":"https:\/\/mersingazetesi.com\/index.php\/2026\/04\/29\/torba-yasa-anlayisi-meclis-denetimini-ortadan-kaldiriyor\/","title":{"rendered":"&#8220;Torba yasa anlay\u0131\u015f\u0131 Meclis denetimini ortadan kald\u0131r\u0131yor&#8221;"},"content":{"rendered":"<p class=\"v1MsoNormal\">CHP Mersin Milletvekili G\u00fclcan K\u0131\u015f, TBMM Genel Kurulu&#8217;nda g\u00f6r\u00fc\u015f\u00fclen Tapu Kanunu ve baz\u0131 kanunlarda de\u011fi\u015fiklik teklifine kapsaml\u0131 ele\u015ftiriler y\u00f6neltti. Teklifin &#8220;torba yasa&#8221; y\u00f6ntemiyle haz\u0131rland\u0131\u011f\u0131n\u0131 belirten K\u0131\u015f, d\u00fczenlemelerin yerel y\u00f6netimlerden \u00e7evre denetimine, m\u00fclkiyet hakk\u0131ndan kamu ta\u015f\u0131nmazlar\u0131na kadar bir\u00e7ok alanda yetkileri merkezde toplad\u0131\u011f\u0131n\u0131 s\u00f6yledi.<\/p>\n<p class=\"v1MsoNormal\"><b>&#8220;Torba yasa anlay\u0131\u015f\u0131 Meclis denetimini ortadan kald\u0131r\u0131yor&#8221;<\/b><\/p>\n<p class=\"v1MsoNormal\">Genel Kurul&#8217;daki konu\u015fmas\u0131na teklifin y\u00f6ntemine itiraz ederek ba\u015flayan K\u0131\u015f, Tapu Kanunu ba\u015fl\u0131\u011f\u0131 alt\u0131nda birbirinden tamamen farkl\u0131 d\u00fczenlemelerin tek metinde topland\u0131\u011f\u0131n\u0131 vurgulad\u0131.<\/p>\n<p class=\"v1MsoNormal\">\u00c7evre dan\u0131\u015fmanl\u0131k firmalar\u0131na verilen yeni yetkiler, TOK\u0130&#8217;ye miras\u00e7\u0131l\u0131k belgesi d\u00fczenleme imk\u00e2n\u0131, belediye \u015firketlerine y\u00f6nelik s\u0131n\u0131rlamalar, Hazine ta\u015f\u0131nmazlar\u0131 ve 2B arazilerine ili\u015fkin h\u00fck\u00fcmler gibi \u00e7ok say\u0131da ba\u015fl\u0131\u011f\u0131n ayn\u0131 teklif i\u00e7inde yer ald\u0131\u011f\u0131n\u0131 belirten K\u0131\u015f, bu yakla\u015f\u0131m\u0131n Meclis&#8217;in yasama kalitesini d\u00fc\u015f\u00fcrd\u00fc\u011f\u00fcn\u00fc ifade etti.<\/p>\n<p class=\"v1MsoNormal\">K\u0131\u015f, &#8220;Birbiriyle ilgisiz onlarca d\u00fczenlemenin tek metne s\u0131k\u0131\u015ft\u0131r\u0131lmas\u0131, ne sa\u011fl\u0131kl\u0131 bir tart\u0131\u015fmaya ne de etkin bir denetime imk\u00e2n tan\u0131r&#8221; dedi.<\/p>\n<p class=\"v1MsoNormal\"><b>&#8220;Belediyelerin ekonomik iradesi merkeze ba\u011flan\u0131yor&#8221;<\/b><\/p>\n<p class=\"v1MsoNormal\">Teklifin en tart\u0131\u015fmal\u0131 d\u00fczenlemelerinden birinin belediyelere ili\u015fkin h\u00fck\u00fcmler oldu\u011funu belirten K\u0131\u015f, 17&#8217;nci maddeyle belediyelerin \u015firket kurma, ortak olma, sermaye koyma ve hisse edinme gibi faaliyetlerinin Cumhurba\u015fkan\u0131 iznine ba\u011fland\u0131\u011f\u0131n\u0131 s\u00f6yledi.<\/p>\n<p class=\"v1MsoNormal\">Bu d\u00fczenlemenin yaln\u0131zca teknik bir de\u011fi\u015fiklik olmad\u0131\u011f\u0131n\u0131 ifade eden K\u0131\u015f, son y\u0131llarda belediyelerin mali ve idari a\u00e7\u0131dan sistemli bi\u00e7imde s\u0131n\u0131rland\u0131r\u0131ld\u0131\u011f\u0131n\u0131 savundu. \u0130ller Bankas\u0131 paylar\u0131, artan gider kalemleri ve finansmana eri\u015fimde ya\u015fanan zorluklara dikkat \u00e7eken K\u0131\u015f, yeni d\u00fczenlemeyle yerel y\u00f6netimlerin ekonomik karar alma alan\u0131n\u0131n tamamen daralt\u0131ld\u0131\u011f\u0131n\u0131 dile getirdi.<\/p>\n<p class=\"v1MsoNormal\">&#8220;Denetim hukuk devletinin arac\u0131d\u0131r, izin rejimi ise siyasi vesayetin arac\u0131d\u0131r&#8221; diyen K\u0131\u015f, bu yakla\u015f\u0131m\u0131n yerel y\u00f6netim \u00f6zerkli\u011fiyle ba\u011fda\u015fmad\u0131\u011f\u0131n\u0131 ifade etti.<\/p>\n<p class=\"v1MsoNormal\"><b>&#8220;Acele kamula\u015ft\u0131rma istisna olmaktan \u00e7\u0131kar\u0131l\u0131yor&#8221;<\/b><\/p>\n<p class=\"v1MsoNormal\">Teklifte yer alan acele kamula\u015ft\u0131rma d\u00fczenlemesine de geni\u015f yer ay\u0131ran K\u0131\u015f, bu y\u00f6ntemin hukuken ola\u011fan\u00fcst\u00fc durumlar i\u00e7in \u00f6ng\u00f6r\u00fcld\u00fc\u011f\u00fcn\u00fc hat\u0131rlatt\u0131.<\/p>\n<p class=\"v1MsoNormal\">Sosyal konut gerek\u00e7esiyle acele kamula\u015ft\u0131rman\u0131n yayg\u0131nla\u015ft\u0131r\u0131lmas\u0131n\u0131n m\u00fclkiyet hakk\u0131 a\u00e7\u0131s\u0131ndan ciddi riskler do\u011furdu\u011funu belirten K\u0131\u015f, bu uygulamayla vatanda\u015flar\u0131n yarg\u0131 s\u00fcreci tamamlanmadan fiilen m\u00fclkiyetlerini kaybedebilece\u011fini s\u00f6yledi.<\/p>\n<p class=\"v1MsoNormal\">K\u0131\u015f, &#8220;Bar\u0131nma hakk\u0131 korunmal\u0131 ancak bu, ba\u015fka bir yurtta\u015f\u0131n m\u00fclkiyet hakk\u0131n\u0131n \u00f6l\u00e7\u00fcs\u00fcz bi\u00e7imde s\u0131n\u0131rland\u0131r\u0131lmas\u0131 anlam\u0131na gelemez&#8221; de\u011ferlendirmesinde bulundu.<\/p>\n<p class=\"v1MsoNormal\"><b>&#8220;\u00c7evre ve m\u00fchendislik alan\u0131nda yeni riskler&#8221;<\/b><\/p>\n<p class=\"v1MsoNormal\">Zemin ve temel et\u00fctlerine ili\u015fkin d\u00fczenlemelerin de teklifin \u00f6nemli ba\u015fl\u0131klar\u0131ndan biri oldu\u011funu belirten K\u0131\u015f, yetkilendirme ve denetim s\u00fcre\u00e7lerinin tamamen Bakanl\u0131\u011fa b\u0131rak\u0131lmas\u0131n\u0131 ele\u015ftirdi.<\/p>\n<p class=\"v1MsoNormal\">Bu hizmetlerin yaln\u0131zca Bakanl\u0131k taraf\u0131ndan yetkilendirilen t\u00fczel ki\u015filere verilmesinin m\u00fchendislik meslek alan\u0131n\u0131 daraltabilece\u011fini ifade eden K\u0131\u015f, denetim s\u00fcre\u00e7lerinin belirsizli\u011fine dikkat \u00e7ekti.<\/p>\n<p class=\"v1MsoNormal\">Ayr\u0131ca bu hizmet bedellerinin art\u0131r\u0131lmas\u0131na y\u00f6nelik geni\u015f yetki verilmesinin yasama yetkisinin devri anlam\u0131na gelebilece\u011fini belirtti.<\/p>\n<p class=\"v1MsoNormal\"><b>&#8220;Hazine ta\u015f\u0131nmazlar\u0131nda belirsizlik ve merkezile\u015fme&#8221;<\/b><\/p>\n<p class=\"v1MsoNormal\">Teklifin 18 ve 19&#8217;uncu maddelerinde Hazine ta\u015f\u0131nmazlar\u0131n\u0131n &#8220;at\u0131l&#8221; oldu\u011fu gerek\u00e7esiyle tahsislerinin iptal edilmesini de de\u011ferlendiren K\u0131\u015f, &#8220;at\u0131l ta\u015f\u0131nmaz&#8221; kavram\u0131n\u0131n a\u00e7\u0131k \u015fekilde tan\u0131mlanmad\u0131\u011f\u0131n\u0131 vurgulad\u0131.<\/p>\n<p class=\"v1MsoNormal\">Bu belirsizli\u011fin, ta\u015f\u0131nmazlar\u0131n hangi kriterlerle ve hangi kamu yarar\u0131 gerek\u00e7esiyle Bakanl\u0131\u011fa devredilece\u011fi konusunda ciddi soru i\u015faretleri yaratt\u0131\u011f\u0131n\u0131 ifade eden K\u0131\u015f, yerel y\u00f6netimlerin planlama s\u00fcre\u00e7lerinin devre d\u0131\u015f\u0131 b\u0131rak\u0131ld\u0131\u011f\u0131n\u0131 s\u00f6yledi.<\/p>\n<p class=\"v1MsoNormal\">K\u0131\u015f&#8217;a g\u00f6re bu d\u00fczenleme, ta\u015f\u0131nmazlar\u0131n etkin kullan\u0131m\u0131ndan \u00e7ok, karar yetkisinin merkezde toplanmas\u0131 anlam\u0131na geliyor.<\/p>\n<p class=\"v1MsoNormal\"><b>&#8220;2B arazileri: S\u00fcre uzat\u0131m\u0131 \u00e7\u00f6z\u00fcm de\u011fil&#8221;<\/b><\/p>\n<p class=\"v1MsoNormal\">2B arazilerine ili\u015fkin s\u00fcre uzat\u0131mlar\u0131n\u0131n ge\u00e7mi\u015fte de denendi\u011fini hat\u0131rlatan K\u0131\u015f, bu y\u00f6ntemin sorunu \u00e7\u00f6zmedi\u011fini ifade etti.<\/p>\n<p class=\"v1MsoNormal\">As\u0131l meselenin bu ta\u015f\u0131nmazlar\u0131n kime, hangi bedelle ve hangi kamu yarar\u0131 \u00e7er\u00e7evesinde sat\u0131ld\u0131\u011f\u0131 oldu\u011funu belirten K\u0131\u015f, \u015feffaf ve adil bir sistem kurulmadan yap\u0131lan d\u00fczenlemelerin sorunu yaln\u0131zca erteledi\u011fini s\u00f6yledi.<\/p>\n<p class=\"v1MsoNormal\"><b>&#8220;Deprem konutlar\u0131nda denetim ve \u015feffafl\u0131k sorunu&#8221;<\/b><\/p>\n<p class=\"v1MsoNormal\">Depremzedelere sa\u011flanan hibe ve kredilerin haczedilememesini olumlu bulduklar\u0131n\u0131 ifade eden K\u0131\u015f, ayn\u0131 d\u00fczenleme kapsam\u0131nda Kentsel D\u00f6n\u00fc\u015f\u00fcm Ba\u015fkanl\u0131\u011f\u0131na verilen geni\u015f yetkilerin dikkatle de\u011ferlendirilmesi gerekti\u011fini belirtti.<\/p>\n<p class=\"v1MsoNormal\">Teslim al\u0131nmayan konutlar\u0131n bedelsiz devri ve ihale d\u0131\u015f\u0131 sat\u0131\u015f gibi uygulamalar\u0131n denetim ve \u015feffafl\u0131k a\u00e7\u0131s\u0131ndan riskler bar\u0131nd\u0131rd\u0131\u011f\u0131n\u0131 dile getirdi.<\/p>\n<p class=\"v1MsoNormal\"><b>&#8220;Bu teklif teknik de\u011fil, sistem tercihi&#8221;<\/b><\/p>\n<p class=\"v1MsoNormal\">Konu\u015fmas\u0131n\u0131n sonunda teklifin kapsam\u0131na dikkat \u00e7eken K\u0131\u015f, d\u00fczenlemenin yaln\u0131zca teknik de\u011fi\u015fiklikler i\u00e7ermedi\u011fini, aksine geni\u015f bir y\u00f6netim anlay\u0131\u015f\u0131n\u0131 yans\u0131tt\u0131\u011f\u0131n\u0131 ifade etti.<\/p>\n<p class=\"v1MsoNormal\">Yerel y\u00f6netimlerin yetkilerinin daralt\u0131lmas\u0131, m\u00fclkiyet hakk\u0131na m\u00fcdahale ihtimali ve denetim mekanizmalar\u0131n\u0131n zay\u0131flamas\u0131 gibi ba\u015fl\u0131klar\u0131n birlikte de\u011ferlendirildi\u011finde ortaya \u00e7\u0131kan tablonun ciddi oldu\u011funu belirten K\u0131\u015f, Meclis&#8217;in temel g\u00f6revinin y\u00fcr\u00fctmeyi denetlemek oldu\u011funu vurgulad\u0131.<\/p>\n<p class=\"v1MsoNormal\">K\u0131\u015f, teklifin mevcut haliyle kabul edilmemesi gerekti\u011fini belirterek, d\u00fczenlemenin daha \u015feffaf, kat\u0131l\u0131mc\u0131 ve hukuki g\u00fcvenceyi esas alan bir yakla\u015f\u0131mla yeniden ele al\u0131nmas\u0131 \u00e7a\u011fr\u0131s\u0131nda bulundu.<\/p>\n","protected":false},"excerpt":{"rendered":"<p>CHP Mersin Milletvekili G\u00fclcan K\u0131\u015f, TBMM Genel Kurulu&#8217;nda g\u00f6r\u00fc\u015f\u00fclen Tapu Kanunu ve baz\u0131 kanunlarda de\u011fi\u015fiklik teklifine kapsaml\u0131 ele\u015ftiriler y\u00f6neltti. Teklifin &#8220;torba yasa&#8221; y\u00f6ntemiyle haz\u0131rland\u0131\u011f\u0131n\u0131 belirten K\u0131\u015f, d\u00fczenlemelerin yerel y\u00f6netimlerden \u00e7evre denetimine, m\u00fclkiyet hakk\u0131ndan kamu ta\u015f\u0131nmazlar\u0131na kadar bir\u00e7ok alanda yetkileri merkezde toplad\u0131\u011f\u0131n\u0131 s\u00f6yledi. &#8220;Torba yasa anlay\u0131\u015f\u0131 Meclis denetimini ortadan kald\u0131r\u0131yor&#8221; Genel Kurul&#8217;daki konu\u015fmas\u0131na teklifin y\u00f6ntemine itiraz [&hellip;]<\/p>\n","protected":false},"author":2,"featured_media":131608,"comment_status":"open","ping_status":"open","sticky":false,"template":"","format":"standard","meta":{"footnotes":""},"categories":[1],"tags":[],"class_list":["post-131859","post","type-post","status-publish","format-standard","has-post-thumbnail","hentry","category-gundem"],"views":80,"_links":{"self":[{"href":"https:\/\/mersingazetesi.com\/index.php\/wp-json\/wp\/v2\/posts\/131859","targetHints":{"allow":["GET"]}}],"collection":[{"href":"https:\/\/mersingazetesi.com\/index.php\/wp-json\/wp\/v2\/posts"}],"about":[{"href":"https:\/\/mersingazetesi.com\/index.php\/wp-json\/wp\/v2\/types\/post"}],"author":[{"embeddable":true,"href":"https:\/\/mersingazetesi.com\/index.php\/wp-json\/wp\/v2\/users\/2"}],"replies":[{"embeddable":true,"href":"https:\/\/mersingazetesi.com\/index.php\/wp-json\/wp\/v2\/comments?post=131859"}],"version-history":[{"count":2,"href":"https:\/\/mersingazetesi.com\/index.php\/wp-json\/wp\/v2\/posts\/131859\/revisions"}],"predecessor-version":[{"id":131861,"href":"https:\/\/mersingazetesi.com\/index.php\/wp-json\/wp\/v2\/posts\/131859\/revisions\/131861"}],"wp:featuredmedia":[{"embeddable":true,"href":"https:\/\/mersingazetesi.com\/index.php\/wp-json\/wp\/v2\/media\/131608"}],"wp:attachment":[{"href":"https:\/\/mersingazetesi.com\/index.php\/wp-json\/wp\/v2\/media?parent=131859"}],"wp:term":[{"taxonomy":"category","embeddable":true,"href":"https:\/\/mersingazetesi.com\/index.php\/wp-json\/wp\/v2\/categories?post=131859"},{"taxonomy":"post_tag","embeddable":true,"href":"https:\/\/mersingazetesi.com\/index.php\/wp-json\/wp\/v2\/tags?post=131859"}],"curies":[{"name":"wp","href":"https:\/\/api.w.org\/{rel}","templated":true}]}}