{"id":131856,"date":"2026-04-29T12:17:46","date_gmt":"2026-04-29T09:17:46","guid":{"rendered":"https:\/\/mersingazetesi.com\/?p=131856"},"modified":"2026-04-29T12:17:46","modified_gmt":"2026-04-29T09:17:46","slug":"orman-bolge-mudurlugunde-veda","status":"publish","type":"post","link":"https:\/\/mersingazetesi.com\/index.php\/2026\/04\/29\/orman-bolge-mudurlugunde-veda\/","title":{"rendered":"Orman B\u00f6lge M\u00fcd\u00fcrl\u00fc\u011f\u00fcnde Veda"},"content":{"rendered":"<p>Mersin Orman B\u00f6lge M\u00fcd\u00fcr\u00fc iken, Eski\u015fehir Orman B\u00f6lge M\u00fcd\u00fcr\u00fc olarak g\u00f6revlendirilen Rifat Ata\u015f i\u00e7in veda yeme\u011fi d\u00fczenlendi.<\/p>\n<p>&nbsp;<\/p>\n<p>Mersin Orman B\u00f6lge M\u00fcd\u00fcr\u00fc Zafer K\u0131z\u0131l\u2019\u0131n veda yeme\u011finde yapt\u0131\u011f\u0131 konu\u015fmada, \u201cEski\u015fehir Orman B\u00f6lge M\u00fcd\u00fcr\u00fc olarak tayini \u00e7\u0131kan Rifat Ata\u015f\u2019a b\u00f6lgemizde yapm\u0131\u015f oldu\u011fu hizmetler i\u00e7in te\u015fekk\u00fcr ediyor, yeni g\u00f6rev yerinde ba\u015far\u0131lar\u0131n\u0131n devam\u0131n\u0131 diliyorum\u201d ifadelerini kulland\u0131. Eski\u015fehir Orman B\u00f6lge M\u00fcd\u00fcrl\u00fc\u011f\u00fcne atanan Rifat Ata\u015f ise &#8220;\u0130ki y\u0131l \u00f6nce ba\u015flad\u0131\u011f\u0131m\u0131z bu g\u00f6revden bug\u00fcn itibariyle ayr\u0131lm\u0131\u015f bulunmaktay\u0131m. \u00c7al\u0131\u015ft\u0131\u011f\u0131m bu s\u00fcre i\u00e7erisinde ekip arkada\u015flar\u0131m\u0131zla birlikte ba\u015far\u0131l\u0131 \u00e7al\u0131\u015fmalara imza att\u0131k. Her ba\u015flang\u0131c\u0131n bir biti\u015fi oldu\u011fu gibi burada da g\u00f6rev s\u00fcremizi tamamlayarak aran\u0131zdan ayr\u0131l\u0131yorum. Hakk\u0131n\u0131z\u0131 helal edin, aya\u011f\u0131n\u0131za ta\u015f g\u00f6z\u00fcn\u00fcze ya\u015f de\u011fmesin.\u201d dedi<\/p>\n<p>&nbsp;<\/p>\n<p>Gecenin an\u0131s\u0131na takdim edilen hediyelerin ard\u0131ndan program sona erdi.<\/p>\n","protected":false},"excerpt":{"rendered":"<p>Mersin Orman B\u00f6lge M\u00fcd\u00fcr\u00fc iken, Eski\u015fehir Orman B\u00f6lge M\u00fcd\u00fcr\u00fc olarak g\u00f6revlendirilen Rifat Ata\u015f i\u00e7in veda yeme\u011fi d\u00fczenlendi. &nbsp; Mersin Orman B\u00f6lge M\u00fcd\u00fcr\u00fc Zafer K\u0131z\u0131l\u2019\u0131n veda yeme\u011finde yapt\u0131\u011f\u0131 konu\u015fmada, \u201cEski\u015fehir Orman B\u00f6lge M\u00fcd\u00fcr\u00fc olarak tayini \u00e7\u0131kan Rifat Ata\u015f\u2019a b\u00f6lgemizde yapm\u0131\u015f oldu\u011fu hizmetler i\u00e7in te\u015fekk\u00fcr ediyor, yeni g\u00f6rev yerinde ba\u015far\u0131lar\u0131n\u0131n devam\u0131n\u0131 diliyorum\u201d ifadelerini kulland\u0131. Eski\u015fehir Orman B\u00f6lge [&hellip;]<\/p>\n","protected":false},"author":2,"featured_media":131857,"comment_status":"open","ping_status":"open","sticky":false,"template":"","format":"standard","meta":{"footnotes":""},"categories":[1],"tags":[],"class_list":["post-131856","post","type-post","status-publish","format-standard","has-post-thumbnail","hentry","category-gundem"],"views":70,"_links":{"self":[{"href":"https:\/\/mersingazetesi.com\/index.php\/wp-json\/wp\/v2\/posts\/131856","targetHints":{"allow":["GET"]}}],"collection":[{"href":"https:\/\/mersingazetesi.com\/index.php\/wp-json\/wp\/v2\/posts"}],"about":[{"href":"https:\/\/mersingazetesi.com\/index.php\/wp-json\/wp\/v2\/types\/post"}],"author":[{"embeddable":true,"href":"https:\/\/mersingazetesi.com\/index.php\/wp-json\/wp\/v2\/users\/2"}],"replies":[{"embeddable":true,"href":"https:\/\/mersingazetesi.com\/index.php\/wp-json\/wp\/v2\/comments?post=131856"}],"version-history":[{"count":1,"href":"https:\/\/mersingazetesi.com\/index.php\/wp-json\/wp\/v2\/posts\/131856\/revisions"}],"predecessor-version":[{"id":131858,"href":"https:\/\/mersingazetesi.com\/index.php\/wp-json\/wp\/v2\/posts\/131856\/revisions\/131858"}],"wp:featuredmedia":[{"embeddable":true,"href":"https:\/\/mersingazetesi.com\/index.php\/wp-json\/wp\/v2\/media\/131857"}],"wp:attachment":[{"href":"https:\/\/mersingazetesi.com\/index.php\/wp-json\/wp\/v2\/media?parent=131856"}],"wp:term":[{"taxonomy":"category","embeddable":true,"href":"https:\/\/mersingazetesi.com\/index.php\/wp-json\/wp\/v2\/categories?post=131856"},{"taxonomy":"post_tag","embeddable":true,"href":"https:\/\/mersingazetesi.com\/index.php\/wp-json\/wp\/v2\/tags?post=131856"}],"curies":[{"name":"wp","href":"https:\/\/api.w.org\/{rel}","templated":true}]}}