{"id":131853,"date":"2026-04-29T11:16:58","date_gmt":"2026-04-29T08:16:58","guid":{"rendered":"https:\/\/mersingazetesi.com\/?p=131853"},"modified":"2026-04-29T12:55:29","modified_gmt":"2026-04-29T09:55:29","slug":"mersin-kultur-yolu-festivalinin-programi-aciklandi","status":"publish","type":"post","link":"https:\/\/mersingazetesi.com\/index.php\/2026\/04\/29\/mersin-kultur-yolu-festivalinin-programi-aciklandi\/","title":{"rendered":"Mersin K\u00fclt\u00fcr Yolu Festivali\u2019nin Program\u0131 A\u00e7\u0131kland\u0131"},"content":{"rendered":"<p>T\u00fcrkiye K\u00fclt\u00fcr Yolu Festivali kapsam\u0131nda bu y\u0131l Mersin\u2019de ger\u00e7ekle\u015ftirilecek etkinliklerin konser takvimi netle\u015fti. 9-17 May\u0131s 2026 tarihleri aras\u0131nda d\u00fczenlenecek festival, kenti k\u00fclt\u00fcr, sanat ve m\u00fczikle bulu\u015fturacak.<\/p>\n<p>Festival program\u0131na g\u00f6re sahne alacak sanat\u00e7\u0131lar ve tarihler \u015f\u00f6yle:<\/p>\n<ul>\n<li>9 May\u0131s: O\u011fuzhan Ko\u00e7<\/li>\n<li>10 May\u0131s: Beng\u00fc<\/li>\n<li>11 May\u0131s: Kubat<\/li>\n<li>12 May\u0131s: Simge<\/li>\n<li>13 May\u0131s: Ali\u015fan<\/li>\n<li>14 May\u0131s: Sefo<\/li>\n<li>15 May\u0131s: Merve \u00d6zbey<\/li>\n<li>16 May\u0131s: Ferhat G\u00f6\u00e7er<\/li>\n<li>17 May\u0131s: Serkan Kaya<\/li>\n<li>Yer: Cumhuriyet Meydan\u0131<\/li>\n<\/ul>\n<p>K\u00fclt\u00fcr ve Turizm Bakanl\u0131\u011f\u0131 koordinasyonunda d\u00fczenlenen festivalde konserlerin yan\u0131 s\u0131ra sergiler, s\u00f6yle\u015filer ve \u00e7e\u015fitli k\u00fclt\u00fcrel etkinliklerin de yer almas\u0131 bekleniyor.<\/p>\n<p>Yetkililer, festivalin hem kentin tan\u0131t\u0131m\u0131na katk\u0131 sunaca\u011f\u0131n\u0131 hem de turizm hareketlili\u011fini art\u0131raca\u011f\u0131n\u0131 belirterek etkinliklerin geni\u015f kat\u0131l\u0131mla ger\u00e7ekle\u015fmesini hedefliyor.<\/p>\n","protected":false},"excerpt":{"rendered":"<p>T\u00fcrkiye K\u00fclt\u00fcr Yolu Festivali kapsam\u0131nda bu y\u0131l Mersin\u2019de ger\u00e7ekle\u015ftirilecek etkinliklerin konser takvimi netle\u015fti. 9-17 May\u0131s 2026 tarihleri aras\u0131nda d\u00fczenlenecek festival, kenti k\u00fclt\u00fcr, sanat ve m\u00fczikle bulu\u015fturacak. Festival program\u0131na g\u00f6re sahne alacak sanat\u00e7\u0131lar ve tarihler \u015f\u00f6yle: 9 May\u0131s: O\u011fuzhan Ko\u00e7 10 May\u0131s: Beng\u00fc 11 May\u0131s: Kubat 12 May\u0131s: Simge 13 May\u0131s: Ali\u015fan 14 May\u0131s: Sefo 15 [&hellip;]<\/p>\n","protected":false},"author":2,"featured_media":131854,"comment_status":"open","ping_status":"open","sticky":false,"template":"","format":"standard","meta":{"footnotes":""},"categories":[1],"tags":[],"class_list":["post-131853","post","type-post","status-publish","format-standard","has-post-thumbnail","hentry","category-gundem"],"views":91,"_links":{"self":[{"href":"https:\/\/mersingazetesi.com\/index.php\/wp-json\/wp\/v2\/posts\/131853","targetHints":{"allow":["GET"]}}],"collection":[{"href":"https:\/\/mersingazetesi.com\/index.php\/wp-json\/wp\/v2\/posts"}],"about":[{"href":"https:\/\/mersingazetesi.com\/index.php\/wp-json\/wp\/v2\/types\/post"}],"author":[{"embeddable":true,"href":"https:\/\/mersingazetesi.com\/index.php\/wp-json\/wp\/v2\/users\/2"}],"replies":[{"embeddable":true,"href":"https:\/\/mersingazetesi.com\/index.php\/wp-json\/wp\/v2\/comments?post=131853"}],"version-history":[{"count":2,"href":"https:\/\/mersingazetesi.com\/index.php\/wp-json\/wp\/v2\/posts\/131853\/revisions"}],"predecessor-version":[{"id":131863,"href":"https:\/\/mersingazetesi.com\/index.php\/wp-json\/wp\/v2\/posts\/131853\/revisions\/131863"}],"wp:featuredmedia":[{"embeddable":true,"href":"https:\/\/mersingazetesi.com\/index.php\/wp-json\/wp\/v2\/media\/131854"}],"wp:attachment":[{"href":"https:\/\/mersingazetesi.com\/index.php\/wp-json\/wp\/v2\/media?parent=131853"}],"wp:term":[{"taxonomy":"category","embeddable":true,"href":"https:\/\/mersingazetesi.com\/index.php\/wp-json\/wp\/v2\/categories?post=131853"},{"taxonomy":"post_tag","embeddable":true,"href":"https:\/\/mersingazetesi.com\/index.php\/wp-json\/wp\/v2\/tags?post=131853"}],"curies":[{"name":"wp","href":"https:\/\/api.w.org\/{rel}","templated":true}]}}