{"id":131843,"date":"2026-04-29T09:55:15","date_gmt":"2026-04-29T06:55:15","guid":{"rendered":"https:\/\/mersingazetesi.com\/?p=131843"},"modified":"2026-04-29T09:55:15","modified_gmt":"2026-04-29T06:55:15","slug":"tir-otomobili-metrelerce-surukledi-2-yarali","status":"publish","type":"post","link":"https:\/\/mersingazetesi.com\/index.php\/2026\/04\/29\/tir-otomobili-metrelerce-surukledi-2-yarali\/","title":{"rendered":"T\u0131r otomobili metrelerce s\u00fcr\u00fckledi: 2 yaral\u0131"},"content":{"rendered":"<p><strong class=\"searchword\">Mersin<\/strong>&#8216;de t\u0131r\u0131n \u00e7arparak \u00f6n\u00fcne ald\u0131\u011f\u0131 otomobil metrelerce s\u00fcr\u00fcklendi, 2 ki\u015fi yaraland\u0131, kaza sonras\u0131 taraflar aras\u0131nda gerginlik ya\u015fand\u0131.<br \/>\nOlay, merkez Akdeniz il\u00e7esi D-400 kara yolu Deli\u00e7ay K\u00f6pr\u00fcs\u00fc \u00f6n\u00fcnde meydana geldi. Tarsus istikametinde ilerleyen t\u0131r\u0131n \u00e7arparak \u00f6n\u00fcne ald\u0131\u011f\u0131 otomobil metrelerce s\u00fcr\u00fcklendi. Kazada otomobilde bulunan 2 ki\u015fi yaraland\u0131. \u0130hbar \u00fczerine olay yerine sa\u011fl\u0131k ve polis ekipleri sevk edildi. Yaralanan 2 ki\u015fi ambulanslarla hastaneye kald\u0131r\u0131ld\u0131. Kaza sonras\u0131 yaral\u0131lar\u0131n yak\u0131nlar\u0131 ve t\u0131r s\u00fcr\u00fcc\u00fcs\u00fc aras\u0131nda gerginlik ya\u015fand\u0131. \u00c7evredeki vatanda\u015flar\u0131n araya girmesiyle gerginlik kontrol alt\u0131na al\u0131nd\u0131. Otomobilin t\u0131r\u0131n \u00f6n\u00fcnde s\u00fcr\u00fcklenme anlar\u0131 ise g\u00fcvenlik kameras\u0131na yans\u0131d\u0131.<br \/>\nKazayla ilgili soru\u015fturma s\u00fcr\u00fcyor.<\/p>\n","protected":false},"excerpt":{"rendered":"<p>Mersin&#8216;de t\u0131r\u0131n \u00e7arparak \u00f6n\u00fcne ald\u0131\u011f\u0131 otomobil metrelerce s\u00fcr\u00fcklendi, 2 ki\u015fi yaraland\u0131, kaza sonras\u0131 taraflar aras\u0131nda gerginlik ya\u015fand\u0131. Olay, merkez Akdeniz il\u00e7esi D-400 kara yolu Deli\u00e7ay K\u00f6pr\u00fcs\u00fc \u00f6n\u00fcnde meydana geldi. Tarsus istikametinde ilerleyen t\u0131r\u0131n \u00e7arparak \u00f6n\u00fcne ald\u0131\u011f\u0131 otomobil metrelerce s\u00fcr\u00fcklendi. Kazada otomobilde bulunan 2 ki\u015fi yaraland\u0131. \u0130hbar \u00fczerine olay yerine sa\u011fl\u0131k ve polis ekipleri sevk edildi. [&hellip;]<\/p>\n","protected":false},"author":2,"featured_media":131844,"comment_status":"open","ping_status":"open","sticky":false,"template":"","format":"standard","meta":{"footnotes":""},"categories":[1],"tags":[],"class_list":["post-131843","post","type-post","status-publish","format-standard","has-post-thumbnail","hentry","category-gundem"],"views":71,"_links":{"self":[{"href":"https:\/\/mersingazetesi.com\/index.php\/wp-json\/wp\/v2\/posts\/131843","targetHints":{"allow":["GET"]}}],"collection":[{"href":"https:\/\/mersingazetesi.com\/index.php\/wp-json\/wp\/v2\/posts"}],"about":[{"href":"https:\/\/mersingazetesi.com\/index.php\/wp-json\/wp\/v2\/types\/post"}],"author":[{"embeddable":true,"href":"https:\/\/mersingazetesi.com\/index.php\/wp-json\/wp\/v2\/users\/2"}],"replies":[{"embeddable":true,"href":"https:\/\/mersingazetesi.com\/index.php\/wp-json\/wp\/v2\/comments?post=131843"}],"version-history":[{"count":2,"href":"https:\/\/mersingazetesi.com\/index.php\/wp-json\/wp\/v2\/posts\/131843\/revisions"}],"predecessor-version":[{"id":131846,"href":"https:\/\/mersingazetesi.com\/index.php\/wp-json\/wp\/v2\/posts\/131843\/revisions\/131846"}],"wp:featuredmedia":[{"embeddable":true,"href":"https:\/\/mersingazetesi.com\/index.php\/wp-json\/wp\/v2\/media\/131844"}],"wp:attachment":[{"href":"https:\/\/mersingazetesi.com\/index.php\/wp-json\/wp\/v2\/media?parent=131843"}],"wp:term":[{"taxonomy":"category","embeddable":true,"href":"https:\/\/mersingazetesi.com\/index.php\/wp-json\/wp\/v2\/categories?post=131843"},{"taxonomy":"post_tag","embeddable":true,"href":"https:\/\/mersingazetesi.com\/index.php\/wp-json\/wp\/v2\/tags?post=131843"}],"curies":[{"name":"wp","href":"https:\/\/api.w.org\/{rel}","templated":true}]}}