{"id":131840,"date":"2026-04-29T09:47:48","date_gmt":"2026-04-29T06:47:48","guid":{"rendered":"https:\/\/mersingazetesi.com\/?p=131840"},"modified":"2026-04-29T09:47:48","modified_gmt":"2026-04-29T06:47:48","slug":"tirtar-gozne-maden-trafigi-yollari-kaldiracak-mi-bedelini-kim-odeyecek","status":"publish","type":"post","link":"https:\/\/mersingazetesi.com\/index.php\/2026\/04\/29\/tirtar-gozne-maden-trafigi-yollari-kaldiracak-mi-bedelini-kim-odeyecek\/","title":{"rendered":"TIRTAR\u2013G\u00d6ZNE MADEN TRAF\u0130\u011e\u0130 YOLLARI KALDIRACAK MI?  BEDEL\u0130N\u0130 K\u0130M \u00d6DEYECEK?"},"content":{"rendered":"<div>Mersin\u2019in k\u0131rsal mahallelerinden Arslank\u00f6y ve T\u0131rtar hatt\u0131nda y\u0131llard\u0131r s\u00fcren maden faaliyetleri, b\u00f6lge halk\u0131n\u0131 bir kez daha aya\u011fa kald\u0131rd\u0131. Demireller firmas\u0131n\u0131n i\u015fletti\u011fi maden sahas\u0131ndan kaynaklanan yo\u011fun kamyon trafi\u011fi zaten tart\u0131\u015fma konusuyken, \u015fimdi de Berus firmas\u0131n\u0131n yeni maden ruhsat\u0131 almas\u0131yla birlikte trafik y\u00fck\u00fcn\u00fcn katlanarak artaca\u011f\u0131 uyar\u0131s\u0131 yap\u0131l\u0131yor.<\/div>\n<div dir=\"ltr\"><\/div>\n<div>Vatanda\u015flar, \u00f6zellikle T\u0131rtar ile G\u00f6zne aras\u0131ndaki dar ve y\u0131pranm\u0131\u015f yollar\u0131n bu yo\u011funlu\u011fu kald\u0131rmas\u0131n\u0131n m\u00fcmk\u00fcn olmad\u0131\u011f\u0131n\u0131 belirterek, olas\u0131 kazalar\u0131n ka\u00e7\u0131n\u0131lmaz olaca\u011f\u0131 g\u00f6r\u00fc\u015f\u00fcnde birle\u015fiyor. B\u00f6lge sakinleri, \u201cHer g\u00fcn onlarca a\u011f\u0131r tonajl\u0131 kamyon ge\u00e7iyor. Yol zaten yetersiz. Yeni ruhsatla bu say\u0131 daha da artacak. Bu \u015fartlarda kazalar nas\u0131l \u00f6nlenecek?\u201d diyerek tepkilerini dile getiriyor.<\/div>\n<div dir=\"ltr\"><\/div>\n<div>Endi\u015fe yaln\u0131zca trafik yo\u011funlu\u011fu de\u011fil. En b\u00fcy\u00fck korku ise can kayb\u0131 ihtimali. B\u00f6lge halk\u0131 a\u00e7\u0131k soruyor:<\/div>\n<div dir=\"ltr\"><\/div>\n<div>\u201cYar\u0131n bir kaza oldu\u011funda, hayat\u0131n\u0131 kaybeden ya da yaralanan \u00e7ocuklar\u0131m\u0131z\u0131n, gen\u00e7lerimizin hesab\u0131n\u0131 kim verecek?\u201d<\/div>\n<div dir=\"ltr\"><\/div>\n<div dir=\"ltr\">ARSLANK\u00d6Y MUHTARI Z\u00dcLEYHA AY YANLI\u015eTAN D\u00d6NMEL\u0130!<\/div>\n<div dir=\"ltr\"><\/div>\n<div>Tepkilerin oda\u011f\u0131nda ise yerel y\u00f6netim ve mahalle temsilcileri var. Vatanda\u015flar, \u00f6zellikle Arslank\u00f6y Muhtar\u0131 Z\u00fcleyha Ay\u2019a da \u00e7a\u011fr\u0131da bulunarak s\u00fcreci yeniden de\u011ferlendirerek m\u00fcdahil olunmas\u0131n\u0131 istiyor.<\/div>\n<div>Muhtar Z\u00fcleyha Ay&#8217;a &#8220;Bu yanl\u0131\u015ftan d\u00f6n\u00fclmeli\u201d diyen b\u00f6lge halk\u0131, yetkilileri bir kez daha d\u00fc\u015f\u00fcnmeye davet ediyor.<\/div>\n<div>Artan maden faaliyetleri ile birlikte b\u00fcy\u00fcyen risk, yaln\u0131zca bir \u00e7evre meselesi de\u011fil; ayn\u0131 zamanda bir can g\u00fcvenli\u011fi krizi\u00a0olarak kap\u0131da bekliyor.<\/div>\n<div id=\"m_1991383404549400202ms-outlook-mobile-body-separator-line\" dir=\"ltr\">\n<div dir=\"ltr\"><\/div>\n<\/div>\n","protected":false},"excerpt":{"rendered":"<p>Mersin\u2019in k\u0131rsal mahallelerinden Arslank\u00f6y ve T\u0131rtar hatt\u0131nda y\u0131llard\u0131r s\u00fcren maden faaliyetleri, b\u00f6lge halk\u0131n\u0131 bir kez daha aya\u011fa kald\u0131rd\u0131. Demireller firmas\u0131n\u0131n i\u015fletti\u011fi maden sahas\u0131ndan kaynaklanan yo\u011fun kamyon trafi\u011fi zaten tart\u0131\u015fma konusuyken, \u015fimdi de Berus firmas\u0131n\u0131n yeni maden ruhsat\u0131 almas\u0131yla birlikte trafik y\u00fck\u00fcn\u00fcn katlanarak artaca\u011f\u0131 uyar\u0131s\u0131 yap\u0131l\u0131yor. Vatanda\u015flar, \u00f6zellikle T\u0131rtar ile G\u00f6zne aras\u0131ndaki dar ve y\u0131pranm\u0131\u015f yollar\u0131n [&hellip;]<\/p>\n","protected":false},"author":2,"featured_media":131841,"comment_status":"open","ping_status":"open","sticky":false,"template":"","format":"standard","meta":{"footnotes":""},"categories":[8],"tags":[],"class_list":["post-131840","post","type-post","status-publish","format-standard","has-post-thumbnail","hentry","category-mersin"],"views":76,"_links":{"self":[{"href":"https:\/\/mersingazetesi.com\/index.php\/wp-json\/wp\/v2\/posts\/131840","targetHints":{"allow":["GET"]}}],"collection":[{"href":"https:\/\/mersingazetesi.com\/index.php\/wp-json\/wp\/v2\/posts"}],"about":[{"href":"https:\/\/mersingazetesi.com\/index.php\/wp-json\/wp\/v2\/types\/post"}],"author":[{"embeddable":true,"href":"https:\/\/mersingazetesi.com\/index.php\/wp-json\/wp\/v2\/users\/2"}],"replies":[{"embeddable":true,"href":"https:\/\/mersingazetesi.com\/index.php\/wp-json\/wp\/v2\/comments?post=131840"}],"version-history":[{"count":1,"href":"https:\/\/mersingazetesi.com\/index.php\/wp-json\/wp\/v2\/posts\/131840\/revisions"}],"predecessor-version":[{"id":131842,"href":"https:\/\/mersingazetesi.com\/index.php\/wp-json\/wp\/v2\/posts\/131840\/revisions\/131842"}],"wp:featuredmedia":[{"embeddable":true,"href":"https:\/\/mersingazetesi.com\/index.php\/wp-json\/wp\/v2\/media\/131841"}],"wp:attachment":[{"href":"https:\/\/mersingazetesi.com\/index.php\/wp-json\/wp\/v2\/media?parent=131840"}],"wp:term":[{"taxonomy":"category","embeddable":true,"href":"https:\/\/mersingazetesi.com\/index.php\/wp-json\/wp\/v2\/categories?post=131840"},{"taxonomy":"post_tag","embeddable":true,"href":"https:\/\/mersingazetesi.com\/index.php\/wp-json\/wp\/v2\/tags?post=131840"}],"curies":[{"name":"wp","href":"https:\/\/api.w.org\/{rel}","templated":true}]}}