{"id":131829,"date":"2026-04-29T09:40:06","date_gmt":"2026-04-29T06:40:06","guid":{"rendered":"https:\/\/mersingazetesi.com\/?p=131829"},"modified":"2026-04-29T09:40:06","modified_gmt":"2026-04-29T06:40:06","slug":"mersin-marina-gelecegin-denizcileri-ile-bulustu","status":"publish","type":"post","link":"https:\/\/mersingazetesi.com\/index.php\/2026\/04\/29\/mersin-marina-gelecegin-denizcileri-ile-bulustu\/","title":{"rendered":"Mersin Marina Gelece\u011fin Denizcileri ile Bulu\u015ftu"},"content":{"rendered":"<p>\u015eehir marinas\u0131 anlay\u0131\u015f\u0131yla hizmet veren Mersin Marina ile Mersin \u00dcniversitesi Denizcilik Fak\u00fcltesi, akademi ve \u00f6zel sekt\u00f6r\u00fc bir araya getirmeye y\u00f6nelik i\u015f birliklerini s\u00fcrd\u00fcrmeye devam ediyor.<\/p>\n<p>Mersin \u00dcniversitesi Denizcilik Fak\u00fcltesi ve Deniz El\u00e7ileri Toplulu\u011fu taraf\u0131ndan \u201cAkademi Bulu\u015fmas\u0131\u201d kapsam\u0131nda d\u00fczenlenen \u00f6zel oturumda, Mersin Marina M\u00fcd\u00fcr\u00fc Mehmet G\u00fcnaslan ve y\u00f6netim ekibi \u00f6\u011frencilerle bir araya geldi. Teorik e\u011fitimin sekt\u00f6r profesyonellerinin deneyimleriyle desteklendi\u011fi etkinli\u011fin a\u00e7\u0131l\u0131\u015f konu\u015fmas\u0131, Denizcilik Fak\u00fcltesi Dekan\u0131 Prof. Dr. Nur Jale Ece taraf\u0131ndan ger\u00e7ekle\u015ftirildi. Denizcilik Fak\u00fcltesi Konferans Salonu\u2019nda yo\u011fun kat\u0131l\u0131mla ger\u00e7ekle\u015ftirilen oturum, soru-cevap b\u00f6l\u00fcm\u00fcn\u00fcn ard\u0131ndan te\u015fekk\u00fcr belgelerinin takdimiyle sona erdi.<\/p>\n<p>Denizcilik \u0130\u015fletmeleri Y\u00f6netimi B\u00f6l\u00fcm\u00fc Dr. \u00d6\u011fr. \u00dcyesi G\u00f6k\u00e7e Tu\u011fdemir K\u00f6k\u2019\u00fcn y\u00fcr\u00fctt\u00fc\u011f\u00fc \u201cYat\u00e7\u0131l\u0131k ve Marina Y\u00f6netimi\u201d dersi kapsam\u0131nda \u00f6\u011frenciler, Mersin Marina\u2019y\u0131 ziyaret etti. \u00c7ekek sahas\u0131 ve liman b\u00f6lgesinde incelemelerde bulunan \u00f6\u011frenciler; \u00e7ekme-atma operasyonlar\u0131ndan g\u00fcvenli ba\u011flamaya kadar bir\u00e7ok s\u00fcreci yerinde g\u00f6zlemleme f\u0131rsat\u0131 buldu. Ziyaret s\u0131ras\u0131nda uygulama ve i\u015fleyi\u015fe dair sorular\u0131n\u0131 liman ve \u00e7ekek \u015fefine do\u011frudan y\u00f6neltebilen \u00f6\u011frenciler, teorik bilgilerini sahada peki\u015ftirme imk\u00e2n\u0131 elde etti.<\/p>\n","protected":false},"excerpt":{"rendered":"<p>\u015eehir marinas\u0131 anlay\u0131\u015f\u0131yla hizmet veren Mersin Marina ile Mersin \u00dcniversitesi Denizcilik Fak\u00fcltesi, akademi ve \u00f6zel sekt\u00f6r\u00fc bir araya getirmeye y\u00f6nelik i\u015f birliklerini s\u00fcrd\u00fcrmeye devam ediyor. Mersin \u00dcniversitesi Denizcilik Fak\u00fcltesi ve Deniz El\u00e7ileri Toplulu\u011fu taraf\u0131ndan \u201cAkademi Bulu\u015fmas\u0131\u201d kapsam\u0131nda d\u00fczenlenen \u00f6zel oturumda, Mersin Marina M\u00fcd\u00fcr\u00fc Mehmet G\u00fcnaslan ve y\u00f6netim ekibi \u00f6\u011frencilerle bir araya geldi. Teorik e\u011fitimin sekt\u00f6r [&hellip;]<\/p>\n","protected":false},"author":2,"featured_media":131830,"comment_status":"open","ping_status":"open","sticky":false,"template":"","format":"standard","meta":{"footnotes":""},"categories":[1],"tags":[],"class_list":["post-131829","post","type-post","status-publish","format-standard","has-post-thumbnail","hentry","category-gundem"],"views":60,"_links":{"self":[{"href":"https:\/\/mersingazetesi.com\/index.php\/wp-json\/wp\/v2\/posts\/131829","targetHints":{"allow":["GET"]}}],"collection":[{"href":"https:\/\/mersingazetesi.com\/index.php\/wp-json\/wp\/v2\/posts"}],"about":[{"href":"https:\/\/mersingazetesi.com\/index.php\/wp-json\/wp\/v2\/types\/post"}],"author":[{"embeddable":true,"href":"https:\/\/mersingazetesi.com\/index.php\/wp-json\/wp\/v2\/users\/2"}],"replies":[{"embeddable":true,"href":"https:\/\/mersingazetesi.com\/index.php\/wp-json\/wp\/v2\/comments?post=131829"}],"version-history":[{"count":1,"href":"https:\/\/mersingazetesi.com\/index.php\/wp-json\/wp\/v2\/posts\/131829\/revisions"}],"predecessor-version":[{"id":131831,"href":"https:\/\/mersingazetesi.com\/index.php\/wp-json\/wp\/v2\/posts\/131829\/revisions\/131831"}],"wp:featuredmedia":[{"embeddable":true,"href":"https:\/\/mersingazetesi.com\/index.php\/wp-json\/wp\/v2\/media\/131830"}],"wp:attachment":[{"href":"https:\/\/mersingazetesi.com\/index.php\/wp-json\/wp\/v2\/media?parent=131829"}],"wp:term":[{"taxonomy":"category","embeddable":true,"href":"https:\/\/mersingazetesi.com\/index.php\/wp-json\/wp\/v2\/categories?post=131829"},{"taxonomy":"post_tag","embeddable":true,"href":"https:\/\/mersingazetesi.com\/index.php\/wp-json\/wp\/v2\/tags?post=131829"}],"curies":[{"name":"wp","href":"https:\/\/api.w.org\/{rel}","templated":true}]}}