{"id":131817,"date":"2026-04-29T09:33:51","date_gmt":"2026-04-29T06:33:51","guid":{"rendered":"https:\/\/mersingazetesi.com\/?p=131817"},"modified":"2026-04-29T09:33:51","modified_gmt":"2026-04-29T06:33:51","slug":"ozdemirci-liselerde-bilim-uygulamalari-projesi-kapsaminda-duzenlenen-seminere-katildi","status":"publish","type":"post","link":"https:\/\/mersingazetesi.com\/index.php\/2026\/04\/29\/ozdemirci-liselerde-bilim-uygulamalari-projesi-kapsaminda-duzenlenen-seminere-katildi\/","title":{"rendered":"\u00d6ZDEM\u0130RC\u0130, &#8220;L\u0130SELERDE B\u0130L\u0130M UYGULAMALARI PROJES\u0130&#8221; KAPSAMINDA D\u00dcZENLENEN SEM\u0130NERE KATILDI"},"content":{"rendered":"<p>Mill\u00ee E\u011fitim Bakanl\u0131\u011f\u0131 Orta\u00f6\u011fretim Genel M\u00fcd\u00fcrl\u00fc\u011f\u00fcne ba\u011fl\u0131 fen liseleri ve merkezi s\u0131navla \u00f6\u011frenci alan Anadolu liselerinde y\u00fcr\u00fct\u00fclen &#8220;Liselerde Bilim Uygulamalar\u0131 Projesi&#8221; kapsam\u0131nda d\u00fczenlenen il d\u00fczeyi seminer program\u0131, Yusuf Kalkavan Anadolu Lisesinde, \u0130l Mill\u00ee E\u011fitim M\u00fcd\u00fcr\u00fc Muhammed \u00d6zdemirci&#8217;nin kat\u0131l\u0131m\u0131yla ba\u015flad\u0131.<\/p>\n<p>Akademik ba\u015far\u0131y\u0131 bilimsel projelerle ta\u00e7land\u0131rmak amac\u0131yla hayata ge\u00e7irilen projenin a\u00e7\u0131l\u0131\u015f program\u0131nda Muhammed \u00d6zdemirci, gen\u00e7lerin bilimsel d\u00fc\u015f\u00fcnme becerilerini geli\u015ftirmenin T\u00fcrkiye&#8217;nin gelece\u011fi i\u00e7in ta\u015f\u0131d\u0131\u011f\u0131 kritik \u00f6neme dikkat \u00e7ekti.<\/p>\n<p>Konu\u015fmas\u0131nda \u00f6\u011frencilere seslenen \u00d6zdemirci, i\u00e7inde bulunulan \u00e7a\u011f\u0131n h\u0131z ve d\u00f6n\u00fc\u015f\u00fcm \u00e7a\u011f\u0131 oldu\u011funu belirterek, &#8220;Bu \u00e7a\u011fda var olabilmek, sadece bilgiyi t\u00fcketmekle de\u011fil, onu \u00fcretmekle m\u00fcmk\u00fcnd\u00fcr. Bilimsel geli\u015fmeleri yak\u0131ndan takip eden, ele\u015ftirel d\u00fc\u015f\u00fcnebilen ve her alanda zaman\u0131n ruhunu yakalayabilen bireyler olarak yeti\u015fmeniz en b\u00fcy\u00fck temennimizdir.&#8221; dedi.<\/p>\n<p>\u00d6\u011fretmenlerin bu s\u00fcre\u00e7teki rehberlik rol\u00fcne de vurgu yapan \u00d6zdemirci, okullarda y\u00fcr\u00fct\u00fclen her bilimsel \u00e7al\u0131\u015fman\u0131n b\u00fcy\u00fck bir eme\u011fin yans\u0131mas\u0131 oldu\u011funu ifade etti. Konu\u015fmas\u0131nda yeni e\u011fitim modeline de de\u011finen \u00d6zdemirci: &#8220;T\u00fcrkiye Y\u00fczy\u0131l\u0131 vizyonu do\u011frultusunda \u015fekillenen Maarif Modeli, akademik ba\u015far\u0131y\u0131 de\u011ferlerle yo\u011furan, d\u00fc\u015f\u00fcnen ve sorumluluk alan bireyler yeti\u015ftirmeyi esas almaktad\u0131r. Bilimle ahlak\u0131n, bilgiyle hikmetin birle\u015fti\u011fi bu yakla\u015f\u0131m, bizleri daha g\u00fc\u00e7l\u00fc bir gelece\u011fe ta\u015f\u0131yacakt\u0131r.&#8221; ifadelerini kulland\u0131.<\/p>\n<p>Yusuf Kalkavan Anadolu Lisesinde ba\u015flayan seminer program\u0131, g\u00fcn boyu s\u00fcren sunum ve de\u011ferlendirmelerin ard\u0131ndan Akdeniz 75. Y\u0131l Fen Lisesinde yap\u0131lacak kapan\u0131\u015f oturumuyla sona erecek. Program kapsam\u0131nda belirlenen stratejik temalar ise kat\u0131l\u0131mc\u0131lar taraf\u0131ndan yo\u011fun ilgi g\u00f6rd\u00fc:<\/p>\n<p>Yusuf Kalkavan Anadolu Lisesi: Medya ve \u0130leti\u015fim: Giri\u015fimcilik<\/p>\n<p>Akdeniz 75. Y\u0131l Fen Lisesi: Sa\u011fl\u0131kl\u0131 Ya\u015fam ve Beslenme; Yapay Zek\u00e2<\/p>\n<p>Seminer s\u00fcresince payla\u015f\u0131lan proje \u00e7\u0131kt\u0131lar\u0131 ve deneyimlerin, il genelindeki di\u011fer e\u011fitim kurumlar\u0131na da \u00f6rnek te\u015fkil etmesi ve okullar aras\u0131 i\u015f birli\u011fi k\u00fclt\u00fcr\u00fcn\u00fc g\u00fc\u00e7lendirmesi hedefleniyor.<\/p>\n","protected":false},"excerpt":{"rendered":"<p>Mill\u00ee E\u011fitim Bakanl\u0131\u011f\u0131 Orta\u00f6\u011fretim Genel M\u00fcd\u00fcrl\u00fc\u011f\u00fcne ba\u011fl\u0131 fen liseleri ve merkezi s\u0131navla \u00f6\u011frenci alan Anadolu liselerinde y\u00fcr\u00fct\u00fclen &#8220;Liselerde Bilim Uygulamalar\u0131 Projesi&#8221; kapsam\u0131nda d\u00fczenlenen il d\u00fczeyi seminer program\u0131, Yusuf Kalkavan Anadolu Lisesinde, \u0130l Mill\u00ee E\u011fitim M\u00fcd\u00fcr\u00fc Muhammed \u00d6zdemirci&#8217;nin kat\u0131l\u0131m\u0131yla ba\u015flad\u0131. Akademik ba\u015far\u0131y\u0131 bilimsel projelerle ta\u00e7land\u0131rmak amac\u0131yla hayata ge\u00e7irilen projenin a\u00e7\u0131l\u0131\u015f program\u0131nda Muhammed \u00d6zdemirci, gen\u00e7lerin bilimsel d\u00fc\u015f\u00fcnme [&hellip;]<\/p>\n","protected":false},"author":2,"featured_media":131818,"comment_status":"open","ping_status":"open","sticky":false,"template":"","format":"standard","meta":{"footnotes":""},"categories":[1],"tags":[],"class_list":["post-131817","post","type-post","status-publish","format-standard","has-post-thumbnail","hentry","category-gundem"],"views":62,"_links":{"self":[{"href":"https:\/\/mersingazetesi.com\/index.php\/wp-json\/wp\/v2\/posts\/131817","targetHints":{"allow":["GET"]}}],"collection":[{"href":"https:\/\/mersingazetesi.com\/index.php\/wp-json\/wp\/v2\/posts"}],"about":[{"href":"https:\/\/mersingazetesi.com\/index.php\/wp-json\/wp\/v2\/types\/post"}],"author":[{"embeddable":true,"href":"https:\/\/mersingazetesi.com\/index.php\/wp-json\/wp\/v2\/users\/2"}],"replies":[{"embeddable":true,"href":"https:\/\/mersingazetesi.com\/index.php\/wp-json\/wp\/v2\/comments?post=131817"}],"version-history":[{"count":2,"href":"https:\/\/mersingazetesi.com\/index.php\/wp-json\/wp\/v2\/posts\/131817\/revisions"}],"predecessor-version":[{"id":131820,"href":"https:\/\/mersingazetesi.com\/index.php\/wp-json\/wp\/v2\/posts\/131817\/revisions\/131820"}],"wp:featuredmedia":[{"embeddable":true,"href":"https:\/\/mersingazetesi.com\/index.php\/wp-json\/wp\/v2\/media\/131818"}],"wp:attachment":[{"href":"https:\/\/mersingazetesi.com\/index.php\/wp-json\/wp\/v2\/media?parent=131817"}],"wp:term":[{"taxonomy":"category","embeddable":true,"href":"https:\/\/mersingazetesi.com\/index.php\/wp-json\/wp\/v2\/categories?post=131817"},{"taxonomy":"post_tag","embeddable":true,"href":"https:\/\/mersingazetesi.com\/index.php\/wp-json\/wp\/v2\/tags?post=131817"}],"curies":[{"name":"wp","href":"https:\/\/api.w.org\/{rel}","templated":true}]}}