{"id":131810,"date":"2026-04-29T09:31:00","date_gmt":"2026-04-29T06:31:00","guid":{"rendered":"https:\/\/mersingazetesi.com\/?p=131810"},"modified":"2026-04-29T09:31:00","modified_gmt":"2026-04-29T06:31:00","slug":"denizde-cansiz-bedenleri-bulunmustu-iki-arkadastan-birinin-cenazesi-defnedildi","status":"publish","type":"post","link":"https:\/\/mersingazetesi.com\/index.php\/2026\/04\/29\/denizde-cansiz-bedenleri-bulunmustu-iki-arkadastan-birinin-cenazesi-defnedildi\/","title":{"rendered":"Denizde cans\u0131z bedenleri bulunmu\u015ftu: \u0130ki arkada\u015ftan birinin cenazesi defnedildi"},"content":{"rendered":"<p><strong class=\"searchword\">Mersin<\/strong>&#8216;in Silifke il\u00e7esi a\u00e7\u0131klar\u0131nda deniz y\u00fczeyinde bulunan 2 erkek cesediyle ilgili ba\u015flat\u0131lan soru\u015fturma s\u00fcrerken, hayat\u0131n\u0131 kaybedenlerden Halil \u00c7elik&#8217;in cenazesi topra\u011fa verildi.<br \/>\nOlay, d\u00fcn Ta\u015fucu Mahallesine ba\u011fl\u0131 Bo\u011fsak \u015eahin Kayas\u0131 a\u00e7\u0131klar\u0131nda meydana geldi. Edinilen bilgilere g\u00f6re, d\u00fcn 14.20 s\u0131ralar\u0131nda Sahil G\u00fcvenlik Akdeniz B\u00f6lge Komutanl\u0131\u011f\u0131 Harekat Merkezi&#8217;ne, deniz y\u00fczeyinde 2 ki\u015finin hareketsiz halde bulundu\u011fu y\u00f6n\u00fcnde ihbar yap\u0131ld\u0131. \u0130hbar \u00fczerine b\u00f6lgeye sevk edilen sahil g\u00fcvenlik ekipleri k\u0131sa s\u00fcrede olay yerine ula\u015ft\u0131. Deniz y\u00fczeyindeki 2 erkek cesedi ekipler taraf\u0131ndan bota al\u0131narak Silifke Sahil G\u00fcvenlik iskelesine getirildi. Yap\u0131lan incelemelerde hayat\u0131n\u0131 kaybeden ki\u015filerin 69 ya\u015f\u0131ndaki Ak\u0131n Acar ile 66 ya\u015f\u0131ndaki Halil \u00c7elik oldu\u011fu \u00f6\u011frenildi. Cenazeler, kesin \u00f6l\u00fcm nedenlerinin belirlenmesi amac\u0131yla\u00a0<strong class=\"searchword\">Mersin<\/strong>\u00a0Adli T\u0131p Kurumu morguna g\u00f6nderildi.<br \/>\nOlayla ilgili inceleme devam ederken, \u015fah\u0131slar\u0131n denize a\u00e7\u0131ld\u0131klar\u0131 teknenin batt\u0131\u011f\u0131 ihtimali \u00fczerinde duruldu\u011fu, bulunmas\u0131 i\u00e7in b\u00f6lgede \u00e7al\u0131\u015fmalar\u0131n s\u00fcrd\u00fc\u011f\u00fc \u00f6\u011frenildi.<\/p>\n<p>Cenazelerden biri defnedildi<br \/>\nHayat\u0131n\u0131 kaybeden Halil \u00c7elik&#8217;in cenazesi bug\u00fcn ikindi namaz\u0131 sonras\u0131nda Bolacal\u0131koyuncu Mahallesi Mezarl\u0131\u011f\u0131&#8217;nda topra\u011fa verildi. Ak\u0131n Acar&#8217;\u0131n ise yar\u0131n \u00f6\u011fle namaz\u0131na m\u00fcteakip Ta\u015fucu Mezarl\u0131\u011f\u0131&#8217;nda son yolculu\u011funa u\u011furlanaca\u011f\u0131 belirtildi.<br \/>\n\u00d6te yandan Halil \u00c7elik&#8217;in yak\u0131n arkada\u015f\u0131 Mevci Arslan, arkada\u015f\u0131n\u0131n yakla\u015f\u0131k 15 y\u0131ld\u0131r bal\u0131k\u00e7\u0131l\u0131k yapt\u0131\u011f\u0131n\u0131 ve denizi iyi bildi\u011fini s\u00f6yledi. Arslan, &#8220;5 metre uzunlu\u011funda bir tekne alm\u0131\u015ft\u0131. Zaman zaman di\u011fer arkada\u015flar\u0131 ile de bal\u0131\u011fa giderdi. En yak\u0131n arkada\u015f\u0131 Ak\u0131n&#8217;d\u0131. Cumartesi g\u00fcn\u00fc oturduk yemek yedik. D\u00fcn i\u00e7in bal\u0131\u011fa gidece\u011fiz erken d\u00f6neriz dedi. \u015ea\u015f\u0131rd\u0131k. Halil o kadar hava durumunu takip eder ki ben anlamam. \u0130nanam\u0131yoruz. Hi\u00e7 kimse inanam\u0131yor. Bu nas\u0131l olur. Valilik uyar\u0131 yapt\u0131 diyorlar. Tekne yok. Ama bilmiyorum derinli\u011fi ne kadar tekne \u00e7\u0131kar\u0131l\u0131r m\u0131? Benim kendi d\u00fc\u015f\u00fcncem sanki ya kayaya vurdu ya da ba\u015fka bir \u015fey vurmu\u015f olabilir. Durum ac\u0131&#8221; dedi.<\/p>\n","protected":false},"excerpt":{"rendered":"<p>Mersin&#8216;in Silifke il\u00e7esi a\u00e7\u0131klar\u0131nda deniz y\u00fczeyinde bulunan 2 erkek cesediyle ilgili ba\u015flat\u0131lan soru\u015fturma s\u00fcrerken, hayat\u0131n\u0131 kaybedenlerden Halil \u00c7elik&#8217;in cenazesi topra\u011fa verildi. Olay, d\u00fcn Ta\u015fucu Mahallesine ba\u011fl\u0131 Bo\u011fsak \u015eahin Kayas\u0131 a\u00e7\u0131klar\u0131nda meydana geldi. Edinilen bilgilere g\u00f6re, d\u00fcn 14.20 s\u0131ralar\u0131nda Sahil G\u00fcvenlik Akdeniz B\u00f6lge Komutanl\u0131\u011f\u0131 Harekat Merkezi&#8217;ne, deniz y\u00fczeyinde 2 ki\u015finin hareketsiz halde bulundu\u011fu y\u00f6n\u00fcnde ihbar yap\u0131ld\u0131. [&hellip;]<\/p>\n","protected":false},"author":2,"featured_media":131811,"comment_status":"open","ping_status":"open","sticky":false,"template":"","format":"standard","meta":{"footnotes":""},"categories":[1],"tags":[],"class_list":["post-131810","post","type-post","status-publish","format-standard","has-post-thumbnail","hentry","category-gundem"],"views":57,"_links":{"self":[{"href":"https:\/\/mersingazetesi.com\/index.php\/wp-json\/wp\/v2\/posts\/131810","targetHints":{"allow":["GET"]}}],"collection":[{"href":"https:\/\/mersingazetesi.com\/index.php\/wp-json\/wp\/v2\/posts"}],"about":[{"href":"https:\/\/mersingazetesi.com\/index.php\/wp-json\/wp\/v2\/types\/post"}],"author":[{"embeddable":true,"href":"https:\/\/mersingazetesi.com\/index.php\/wp-json\/wp\/v2\/users\/2"}],"replies":[{"embeddable":true,"href":"https:\/\/mersingazetesi.com\/index.php\/wp-json\/wp\/v2\/comments?post=131810"}],"version-history":[{"count":2,"href":"https:\/\/mersingazetesi.com\/index.php\/wp-json\/wp\/v2\/posts\/131810\/revisions"}],"predecessor-version":[{"id":131813,"href":"https:\/\/mersingazetesi.com\/index.php\/wp-json\/wp\/v2\/posts\/131810\/revisions\/131813"}],"wp:featuredmedia":[{"embeddable":true,"href":"https:\/\/mersingazetesi.com\/index.php\/wp-json\/wp\/v2\/media\/131811"}],"wp:attachment":[{"href":"https:\/\/mersingazetesi.com\/index.php\/wp-json\/wp\/v2\/media?parent=131810"}],"wp:term":[{"taxonomy":"category","embeddable":true,"href":"https:\/\/mersingazetesi.com\/index.php\/wp-json\/wp\/v2\/categories?post=131810"},{"taxonomy":"post_tag","embeddable":true,"href":"https:\/\/mersingazetesi.com\/index.php\/wp-json\/wp\/v2\/tags?post=131810"}],"curies":[{"name":"wp","href":"https:\/\/api.w.org\/{rel}","templated":true}]}}