{"id":131807,"date":"2026-04-29T09:30:12","date_gmt":"2026-04-29T06:30:12","guid":{"rendered":"https:\/\/mersingazetesi.com\/?p=131807"},"modified":"2026-04-29T09:30:12","modified_gmt":"2026-04-29T06:30:12","slug":"sohbet-masasina-dusen-davetsiz-misafir-kisa-sureli-panige-neden-oldu","status":"publish","type":"post","link":"https:\/\/mersingazetesi.com\/index.php\/2026\/04\/29\/sohbet-masasina-dusen-davetsiz-misafir-kisa-sureli-panige-neden-oldu\/","title":{"rendered":"Sohbet masas\u0131na d\u00fc\u015fen davetsiz misafir k\u0131sa s\u00fcreli pani\u011fe neden oldu"},"content":{"rendered":"<p>Mersin&#8217;in Tarsus il\u00e7esinde bir emlak\u00e7\u0131 d\u00fckkan\u0131 \u00f6n\u00fcnde oturan vatanda\u015flar, kar\u015f\u0131 binan\u0131n 5. kat\u0131ndan u\u00e7an tavu\u011fun masalar\u0131na d\u00fc\u015fmesiyle k\u0131sa s\u00fcreli panik ya\u015fad\u0131. O anlar g\u00fcvenlik kameras\u0131na yans\u0131d\u0131.<br \/>\nOlay, \u00d6\u011fretmenler Mahallesi 2907 Sokak&#8217;ta meydana geldi. Edinilen bilgiye g\u00f6re, sokak \u00fczerindeki bir emlak\u00e7\u0131 d\u00fckkan\u0131 \u00f6n\u00fcnde oturan vatanda\u015flar \u00e7ay i\u00e7ip sohbet etti\u011fi s\u0131rada, kar\u015f\u0131 binan\u0131n \u00fcst katlar\u0131ndan bir tavuk aniden u\u00e7arak grubun bulundu\u011fu masaya do\u011fru y\u00f6neldi.<br \/>\nG\u00fcvenlik kameras\u0131 g\u00f6r\u00fcnt\u00fclerine yans\u0131yan olayda, tavu\u011fun 5. kattan u\u00e7arak masaya d\u00fc\u015ft\u00fc\u011f\u00fc, bu s\u0131rada masa etraf\u0131nda bulunan vatanda\u015flar\u0131n panikle yerlerinden kalkt\u0131klar\u0131 g\u00f6r\u00fcld\u00fc. K\u0131sa s\u00fcreli \u015fa\u015fk\u0131nl\u0131k ya\u015fayan vatanda\u015flar\u0131n, olay\u0131n ard\u0131ndan g\u00fclerek birbirlerine ne oldu\u011funu sormas\u0131 da dikkat \u00e7ekti.<br \/>\nHerhangi bir yaralanman\u0131n ya\u015fanmad\u0131\u011f\u0131 olayda, tavu\u011fun d\u00fc\u015f\u00fc\u015f\u00fc ve vatanda\u015flar\u0131n verdi\u011fi tepki \u00e7evrede ilgin\u00e7 anlar\u0131n ya\u015fanmas\u0131na neden oldu.<br \/>\nOlay an\u0131n\u0131 anlatan emlak\u00e7\u0131 Erkan \u00c7a\u011f, arkada\u015flar\u0131yla \u00e7ay i\u00e7ip sohbet ettikleri s\u0131rada yukar\u0131dan bir tavu\u011fun \u00fczerlerine u\u00e7tu\u011funu belirterek, &#8220;O an tabi korktuk ve haliyle tedirgin olduk. Bakt\u0131k sonra kar\u015f\u0131 apartman\u0131n dam\u0131ndan u\u00e7mu\u015f. Sahibi bize, &#8216;Bizim tavuk u\u00e7tu&#8217; diyerek el sall\u0131yordu&#8221; dedi.<\/p>\n","protected":false},"excerpt":{"rendered":"<p>Mersin&#8217;in Tarsus il\u00e7esinde bir emlak\u00e7\u0131 d\u00fckkan\u0131 \u00f6n\u00fcnde oturan vatanda\u015flar, kar\u015f\u0131 binan\u0131n 5. kat\u0131ndan u\u00e7an tavu\u011fun masalar\u0131na d\u00fc\u015fmesiyle k\u0131sa s\u00fcreli panik ya\u015fad\u0131. O anlar g\u00fcvenlik kameras\u0131na yans\u0131d\u0131. Olay, \u00d6\u011fretmenler Mahallesi 2907 Sokak&#8217;ta meydana geldi. Edinilen bilgiye g\u00f6re, sokak \u00fczerindeki bir emlak\u00e7\u0131 d\u00fckkan\u0131 \u00f6n\u00fcnde oturan vatanda\u015flar \u00e7ay i\u00e7ip sohbet etti\u011fi s\u0131rada, kar\u015f\u0131 binan\u0131n \u00fcst katlar\u0131ndan bir tavuk [&hellip;]<\/p>\n","protected":false},"author":2,"featured_media":131808,"comment_status":"open","ping_status":"open","sticky":false,"template":"","format":"standard","meta":{"footnotes":""},"categories":[1],"tags":[],"class_list":["post-131807","post","type-post","status-publish","format-standard","has-post-thumbnail","hentry","category-gundem"],"views":62,"_links":{"self":[{"href":"https:\/\/mersingazetesi.com\/index.php\/wp-json\/wp\/v2\/posts\/131807","targetHints":{"allow":["GET"]}}],"collection":[{"href":"https:\/\/mersingazetesi.com\/index.php\/wp-json\/wp\/v2\/posts"}],"about":[{"href":"https:\/\/mersingazetesi.com\/index.php\/wp-json\/wp\/v2\/types\/post"}],"author":[{"embeddable":true,"href":"https:\/\/mersingazetesi.com\/index.php\/wp-json\/wp\/v2\/users\/2"}],"replies":[{"embeddable":true,"href":"https:\/\/mersingazetesi.com\/index.php\/wp-json\/wp\/v2\/comments?post=131807"}],"version-history":[{"count":1,"href":"https:\/\/mersingazetesi.com\/index.php\/wp-json\/wp\/v2\/posts\/131807\/revisions"}],"predecessor-version":[{"id":131809,"href":"https:\/\/mersingazetesi.com\/index.php\/wp-json\/wp\/v2\/posts\/131807\/revisions\/131809"}],"wp:featuredmedia":[{"embeddable":true,"href":"https:\/\/mersingazetesi.com\/index.php\/wp-json\/wp\/v2\/media\/131808"}],"wp:attachment":[{"href":"https:\/\/mersingazetesi.com\/index.php\/wp-json\/wp\/v2\/media?parent=131807"}],"wp:term":[{"taxonomy":"category","embeddable":true,"href":"https:\/\/mersingazetesi.com\/index.php\/wp-json\/wp\/v2\/categories?post=131807"},{"taxonomy":"post_tag","embeddable":true,"href":"https:\/\/mersingazetesi.com\/index.php\/wp-json\/wp\/v2\/tags?post=131807"}],"curies":[{"name":"wp","href":"https:\/\/api.w.org\/{rel}","templated":true}]}}