{"id":131802,"date":"2026-04-28T16:59:49","date_gmt":"2026-04-28T13:59:49","guid":{"rendered":"https:\/\/mersingazetesi.com\/?p=131802"},"modified":"2026-04-28T16:59:49","modified_gmt":"2026-04-28T13:59:49","slug":"uysaldan-mersin-icin-birlik-mesaji-tarim-uretim-ve-2b-sorunlari-ankarada-masaya-yatirildi","status":"publish","type":"post","link":"https:\/\/mersingazetesi.com\/index.php\/2026\/04\/28\/uysaldan-mersin-icin-birlik-mesaji-tarim-uretim-ve-2b-sorunlari-ankarada-masaya-yatirildi\/","title":{"rendered":"Uysal\u2019dan Mersin \u0130\u00e7in Birlik Mesaj\u0131:  Tar\u0131m, \u00dcretim ve 2B Sorunlar\u0131 Ankara\u2019da Masaya Yat\u0131r\u0131ld\u0131"},"content":{"rendered":"<p><strong>MHP Mersin Milletvekili ve MYK \u00dcyesi Dr. Levent Uysal, Mezitli Davultepe\u2019de \u00fcretim yapan vatanda\u015flarla birlikte Tar\u0131m ve Orman Bakanl\u0131\u011f\u0131\u2019nda \u00f6nemli temaslarda bulundu. G\u00f6r\u00fc\u015fmede Mersin\u2019in tar\u0131m, \u00fcretim, sulama ve 2B arazilerine ili\u015fkin talepleri g\u00fcndeme ta\u015f\u0131nd\u0131.<\/strong><\/p>\n<p>Milliyet\u00e7i Hareket Partisi Mersin Milletvekili ve MYK \u00dcyesi Dr. Levent Uysal, Mezitli Davultepe mevkisinde \u00fcretimle u\u011fra\u015fan vatanda\u015flarla birlikte Tar\u0131m ve Orman Bakan Yard\u0131mc\u0131s\u0131 Abdulkadir Polat ve Orman Genel M\u00fcd\u00fcr\u00fc Bekir Karacabey\u2019i ziyaret etti.<\/p>\n<p>Ger\u00e7ekle\u015ftirilen g\u00f6r\u00fc\u015fmede, ba\u015fta Mezitli olmak \u00fczere Mersin genelinde g\u00fcndemde olan orman vasf\u0131n\u0131 yitirmi\u015f 2B arazilerinin mevcut durumu, \u00fcreticilerin talepleri ve sahada ya\u015fanan sorunlar ele al\u0131nd\u0131.<\/p>\n<p>Milletvekili Uysal, ziyarete ili\u015fkin yapt\u0131\u011f\u0131 a\u00e7\u0131klamada, Mersin\u2019in taleplerini Ankara\u2019da ilgili kurumlara aktard\u0131klar\u0131n\u0131 belirterek \u015fu ifadeleri kulland\u0131:<\/p>\n<p>\u201cTar\u0131m ve Orman Bakan Yard\u0131mc\u0131m\u0131z Say\u0131n Abdulkadir Polat Beyefendiyi ve Orman Genel M\u00fcd\u00fcr\u00fcm\u00fcz Say\u0131n Bekir Karacabey Beyefendiyi ziyaret ederek kentimizin taleplerini ilettik. Mersin ili genelinde 2B vasf\u0131 ta\u015f\u0131yan orman arazilerinde kesim ve y\u0131k\u0131m i\u015flemleri yap\u0131lmaktad\u0131r. \u0130\u00e7inde bulundu\u011fumuz d\u00f6nemde araziler ekili oldu\u011fu i\u00e7in bu i\u015flemlere belirli bir s\u00fcre ara verilmesini talep ettik.\u201d<\/p>\n<p>G\u00f6r\u00fc\u015fmede, Mersin\u2019de yo\u011fun \u015fekilde bulunan 2B arazilerinin mevcut kullan\u0131c\u0131lar\u0131na sat\u0131\u015f s\u00fcrecinin h\u0131zland\u0131r\u0131lmas\u0131 ve Tar\u0131m ve Orman Bakanl\u0131\u011f\u0131\u2019n\u0131n bu s\u00fcrece destek vermesi talebi de g\u00fcndeme getirildi. Ayr\u0131ca \u00c7evre, \u015eehircilik ve \u0130klim De\u011fi\u015fikli\u011fi Bakanl\u0131\u011f\u0131 taraf\u0131ndan yap\u0131lan d\u00fczenlemeler do\u011frultusunda sahadaki uygulamalar\u0131n g\u00fc\u00e7lendirilmesi gerekti\u011fi vurguland\u0131.<\/p>\n<p>\u00c7ukurova genelinde etkisini art\u0131ran zirai don olaylar\u0131n\u0131n \u00fcreticiler \u00fczerinde olu\u015fturdu\u011fu y\u00fck de toplant\u0131n\u0131n \u00f6nemli ba\u015fl\u0131klar\u0131 aras\u0131nda yer ald\u0131. Bu kapsamda \u00e7ift\u00e7ilere y\u00f6nelik indirimli elektrik ve su temini uygulamalar\u0131n\u0131n yeniden de\u011ferlendirilmesi talep edildi.<\/p>\n<p>Kad\u0131n ve gen\u00e7 \u00e7ift\u00e7ilerin k\u0131rsalda \u00fcretime daha g\u00fc\u00e7l\u00fc \u015fekilde kat\u0131lmas\u0131n\u0131 sa\u011flayacak destek programlar\u0131n\u0131n geni\u015fletilmesi gerekti\u011fine dikkat \u00e7eken Uysal, Mersin\u2019in pilot il olarak se\u00e7ildi\u011fi Bitki Re\u00e7etesi uygulamas\u0131nda personel, ekipman ve lojistik deste\u011fin art\u0131r\u0131lmas\u0131n\u0131n \u00f6nemini de ifade etti.<\/p>\n<p>Sulama altyap\u0131s\u0131na y\u00f6nelik talepler kapsam\u0131nda ise Mut ve G\u00fclnar il\u00e7elerinde faaliyet g\u00f6steren sulama kooperatiflerinin daha etkin hale getirilmesi i\u00e7in Devlet Su \u0130\u015fleri taraf\u0131ndan yap\u0131lan sulama tesislerinin i\u015fletmesinin kooperatiflere devredilmesi talep edildi.<\/p>\n<p>Milletvekili Uysal ayr\u0131ca, Alata Bah\u00e7e K\u00fclt\u00fcrleri Ara\u015ft\u0131rma Enstit\u00fcs\u00fc\u2019n\u00fcn turun\u00e7gillerde g\u00f6r\u00fclen hastal\u0131klarla m\u00fccadelede kritik bir role sahip oldu\u011funu belirterek, kuruma daha fazla maddi ve teknik destek sa\u011flanmas\u0131n\u0131n Mersin tar\u0131m\u0131na \u00f6nemli katk\u0131lar sunaca\u011f\u0131n\u0131 kaydetti.<\/p>\n<p>G\u00f6r\u00fc\u015fmede Anamur\u2019da tar\u0131m arazilerini etkileyen tuzlanma sorunu da g\u00fcndeme getirildi. \u00dcretimin s\u00fcrd\u00fcr\u00fclebilirli\u011fi a\u00e7\u0131s\u0131ndan gerekli teknik \u00e7al\u0131\u015fmalar\u0131n h\u0131zland\u0131r\u0131lmas\u0131 gerekti\u011fi ifade edildi.<\/p>\n<p>Dr. Levent Uysal, Mersin\u2019in tar\u0131msal \u00fcretim g\u00fcc\u00fcn\u00fc korumak ve \u00fcreticilerin sahadaki sorunlar\u0131na \u00e7\u00f6z\u00fcm \u00fcretmek i\u00e7in ilgili bakanl\u0131klar nezdinde giri\u015fimlerini s\u00fcrd\u00fcreceklerini vurgulad\u0131.<\/p>\n","protected":false},"excerpt":{"rendered":"<p>MHP Mersin Milletvekili ve MYK \u00dcyesi Dr. Levent Uysal, Mezitli Davultepe\u2019de \u00fcretim yapan vatanda\u015flarla birlikte Tar\u0131m ve Orman Bakanl\u0131\u011f\u0131\u2019nda \u00f6nemli temaslarda bulundu. G\u00f6r\u00fc\u015fmede Mersin\u2019in tar\u0131m, \u00fcretim, sulama ve 2B arazilerine ili\u015fkin talepleri g\u00fcndeme ta\u015f\u0131nd\u0131. Milliyet\u00e7i Hareket Partisi Mersin Milletvekili ve MYK \u00dcyesi Dr. Levent Uysal, Mezitli Davultepe mevkisinde \u00fcretimle u\u011fra\u015fan vatanda\u015flarla birlikte Tar\u0131m ve Orman [&hellip;]<\/p>\n","protected":false},"author":2,"featured_media":109495,"comment_status":"open","ping_status":"open","sticky":false,"template":"","format":"standard","meta":{"footnotes":""},"categories":[1],"tags":[],"class_list":["post-131802","post","type-post","status-publish","format-standard","has-post-thumbnail","hentry","category-gundem"],"views":96,"_links":{"self":[{"href":"https:\/\/mersingazetesi.com\/index.php\/wp-json\/wp\/v2\/posts\/131802","targetHints":{"allow":["GET"]}}],"collection":[{"href":"https:\/\/mersingazetesi.com\/index.php\/wp-json\/wp\/v2\/posts"}],"about":[{"href":"https:\/\/mersingazetesi.com\/index.php\/wp-json\/wp\/v2\/types\/post"}],"author":[{"embeddable":true,"href":"https:\/\/mersingazetesi.com\/index.php\/wp-json\/wp\/v2\/users\/2"}],"replies":[{"embeddable":true,"href":"https:\/\/mersingazetesi.com\/index.php\/wp-json\/wp\/v2\/comments?post=131802"}],"version-history":[{"count":1,"href":"https:\/\/mersingazetesi.com\/index.php\/wp-json\/wp\/v2\/posts\/131802\/revisions"}],"predecessor-version":[{"id":131803,"href":"https:\/\/mersingazetesi.com\/index.php\/wp-json\/wp\/v2\/posts\/131802\/revisions\/131803"}],"wp:featuredmedia":[{"embeddable":true,"href":"https:\/\/mersingazetesi.com\/index.php\/wp-json\/wp\/v2\/media\/109495"}],"wp:attachment":[{"href":"https:\/\/mersingazetesi.com\/index.php\/wp-json\/wp\/v2\/media?parent=131802"}],"wp:term":[{"taxonomy":"category","embeddable":true,"href":"https:\/\/mersingazetesi.com\/index.php\/wp-json\/wp\/v2\/categories?post=131802"},{"taxonomy":"post_tag","embeddable":true,"href":"https:\/\/mersingazetesi.com\/index.php\/wp-json\/wp\/v2\/tags?post=131802"}],"curies":[{"name":"wp","href":"https:\/\/api.w.org\/{rel}","templated":true}]}}