{"id":131793,"date":"2026-04-28T16:18:38","date_gmt":"2026-04-28T13:18:38","guid":{"rendered":"https:\/\/mersingazetesi.com\/?p=131793"},"modified":"2026-04-28T16:18:38","modified_gmt":"2026-04-28T13:18:38","slug":"mersinde-de-adalet-cagrisi-anne-balciktan-yetkililere-ses","status":"publish","type":"post","link":"https:\/\/mersingazetesi.com\/index.php\/2026\/04\/28\/mersinde-de-adalet-cagrisi-anne-balciktan-yetkililere-ses\/","title":{"rendered":"MERS\u0130N\u2019DE DE \u201cADALET\u201d \u00c7A\u011eRISI:   ANNE BALCIK\u2019TAN YETK\u0130L\u0130LERE SES"},"content":{"rendered":"<p>Mersin\u2019in Silifke il\u00e7esinde ya\u015fayan Arife Balc\u0131k, k\u0131z\u0131n\u0131n \u00f6l\u00fcm\u00fcyle ilgili \u00e7arp\u0131c\u0131 iddialar ortaya koyarak adalet \u00e7a\u011fr\u0131s\u0131nda bulundu. Anne Balc\u0131k, k\u0131z\u0131 Arife\u2019nin y\u00fcksek dozda uyu\u015fturucu verilerek istismara u\u011frad\u0131\u011f\u0131n\u0131 ve ard\u0131ndan u\u00e7urumdan at\u0131larak hayat\u0131n\u0131 kaybetti\u011fini \u00f6ne s\u00fcrd\u00fc.<\/p>\n<p>Ac\u0131l\u0131 anne, k\u0131z\u0131n\u0131n bedeninde darp ve \u0131s\u0131r\u0131k izleri bulundu\u011funu iddia ederken, olay\u0131n \u00fczerinin \u00f6rt\u00fclmeye \u00e7al\u0131\u015f\u0131ld\u0131\u011f\u0131n\u0131 savundu. Balc\u0131k, sorumlular\u0131n \u201cn\u00fcfuzlu ki\u015filer\u201d taraf\u0131ndan korundu\u011funu ileri s\u00fcrerek dosyan\u0131n kapat\u0131lmamas\u0131n\u0131 ve t\u00fcm y\u00f6nleriyle soru\u015fturulmas\u0131n\u0131 istedi.<\/p>\n<p>\u201cKimsesizim, yetim k\u0131z\u0131ma adalet istiyorum\u201d s\u00f6zleriyle Recep Tayyip Erdo\u011fan ba\u015fta olmak \u00fczere yetkililere ve kamuoyuna seslenen anne, ger\u00e7ek faillerin ortaya \u00e7\u0131kar\u0131lmas\u0131n\u0131 talep etti.<\/p>\n<p>Olayla ilgili resmi makamlarca y\u00fcr\u00fct\u00fclen soru\u015fturman\u0131n s\u00fcrd\u00fc\u011f\u00fc \u00f6\u011frenilirken, kamuoyunda da adaletin sa\u011flanmas\u0131 y\u00f6n\u00fcnde \u00e7a\u011fr\u0131lar y\u00fckseliyor.<\/p>\n","protected":false},"excerpt":{"rendered":"<p>Mersin\u2019in Silifke il\u00e7esinde ya\u015fayan Arife Balc\u0131k, k\u0131z\u0131n\u0131n \u00f6l\u00fcm\u00fcyle ilgili \u00e7arp\u0131c\u0131 iddialar ortaya koyarak adalet \u00e7a\u011fr\u0131s\u0131nda bulundu. Anne Balc\u0131k, k\u0131z\u0131 Arife\u2019nin y\u00fcksek dozda uyu\u015fturucu verilerek istismara u\u011frad\u0131\u011f\u0131n\u0131 ve ard\u0131ndan u\u00e7urumdan at\u0131larak hayat\u0131n\u0131 kaybetti\u011fini \u00f6ne s\u00fcrd\u00fc. Ac\u0131l\u0131 anne, k\u0131z\u0131n\u0131n bedeninde darp ve \u0131s\u0131r\u0131k izleri bulundu\u011funu iddia ederken, olay\u0131n \u00fczerinin \u00f6rt\u00fclmeye \u00e7al\u0131\u015f\u0131ld\u0131\u011f\u0131n\u0131 savundu. Balc\u0131k, sorumlular\u0131n \u201cn\u00fcfuzlu ki\u015filer\u201d taraf\u0131ndan [&hellip;]<\/p>\n","protected":false},"author":2,"featured_media":131794,"comment_status":"open","ping_status":"open","sticky":false,"template":"","format":"standard","meta":{"footnotes":""},"categories":[2],"tags":[],"class_list":["post-131793","post","type-post","status-publish","format-standard","has-post-thumbnail","hentry","category-kadin"],"views":87,"_links":{"self":[{"href":"https:\/\/mersingazetesi.com\/index.php\/wp-json\/wp\/v2\/posts\/131793","targetHints":{"allow":["GET"]}}],"collection":[{"href":"https:\/\/mersingazetesi.com\/index.php\/wp-json\/wp\/v2\/posts"}],"about":[{"href":"https:\/\/mersingazetesi.com\/index.php\/wp-json\/wp\/v2\/types\/post"}],"author":[{"embeddable":true,"href":"https:\/\/mersingazetesi.com\/index.php\/wp-json\/wp\/v2\/users\/2"}],"replies":[{"embeddable":true,"href":"https:\/\/mersingazetesi.com\/index.php\/wp-json\/wp\/v2\/comments?post=131793"}],"version-history":[{"count":1,"href":"https:\/\/mersingazetesi.com\/index.php\/wp-json\/wp\/v2\/posts\/131793\/revisions"}],"predecessor-version":[{"id":131795,"href":"https:\/\/mersingazetesi.com\/index.php\/wp-json\/wp\/v2\/posts\/131793\/revisions\/131795"}],"wp:featuredmedia":[{"embeddable":true,"href":"https:\/\/mersingazetesi.com\/index.php\/wp-json\/wp\/v2\/media\/131794"}],"wp:attachment":[{"href":"https:\/\/mersingazetesi.com\/index.php\/wp-json\/wp\/v2\/media?parent=131793"}],"wp:term":[{"taxonomy":"category","embeddable":true,"href":"https:\/\/mersingazetesi.com\/index.php\/wp-json\/wp\/v2\/categories?post=131793"},{"taxonomy":"post_tag","embeddable":true,"href":"https:\/\/mersingazetesi.com\/index.php\/wp-json\/wp\/v2\/tags?post=131793"}],"curies":[{"name":"wp","href":"https:\/\/api.w.org\/{rel}","templated":true}]}}