{"id":131787,"date":"2026-04-28T15:08:26","date_gmt":"2026-04-28T12:08:26","guid":{"rendered":"https:\/\/mersingazetesi.com\/?p=131787"},"modified":"2026-04-28T15:08:26","modified_gmt":"2026-04-28T12:08:26","slug":"isciler-1-mayista-sokakta","status":"publish","type":"post","link":"https:\/\/mersingazetesi.com\/index.php\/2026\/04\/28\/isciler-1-mayista-sokakta\/","title":{"rendered":"\u0130\u015e\u00c7\u0130LER 1 MAYIS&#8217;TA SOKAKTA"},"content":{"rendered":"<p class=\"lead text-lg-start text-dark my-2 description\">D\u0130SK Genel-\u0130\u015f Mersin \u015eubesi 1 May\u0131s\u2019ta Mersin halk\u0131n\u0131 dayan\u0131\u015fmaya davet etti. D\u0130SK Genel-\u0130\u015f Mersin \u015eube Ba\u015fkan\u0131 Kemal G\u00f6ksoy, \u201cY\u0131llardan beri 1 May\u0131s, Mersin Emek ve Demokrasi Platformu<i>\u00a0<\/i>bile\u015fenleri ile ortak yap\u0131l\u0131r. Bu y\u0131l da yine 1 May\u0131s\u2019\u0131 Mersin Emek ve Demokrasi Platformu bile\u015fenleri ile ortak kutlayaca\u011f\u0131z ve bu y\u0131l 1 May\u0131s saat 13.30\u2019da Millet Bah\u00e7esi, eski Tevfik S\u0131rr\u0131 G\u00fcr Stadyumu yan\u0131nda toplanaca\u011f\u0131z. 14.30\u2019da y\u00fcr\u00fcy\u00fc\u015f kortejiyle sahil yolundan Cumhuriyet Meydan\u0131\u2019na gelece\u011fiz ve Cumhuriyet Meydan\u0131\u2019nda, 15:30\u2019da konu\u015fmalar\u0131n ard\u0131ndan Ali Altay konseri ile sonland\u0131raca\u011f\u0131z\u201d dedi.<\/p>\n<p>G\u00f6ksoy, taleplerin kar\u015f\u0131lanmad\u0131k\u00e7a \u00f6rg\u00fctlenme ihtiyac\u0131n\u0131n daha da b\u00fcy\u00fcd\u00fc\u011f\u00fcn\u00fcn alt\u0131n\u0131 \u00e7izerek, \u201cT\u00fcrkiye genelinde D\u0130SK\u2019e ba\u011fl\u0131 sendikalar, b\u00fct\u00fcn i\u015f yerlerinde g\u00fc\u00e7l\u00fc bir \u00f6rg\u00fctlenme \u00e7al\u0131\u015fmas\u0131 ile afi\u015f ve bildirileri as\u0131yoruz. \u00d6rg\u00fctl\u00fc oldu\u011fumuz b\u00fct\u00fcn belediyelerde, i\u015f yerlerinde en g\u00fc\u00e7l\u00fc kat\u0131l\u0131m\u0131 sa\u011flayarak, taleplerimizi en g\u00fc\u00e7l\u00fc \u015fekilde hayk\u0131raca\u011f\u0131z. Asgari \u00fccret d\u00fczensizli\u011fine kar\u015f\u0131, i\u015fsizli\u011fe, yoksullu\u011fa kar\u015f\u0131, vergi adaletsizli\u011fine ve y\u00fcklerine kar\u015f\u0131 biz sesimizi en y\u00fcksek sesle duyuraca\u011f\u0131z ve bu sesi duyurabilmek i\u00e7in de \u00f6rg\u00fctl\u00fc oldu\u011fumuz b\u00fct\u00fcn i\u015f yerlerinde en g\u00fc\u00e7l\u00fc kat\u0131l\u0131m sa\u011flamak i\u00e7in arkada\u015flar\u0131m\u0131z, i\u015f yeri temsilcilerimiz, y\u00f6neticilerimiz sokaklarda alanlarda, i\u015f yerlerinde birim birim gezip \u00f6rg\u00fctlenme yap\u0131yoruz. Bu sene daha co\u015fkulu, daha kitlesel bir kat\u0131l\u0131m bekliyoruz. Bizim istem ve taleplerimiz kar\u015f\u0131lanmad\u0131k\u00e7a, bast\u0131r\u0131ld\u0131\u011f\u0131 s\u00fcrece, bizim \u00f6rg\u00fctlenme ihtiyac\u0131m\u0131z daha fazla do\u011fuyor. Sokaklara \u00e7\u0131kma, hak talep etme ihtiyac\u0131m\u0131z daha fazla do\u011fuyor. Bu haklar\u0131m\u0131z\u0131 talep etmek i\u00e7in g\u00fc\u00e7l\u00fc bir kitlesel kat\u0131l\u0131mla daha y\u00fcksek say\u0131da 1 May\u0131s\u2019ta alanlarda olaca\u011f\u0131z.\u201d \u015feklinde konu\u015ftu.<\/p>\n","protected":false},"excerpt":{"rendered":"<p>D\u0130SK Genel-\u0130\u015f Mersin \u015eubesi 1 May\u0131s\u2019ta Mersin halk\u0131n\u0131 dayan\u0131\u015fmaya davet etti. D\u0130SK Genel-\u0130\u015f Mersin \u015eube Ba\u015fkan\u0131 Kemal G\u00f6ksoy, \u201cY\u0131llardan beri 1 May\u0131s, Mersin Emek ve Demokrasi Platformu\u00a0bile\u015fenleri ile ortak yap\u0131l\u0131r. Bu y\u0131l da yine 1 May\u0131s\u2019\u0131 Mersin Emek ve Demokrasi Platformu bile\u015fenleri ile ortak kutlayaca\u011f\u0131z ve bu y\u0131l 1 May\u0131s saat 13.30\u2019da Millet Bah\u00e7esi, eski [&hellip;]<\/p>\n","protected":false},"author":2,"featured_media":131788,"comment_status":"open","ping_status":"open","sticky":false,"template":"","format":"standard","meta":{"footnotes":""},"categories":[1],"tags":[],"class_list":["post-131787","post","type-post","status-publish","format-standard","has-post-thumbnail","hentry","category-gundem"],"views":97,"_links":{"self":[{"href":"https:\/\/mersingazetesi.com\/index.php\/wp-json\/wp\/v2\/posts\/131787","targetHints":{"allow":["GET"]}}],"collection":[{"href":"https:\/\/mersingazetesi.com\/index.php\/wp-json\/wp\/v2\/posts"}],"about":[{"href":"https:\/\/mersingazetesi.com\/index.php\/wp-json\/wp\/v2\/types\/post"}],"author":[{"embeddable":true,"href":"https:\/\/mersingazetesi.com\/index.php\/wp-json\/wp\/v2\/users\/2"}],"replies":[{"embeddable":true,"href":"https:\/\/mersingazetesi.com\/index.php\/wp-json\/wp\/v2\/comments?post=131787"}],"version-history":[{"count":1,"href":"https:\/\/mersingazetesi.com\/index.php\/wp-json\/wp\/v2\/posts\/131787\/revisions"}],"predecessor-version":[{"id":131789,"href":"https:\/\/mersingazetesi.com\/index.php\/wp-json\/wp\/v2\/posts\/131787\/revisions\/131789"}],"wp:featuredmedia":[{"embeddable":true,"href":"https:\/\/mersingazetesi.com\/index.php\/wp-json\/wp\/v2\/media\/131788"}],"wp:attachment":[{"href":"https:\/\/mersingazetesi.com\/index.php\/wp-json\/wp\/v2\/media?parent=131787"}],"wp:term":[{"taxonomy":"category","embeddable":true,"href":"https:\/\/mersingazetesi.com\/index.php\/wp-json\/wp\/v2\/categories?post=131787"},{"taxonomy":"post_tag","embeddable":true,"href":"https:\/\/mersingazetesi.com\/index.php\/wp-json\/wp\/v2\/tags?post=131787"}],"curies":[{"name":"wp","href":"https:\/\/api.w.org\/{rel}","templated":true}]}}