{"id":131784,"date":"2026-04-28T15:03:39","date_gmt":"2026-04-28T12:03:39","guid":{"rendered":"https:\/\/mersingazetesi.com\/?p=131784"},"modified":"2026-04-28T15:03:39","modified_gmt":"2026-04-28T12:03:39","slug":"sadettin-saran-6-7-haziran-tarihlerinde-olaganustu-secimli-genel-kurulu-gerceklestirecegiz","status":"publish","type":"post","link":"https:\/\/mersingazetesi.com\/index.php\/2026\/04\/28\/sadettin-saran-6-7-haziran-tarihlerinde-olaganustu-secimli-genel-kurulu-gerceklestirecegiz\/","title":{"rendered":"Sadettin Saran: &#8220;6-7 Haziran tarihlerinde Ola\u011fan\u00fcst\u00fc Se\u00e7imli Genel Kurulu ger\u00e7ekle\u015ftirece\u011fiz&#8221;"},"content":{"rendered":"<p>Fenerbah\u00e7e Ba\u015fkan\u0131 Sadettin\u00a0<strong class=\"searchword\">Saran<\/strong>, yapt\u0131\u011f\u0131 yaz\u0131l\u0131 a\u00e7\u0131klamada camiaya verilen s\u00f6z do\u011frultusunda 6-7 Haziran tarihlerinde Ola\u011fan\u00fcst\u00fc Se\u00e7imli Genel Kurulu ger\u00e7ekle\u015ftirilece\u011fini camian\u0131n bilgisine sundu\u011funu a\u00e7\u0131klad\u0131.<br \/>\nFenerbah\u00e7e Ba\u015fkan\u0131 Sadettin\u00a0<strong class=\"searchword\">Saran<\/strong>, yapt\u0131\u011f\u0131 yaz\u0131l\u0131 a\u00e7\u0131klama \u015fu \u015fekilde:<br \/>\n&#8220;Fenerbah\u00e7emizin her bir ferdine, kalbi bu arma i\u00e7in atan camiam\u0131za, bug\u00fcn sizlere sadece bir ba\u015fkan olarak de\u011fil, bu camian\u0131n bir evlad\u0131 olarak sesleniyorum. G\u00f6reve talip oldu\u011fumuz g\u00fcn, &#8216;Ne sab\u0131r ne s\u00fcre&#8217; diyerek yola \u00e7\u0131kt\u0131k. \u00c7\u00fcnk\u00fc bu camian\u0131n art\u0131k beklemeye de\u011fil, aya\u011fa kalkmaya ihtiyac\u0131 oldu\u011funu biliyorduk. Se\u00e7imin uygun olmayan tarihte ger\u00e7ekle\u015fmesine ra\u011fmen elimizi ta\u015f\u0131n alt\u0131na koymaktan bir an olsun \u00e7ekinmedik. Sorumluluktan ka\u00e7mad\u0131k; geri durmad\u0131k. Biz o g\u00fcn, yeniden birlikte olman\u0131n, yeniden inanman\u0131n ve yeniden ba\u015farman\u0131n m\u00fcmk\u00fcn oldu\u011funu g\u00f6stermek i\u00e7in buradayd\u0131k.<br \/>\nG\u00f6reve ba\u015flad\u0131\u011f\u0131m\u0131zda, \u015fampiyonluk umudunun zay\u0131flad\u0131\u011f\u0131 bir tabloyla kar\u015f\u0131 kar\u015f\u0131yayd\u0131k; buna ra\u011fmen uzun y\u0131llard\u0131r s\u00fcren \u015fampiyonluk \u00f6zlemini sona erdirmek, Fenerbah\u00e7emizi hak etti\u011fi yere ta\u015f\u0131mak i\u00e7in ben ve yol arkada\u015flar\u0131m gece g\u00fcnd\u00fcz \u00e7al\u0131\u015ft\u0131k.<br \/>\nBu s\u00fcre\u00e7te kimseyi k\u0131rmamaya, camiam\u0131z\u0131 ayr\u0131\u015ft\u0131racak bir dil kullanmamaya, bir kavga ortam\u0131 olu\u015fturmamay\u0131 \u00f6zellikle \u00f6zen g\u00f6sterdik. Ne bahanelerin arkas\u0131na s\u0131\u011f\u0131nd\u0131k ne de zorluklardan korktuk. Tek oda\u011f\u0131m\u0131z kul\u00fcb\u00fcm\u00fcz\u00fcn ba\u015far\u0131s\u0131 oldu.<br \/>\nBen, verdi\u011fim s\u00f6z \u00fczerine; herkesin geri durdu\u011fu bir d\u00f6nemde ba\u015fkanl\u0131k yar\u0131\u015f\u0131na girdim. Yine ben, verdi\u011fim s\u00f6z \u00fczerine bug\u00fcn camiam\u0131n kar\u015f\u0131s\u0131na \u00e7\u0131k\u0131yorum. Hepinizin yak\u0131ndan bildi\u011fi \u00fczere g\u00f6rev s\u00fcremizin hen\u00fcz ba\u015f\u0131nda ya\u015fanan saha d\u0131\u015f\u0131 geli\u015fmeler ve olu\u015fan \u015fartlar, o g\u00fcn farkl\u0131 bir de\u011ferlendirme yapmam\u0131z\u0131 m\u00fcmk\u00fcn k\u0131lmam\u0131\u015ft\u0131.<br \/>\nO g\u00fcn nas\u0131l ki sorumluluktan ka\u00e7mad\u0131ysak, bug\u00fcn de verdi\u011fimiz s\u00f6z\u00fcn arkas\u0131nda duruyoruz. Sezon boyunca baz\u0131 kararlar\u0131, \u015fampiyonluk yar\u0131\u015f\u0131m\u0131za zarar vermemesi ad\u0131na bilin\u00e7li \u015fekilde erteledik. Ancak gelinen noktada, bu s\u00fcreci daha fazla \u00f6telemenin do\u011fru olmayaca\u011f\u0131 a\u00e7\u0131kt\u0131r.<br \/>\nBu nedenle; Camiam\u0131za verdi\u011fimiz s\u00f6z do\u011frultusunda, 6-7 Haziran tarihlerinde Ola\u011fan\u00fcst\u00fc Se\u00e7imli Genel Kurulumuzun ger\u00e7ekle\u015ftirilece\u011fini camiam\u0131z\u0131n bilgisine sunuyorum.<br \/>\nBu karar\u0131, Fenerbah\u00e7emizin \u00f6n\u00fcn\u00fc a\u00e7mak ve camiam\u0131z\u0131n \u00f6n\u00fcnde yeni bir sayfa a\u00e7\u0131lmas\u0131na imkan tan\u0131mak ad\u0131na ald\u0131m. G\u00f6reve geldi\u011fimiz ilk g\u00fcnden itibaren kap\u0131lar\u0131n e\u015fit \u015fekilde a\u00e7\u0131lmad\u0131\u011f\u0131 ve \u015fartlar\u0131n herkes i\u00e7in ayn\u0131 olmad\u0131\u011f\u0131 bir ortamda g\u00f6rev yapt\u0131k. Buna ra\u011fmen oda\u011f\u0131m\u0131z\u0131 bir g\u00fcn olsun kaybetmedik. G\u00f6nl\u00fcmden ge\u00e7en, bu g\u00f6revi camiam\u0131za \u015fampiyonluk mutlulu\u011funu ya\u015fatarak tamamlamakt\u0131.<br \/>\nHedeflerimiz i\u00e7in her \u015feyi ortaya koyduk, ancak bug\u00fcn itibar\u0131yla istedi\u011fimiz noktada de\u011filiz. Bu s\u00fcre\u00e7te ortaya koydu\u011fumuz m\u00fccadeleye ve niyete inanc\u0131m tamd\u0131r. Benim i\u00e7in bu karar\u0131 almak kolay olmad\u0131. Ancak bu koltuk, ki\u015fisel tercihlerle de\u011fil, do\u011fru zamanda do\u011fru kararlar\u0131 alabilme sorumlulu\u011fuyla ta\u015f\u0131n\u0131r.<br \/>\nBug\u00fcn ise \u015funu \u00e7ok net bir \u015fekilde ifade etmek isterim ki: Bu koltuk i\u00e7in sava\u015fman\u0131n, bu makam\u0131 bir h\u0131rs meselesine d\u00f6n\u00fc\u015ft\u00fcrmenin Fenerbah\u00e7e\u2019ye hi\u00e7bir faydas\u0131 yoktur. Aslolan Fenerbah\u00e7e\u2019dir.<br \/>\nBu koltu\u011fa gelmek kadar, zaman\u0131 geldi\u011finde b\u0131rakabilmek de bir erdemdir. Hele ki bunu k\u0131rg\u0131nl\u0131kla de\u011fil, bir h\u0131rsla de\u011fil; camian\u0131n \u00f6n\u00fcn\u00fc a\u00e7ma sorumlulu\u011fuyla, Fenerbah\u00e7emizin gelece\u011fini d\u00fc\u015f\u00fcnerek yapabilmek \u0130\u015fte as\u0131l mesele budur.<br \/>\nGe\u00e7mi\u015fte g\u00f6rev yapm\u0131\u015f, bug\u00fcn g\u00f6revde olan ya da yar\u0131n bu sorumlulu\u011fu \u00fcstlenecek herkes i\u00e7in ge\u00e7erli olan tek ger\u00e7ek vard\u0131r: Bu kul\u00fcp kimsenin de\u011fil, hepimizindir. Fenerbah\u00e7e, hi\u00e7bir zaman ki\u015filerin g\u00f6lgesinde kalmamal\u0131d\u0131r.<br \/>\nBundan sonra bu sorumlulu\u011fa talip olacak herkese, bu yoldan ge\u00e7mi\u015f biri olarak \u015funu s\u00f6ylemek isterim:<br \/>\nFenerbah\u00e7e ba\u015fkanl\u0131\u011f\u0131, kazanmak i\u00e7in her yolun m\u00fcbah g\u00f6r\u00fclebilece\u011fi bir alan de\u011fildir. Bu makam, birini a\u015fa\u011f\u0131 \u00e7ekerek y\u00fckselebilece\u011finiz bir yer de\u011fildir. Burada as\u0131l olan; birbirini eksilterek de\u011fil, Fenerbah\u00e7e\u2019yi b\u00fcy\u00fcterek var olabilmektir. Bu kul\u00fcbe hizmet etmek, sadece m\u00fccadele etmekle de\u011fil, o m\u00fccadelenin nas\u0131l verildi\u011fiyle de anlam kazan\u0131r.<br \/>\nBu koltu\u011fun as\u0131l a\u011f\u0131rl\u0131\u011f\u0131, oturdu\u011funuzda de\u011fil; kalkarken anla\u015f\u0131l\u0131r.<br \/>\nFenerbah\u00e7e\u2019ye hizmet etmek, bazen kalmay\u0131 de\u011fil, gerekti\u011finde kenara \u00e7ekilmeyi de bilmeyi gerektirir. \u00c7\u00fcnk\u00fc bu arma, hi\u00e7birimizin h\u0131rs\u0131n\u0131 ta\u015f\u0131yacak bir yer de\u011fildir; hepimizin sorumlulu\u011funu ta\u015f\u0131yacak bir emanettir.<br \/>\nTaraftarlar\u0131m\u0131za ise bir beklenti dile getirmekten \u00e7ok, bir hat\u0131rlatma yapmak isterim: Bug\u00fcn de yar\u0131n da, bizi g\u00fc\u00e7l\u00fc k\u0131lacak olan \u015fey; kim olursa olsun, Fenerbah\u00e7e\u2019nin etraf\u0131nda kenetlenebilme irademizdir.<br \/>\nBu camiada art\u0131k geriden konu\u015fan, kul\u00fcb\u00fcn enerjisini i\u00e7 tart\u0131\u015fmalarla t\u00fcketen, ki\u015fisel hesaplarla hareket eden anlay\u0131\u015flar\u0131n Fenerbah\u00e7emize ne kaybettirdi\u011fi ortadad\u0131r.<br \/>\nBen ve yol arkada\u015flar\u0131m, bu g\u00f6revi devrettikten sonra da kul\u00fcb\u00fcm\u00fcz\u00fcn yan\u0131nda, onu ileriye ta\u015f\u0131yan bir duru\u015fun par\u00e7as\u0131 olmaya devam edece\u011fiz. \u00c7\u00fcnk\u00fc biz, bu kul\u00fcbe yak\u0131\u015fan\u0131n ne oldu\u011funu biliyoruz ve buna g\u00f6re hareket edece\u011fiz: sorumluluk almak, gerekti\u011finde geri durmak ve her ko\u015fulda asaletle yol almak.&#8221;<\/p>\n","protected":false},"excerpt":{"rendered":"<p>Fenerbah\u00e7e Ba\u015fkan\u0131 Sadettin\u00a0Saran, yapt\u0131\u011f\u0131 yaz\u0131l\u0131 a\u00e7\u0131klamada camiaya verilen s\u00f6z do\u011frultusunda 6-7 Haziran tarihlerinde Ola\u011fan\u00fcst\u00fc Se\u00e7imli Genel Kurulu ger\u00e7ekle\u015ftirilece\u011fini camian\u0131n bilgisine sundu\u011funu a\u00e7\u0131klad\u0131. Fenerbah\u00e7e Ba\u015fkan\u0131 Sadettin\u00a0Saran, yapt\u0131\u011f\u0131 yaz\u0131l\u0131 a\u00e7\u0131klama \u015fu \u015fekilde: &#8220;Fenerbah\u00e7emizin her bir ferdine, kalbi bu arma i\u00e7in atan camiam\u0131za, bug\u00fcn sizlere sadece bir ba\u015fkan olarak de\u011fil, bu camian\u0131n bir evlad\u0131 olarak sesleniyorum. G\u00f6reve talip [&hellip;]<\/p>\n","protected":false},"author":2,"featured_media":131785,"comment_status":"open","ping_status":"open","sticky":false,"template":"","format":"standard","meta":{"footnotes":""},"categories":[1],"tags":[],"class_list":["post-131784","post","type-post","status-publish","format-standard","has-post-thumbnail","hentry","category-gundem"],"views":95,"_links":{"self":[{"href":"https:\/\/mersingazetesi.com\/index.php\/wp-json\/wp\/v2\/posts\/131784","targetHints":{"allow":["GET"]}}],"collection":[{"href":"https:\/\/mersingazetesi.com\/index.php\/wp-json\/wp\/v2\/posts"}],"about":[{"href":"https:\/\/mersingazetesi.com\/index.php\/wp-json\/wp\/v2\/types\/post"}],"author":[{"embeddable":true,"href":"https:\/\/mersingazetesi.com\/index.php\/wp-json\/wp\/v2\/users\/2"}],"replies":[{"embeddable":true,"href":"https:\/\/mersingazetesi.com\/index.php\/wp-json\/wp\/v2\/comments?post=131784"}],"version-history":[{"count":1,"href":"https:\/\/mersingazetesi.com\/index.php\/wp-json\/wp\/v2\/posts\/131784\/revisions"}],"predecessor-version":[{"id":131786,"href":"https:\/\/mersingazetesi.com\/index.php\/wp-json\/wp\/v2\/posts\/131784\/revisions\/131786"}],"wp:featuredmedia":[{"embeddable":true,"href":"https:\/\/mersingazetesi.com\/index.php\/wp-json\/wp\/v2\/media\/131785"}],"wp:attachment":[{"href":"https:\/\/mersingazetesi.com\/index.php\/wp-json\/wp\/v2\/media?parent=131784"}],"wp:term":[{"taxonomy":"category","embeddable":true,"href":"https:\/\/mersingazetesi.com\/index.php\/wp-json\/wp\/v2\/categories?post=131784"},{"taxonomy":"post_tag","embeddable":true,"href":"https:\/\/mersingazetesi.com\/index.php\/wp-json\/wp\/v2\/tags?post=131784"}],"curies":[{"name":"wp","href":"https:\/\/api.w.org\/{rel}","templated":true}]}}