{"id":131777,"date":"2026-04-28T12:49:55","date_gmt":"2026-04-28T09:49:55","guid":{"rendered":"https:\/\/mersingazetesi.com\/?p=131777"},"modified":"2026-04-28T12:49:55","modified_gmt":"2026-04-28T09:49:55","slug":"galatasaray-camiasindan-erden-timura-destek-yalniz-degildir","status":"publish","type":"post","link":"https:\/\/mersingazetesi.com\/index.php\/2026\/04\/28\/galatasaray-camiasindan-erden-timura-destek-yalniz-degildir\/","title":{"rendered":"GALATASARAY CAM\u0130ASINDAN ERDEN T\u0130MUR\u2019A DESTEK: \u201cYALNIZ DE\u011e\u0130LD\u0130R\u201d"},"content":{"rendered":"<p>Galatasaray camias\u0131na mensup bir grup taraftar, Erden Timur hakk\u0131nda ya\u015fanan s\u00fcrece ili\u015fkin dikkat \u00e7eken bir destek metni yay\u0131mlad\u0131. A\u00e7\u0131klamada, Timur\u2019un kul\u00fcbe verdi\u011fi katk\u0131lar ve kriz d\u00f6nemlerindeki rol\u00fc vurgulan\u0131rken, ya\u015fanan s\u00fcrecin yaln\u0131zca bir ki\u015fiyi de\u011fil; emek, aidiyet ve ba\u011fl\u0131l\u0131k de\u011ferlerini de s\u0131nad\u0131\u011f\u0131 ifade edildi.<\/p>\n<p>Metinde, Timur\u2019un y\u00f6neticilik anlay\u0131\u015f\u0131n\u0131n vizyon ve samimiyet \u00fczerine kurulu oldu\u011fu belirtilerek, kul\u00fcb\u00fcn zor d\u00f6nemlerden \u00e7\u0131k\u0131\u015f\u0131nda ve elde edilen sportif ba\u015far\u0131lar\u0131n temelinde \u00f6nemli bir rol oynad\u0131\u011f\u0131na dikkat \u00e7ekildi. Ayn\u0131 zamanda Galatasaray\u2019\u0131n haklar\u0131n\u0131 savunma konusundaki kararl\u0131 duru\u015funun, kendisini hedef h\u00e2line getirdi\u011fi g\u00f6r\u00fc\u015f\u00fcne yer verildi.<\/p>\n<p>A\u00e7\u0131klamada ayr\u0131ca Timur\u2019un, 6 \u015eubat Kahramanmara\u015f Depremleri ba\u015fta olmak \u00fczere \u0130zmir ve Elaz\u0131\u011f depremleri ile \u00e7e\u015fitli do\u011fal afetlerde g\u00f6sterdi\u011fi \u00e7aban\u0131n toplumda derin bir iz b\u0131rakt\u0131\u011f\u0131 vurguland\u0131. Bu s\u00fcre\u00e7lerde ortaya koydu\u011fu deste\u011fin bir g\u00f6revden \u00f6te insani bir sorumluluk oldu\u011funun alt\u0131 \u00e7izildi.<\/p>\n<p>Taraftar grubu, adaletin er ya da ge\u00e7 tecelli edece\u011fine inand\u0131klar\u0131n\u0131 belirterek, Timur\u2019un aklanarak yeniden kul\u00fcbe hizmet edece\u011fine dair g\u00fc\u00e7l\u00fc bir inan\u00e7 ta\u015f\u0131d\u0131klar\u0131n\u0131 dile getirdi.<\/p>\n<p>Yay\u0131mlanan metnin, 30 g\u00fcn s\u00fcrecek bir imza kampanyas\u0131n\u0131n ba\u015flang\u0131c\u0131 oldu\u011fu ifade edilirken, mesaj\u0131n ayn\u0131 zamanda \u201czor g\u00fcnde yaln\u0131z b\u0131rakmama\u201d iradesinin bir g\u00f6stergesi oldu\u011fu kaydedildi.<\/p>\n<p>A\u00e7\u0131klama, \u201cD\u00fcn, bug\u00fcn ve daima #ErdenTimurYaln\u0131zDe\u011fildir\u201d ifadeleriyle son buldu.<\/p>\n","protected":false},"excerpt":{"rendered":"<p>Galatasaray camias\u0131na mensup bir grup taraftar, Erden Timur hakk\u0131nda ya\u015fanan s\u00fcrece ili\u015fkin dikkat \u00e7eken bir destek metni yay\u0131mlad\u0131. A\u00e7\u0131klamada, Timur\u2019un kul\u00fcbe verdi\u011fi katk\u0131lar ve kriz d\u00f6nemlerindeki rol\u00fc vurgulan\u0131rken, ya\u015fanan s\u00fcrecin yaln\u0131zca bir ki\u015fiyi de\u011fil; emek, aidiyet ve ba\u011fl\u0131l\u0131k de\u011ferlerini de s\u0131nad\u0131\u011f\u0131 ifade edildi. Metinde, Timur\u2019un y\u00f6neticilik anlay\u0131\u015f\u0131n\u0131n vizyon ve samimiyet \u00fczerine kurulu oldu\u011fu belirtilerek, kul\u00fcb\u00fcn [&hellip;]<\/p>\n","protected":false},"author":2,"featured_media":131778,"comment_status":"open","ping_status":"open","sticky":false,"template":"","format":"standard","meta":{"footnotes":""},"categories":[1],"tags":[],"class_list":["post-131777","post","type-post","status-publish","format-standard","has-post-thumbnail","hentry","category-gundem"],"views":122,"_links":{"self":[{"href":"https:\/\/mersingazetesi.com\/index.php\/wp-json\/wp\/v2\/posts\/131777","targetHints":{"allow":["GET"]}}],"collection":[{"href":"https:\/\/mersingazetesi.com\/index.php\/wp-json\/wp\/v2\/posts"}],"about":[{"href":"https:\/\/mersingazetesi.com\/index.php\/wp-json\/wp\/v2\/types\/post"}],"author":[{"embeddable":true,"href":"https:\/\/mersingazetesi.com\/index.php\/wp-json\/wp\/v2\/users\/2"}],"replies":[{"embeddable":true,"href":"https:\/\/mersingazetesi.com\/index.php\/wp-json\/wp\/v2\/comments?post=131777"}],"version-history":[{"count":1,"href":"https:\/\/mersingazetesi.com\/index.php\/wp-json\/wp\/v2\/posts\/131777\/revisions"}],"predecessor-version":[{"id":131779,"href":"https:\/\/mersingazetesi.com\/index.php\/wp-json\/wp\/v2\/posts\/131777\/revisions\/131779"}],"wp:featuredmedia":[{"embeddable":true,"href":"https:\/\/mersingazetesi.com\/index.php\/wp-json\/wp\/v2\/media\/131778"}],"wp:attachment":[{"href":"https:\/\/mersingazetesi.com\/index.php\/wp-json\/wp\/v2\/media?parent=131777"}],"wp:term":[{"taxonomy":"category","embeddable":true,"href":"https:\/\/mersingazetesi.com\/index.php\/wp-json\/wp\/v2\/categories?post=131777"},{"taxonomy":"post_tag","embeddable":true,"href":"https:\/\/mersingazetesi.com\/index.php\/wp-json\/wp\/v2\/tags?post=131777"}],"curies":[{"name":"wp","href":"https:\/\/api.w.org\/{rel}","templated":true}]}}