{"id":131770,"date":"2026-04-28T12:03:26","date_gmt":"2026-04-28T09:03:26","guid":{"rendered":"https:\/\/mersingazetesi.com\/?p=131770"},"modified":"2026-04-28T12:03:26","modified_gmt":"2026-04-28T09:03:26","slug":"gazeteci-yazar-ugur-pismanlikin-tarsus-isci-sinifi-tarihi-ve-1-mayis-fotograf-gosterisi","status":"publish","type":"post","link":"https:\/\/mersingazetesi.com\/index.php\/2026\/04\/28\/gazeteci-yazar-ugur-pismanlikin-tarsus-isci-sinifi-tarihi-ve-1-mayis-fotograf-gosterisi\/","title":{"rendered":"GAZETEC\u0130-YAZAR U\u011eUR P\u0130\u015eMANLIK&#8217;IN  &#8220;TARSUS \u0130\u015e\u00c7\u0130 SINIFI TAR\u0130H\u0130 VE 1 MAYIS&#8221; FOTO\u011eRAF G\u00d6STER\u0130S\u0130"},"content":{"rendered":"<p class=\"v1MsoNormal\">\u00c7a\u011fda\u015f Ya\u015fam\u0131 Destekleme Derne\u011fi Tarsus \u015eubesi taraf\u0131ndan, i\u015f\u00e7i s\u0131n\u0131f\u0131n\u0131n birlik dayan\u0131\u015fma ve m\u00fccadele g\u00fcn\u00fc kapsam\u0131nda Aratos Felsefe Dergisi Yay\u0131n Y\u00f6netmeni ve gazeteci-yazar U\u011fur Pi\u015fmanl\u0131k,\u00a0<i>&#8220;Tarsus \u0130\u015f\u00e7i S\u0131n\u0131f\u0131 Tarihi, Emek M\u00fccadelesi ve 1 May\u0131s&#8221;<\/i>\u00a0ba\u015fl\u0131kl\u0131 bir s\u00f6yle\u015fi ve foto\u011fraf g\u00f6sterisi ger\u00e7ekle\u015ftirilecek.<\/p>\n<p class=\"v1MsoNormal\">Edinilen bilgiye g\u00f6re, 29 Nisan \u00c7ar\u015famba g\u00fcn\u00fc saat 17.30&#8217;da Tadeka binas\u0131nda yap\u0131lacak olan etkinlikte, gazeteci-yazar U\u011fur Pi\u015fmanl\u0131k, Tarsus&#8217;ta sanayile\u015fmenin ortaya \u00e7\u0131kt\u0131 20. y\u00fczy\u0131ldan g\u00fcn\u00fcm\u00fcze i\u015f\u00e7i ve emek\u00e7ilerin hak arama m\u00fccadelesi, sendikala\u015fma \u00e7abalar\u0131 ve grevleriyle kentin 1 May\u0131s ili\u015fkisi \u00fczerine bir s\u00f6yle\u015fi yapaca\u011f\u0131 ve foto\u011fraf g\u00f6sterisi sunacak.<\/p>\n<p class=\"v1MsoNormal\">\u00c7a\u011fda\u015f Ya\u015fam\u0131 Destekleme Derne\u011fi (\u00c7YDD) Tarsus \u015eube Ba\u015fkan\u0131 Ferda Aras, konuya ili\u015fkin yapt\u0131\u011f\u0131 a\u00e7\u0131klamada, e<span class=\"v1gmail-x193iq5w\">me\u011fin, yaln\u0131zca bir ge\u00e7im arac\u0131 de\u011fil; insan onurunun, e\u015fitli\u011fin ve adalet aray\u0131\u015f\u0131n\u0131n temeli oldu\u011funu ifade ederek,\u00a0<i>&#8220;Ancak \u00fclkemizde uzun y\u0131llard\u0131r s\u00fcregelen emek s\u00f6m\u00fcr\u00fcs\u00fc, g\u00fcvencesiz \u00e7al\u0131\u015fma, d\u00fc\u015f\u00fck \u00fccretler ve i\u015f cinayetleri; bu m\u00fccadelenin h\u00e2l\u00e2 ne kadar yak\u0131c\u0131 ve g\u00fcncel oldu\u011funu a\u00e7\u0131k\u00e7a g\u00f6stermektedir. Tarsus&#8217;un i\u015f\u00e7i s\u0131n\u0131f\u0131 tarihine \u0131\u015f\u0131k tutaca\u011f\u0131m\u0131z\u00a0<\/i><\/span>&#8220;<i>Tarsus \u0130\u015f\u00e7i S\u0131n\u0131f\u0131 Tarihi, Emek M\u00fccadelesi ve 1 May\u0131s&#8221;<\/i><span class=\"v1gmail-x193iq5w\"><i>\u00a0ba\u015fl\u0131kl\u0131 bu etkinlikte, ge\u00e7mi\u015fin direncini bug\u00fcn\u00fcn hak aray\u0131\u015f\u0131yla bulu\u015fturuyoruz. 1 May\u0131s&#8217;a giderken; eme\u011fin g\u00f6r\u00fcn\u00fcr k\u0131l\u0131nmas\u0131, haklar\u0131n korunmas\u0131 ve dayan\u0131\u015fman\u0131n g\u00fc\u00e7lendirilmesi i\u00e7in bir araya geliyoruz. \u00c7\u00fcnk\u00fc biliyoruz ki, hak verilmez al\u0131n\u0131r; emek m\u00fccadelesi ancak birlikte b\u00fcy\u00fcr, birlikte kazan\u0131r&#8221;<\/i><\/span><span class=\"v1gmail-x193iq5w\">\u00a0diye konu\u015ftu.<\/span><\/p>\n<p class=\"v1MsoNormal\">Gazeteci-yazar U\u011fur Pi\u015fmanl\u0131k, ise, \u00c7a\u011fda\u015f Ya\u015fam\u0131 Destekleme Derne\u011fi Tarsus \u015eube ad\u0131na yapaca\u011f\u0131\u00a0<i>&#8220;Tarsus \u0130\u015f\u00e7i S\u0131n\u0131f\u0131 Tarihi, Emek M\u00fccadelesi ve 1 May\u0131s&#8221;<\/i>\u00a0ba\u015fl\u0131kl\u0131\u00a0s\u00f6yle\u015fi ve foto\u011fraf g\u00f6sterisine dair,\u00a0T\u00fcrkiye i\u015f\u00e7i s\u0131n\u0131f\u0131n\u0131n Uluslararas\u0131 Birlik, Dayan\u0131\u015fma ve M\u00fccadele G\u00fcn\u00fc olan 1 May\u0131s an\u0131s\u0131na bir etkinlik ger\u00e7ekle\u015ftirilece\u011fini belirterek,\u00a0<i>&#8220;Sunumumuz, Osmanl\u0131 imparatorlu\u011funun son y\u00fczy\u0131l\u0131nda \u00c7ukurova b\u00f6lgesinin M\u0131s\u0131rl\u0131 \u0130brahim Pa\u015fa taraf\u0131ndan ele ge\u00e7irilmesinin ard\u0131ndan ba\u015flayan pamuk ekiminin, bir ekonomik de\u011fer olarak \u00fcretiminin art\u0131r\u0131lmas\u0131yla ba\u015flayan s\u00fcre\u00e7te, tar\u0131mdan sanayiye, \u0131rgatl\u0131ktan i\u015f\u00e7ili\u011fe ge\u00e7i\u015f konu al\u0131yor. Bununla birlikte, pamuk ekimi i\u00e7in Suriye&#8217;den Arap tar\u0131m emek\u00e7ilerinin getirilmesiyle olu\u015fan \u00c7\u0131plak Mahallesi&#8217;nin \u00f6yk\u00fcs\u00fc, \u00c7\u0131r\u00e7\u0131r fabrikalar\u0131yla ba\u015flayan sanayile\u015fme s\u00fcre\u00e7leri ele al\u0131n\u0131yor. Cumhuriyet sonras\u0131nda ise 1940&#8217;l\u0131 y\u0131llarda \u00e7\u0131kan i\u015f\u00e7i kanunu ve sendikalar yasas\u0131yla Tarsus&#8217;ta i\u015f\u00e7i ve emek\u00e7ilerin sendikal \u00f6rg\u00fctlenmeleri ve hak arama m\u00fccadeleleri, grevler, direni\u015fler ile fabrika i\u015fgalleri anlat\u0131l\u0131yor. Son olarak sunum i\u00e7erisinde Tarsus ve 1 May\u0131s emek bayram\u0131 ili\u015fkisine de\u011finiliyor&#8221;<\/i>\u00a0diye konu\u015ftu.<\/p>\n<p class=\"v1MsoNormal\">Yap\u0131lan a\u00e7\u0131klamada,\u00a0<i>&#8220;Bug\u00fcn hala zor ko\u015fullarda \u00e7al\u0131\u015fan ve ya\u015fam m\u00fccadelesi vererek direnen i\u015f\u00e7i ve emek\u00e7ilerin\u00a0<\/i><i>Uluslararas\u0131 Birlik, Dayan\u0131\u015fma ve M\u00fccadele G\u00fcn\u00fc olan 1 May\u0131s&#8217;\u0131n\u0131 ve hak arama yolunda bedel \u00f6deyen emek\u00e7ileri sayg\u0131yla an\u0131yoruz&#8221;\u00a0<\/i>denildi.<\/p>\n","protected":false},"excerpt":{"rendered":"<p>\u00c7a\u011fda\u015f Ya\u015fam\u0131 Destekleme Derne\u011fi Tarsus \u015eubesi taraf\u0131ndan, i\u015f\u00e7i s\u0131n\u0131f\u0131n\u0131n birlik dayan\u0131\u015fma ve m\u00fccadele g\u00fcn\u00fc kapsam\u0131nda Aratos Felsefe Dergisi Yay\u0131n Y\u00f6netmeni ve gazeteci-yazar U\u011fur Pi\u015fmanl\u0131k,\u00a0&#8220;Tarsus \u0130\u015f\u00e7i S\u0131n\u0131f\u0131 Tarihi, Emek M\u00fccadelesi ve 1 May\u0131s&#8221;\u00a0ba\u015fl\u0131kl\u0131 bir s\u00f6yle\u015fi ve foto\u011fraf g\u00f6sterisi ger\u00e7ekle\u015ftirilecek. Edinilen bilgiye g\u00f6re, 29 Nisan \u00c7ar\u015famba g\u00fcn\u00fc saat 17.30&#8217;da Tadeka binas\u0131nda yap\u0131lacak olan etkinlikte, gazeteci-yazar U\u011fur Pi\u015fmanl\u0131k, [&hellip;]<\/p>\n","protected":false},"author":2,"featured_media":131771,"comment_status":"open","ping_status":"open","sticky":false,"template":"","format":"standard","meta":{"footnotes":""},"categories":[1],"tags":[],"class_list":["post-131770","post","type-post","status-publish","format-standard","has-post-thumbnail","hentry","category-gundem"],"views":92,"_links":{"self":[{"href":"https:\/\/mersingazetesi.com\/index.php\/wp-json\/wp\/v2\/posts\/131770","targetHints":{"allow":["GET"]}}],"collection":[{"href":"https:\/\/mersingazetesi.com\/index.php\/wp-json\/wp\/v2\/posts"}],"about":[{"href":"https:\/\/mersingazetesi.com\/index.php\/wp-json\/wp\/v2\/types\/post"}],"author":[{"embeddable":true,"href":"https:\/\/mersingazetesi.com\/index.php\/wp-json\/wp\/v2\/users\/2"}],"replies":[{"embeddable":true,"href":"https:\/\/mersingazetesi.com\/index.php\/wp-json\/wp\/v2\/comments?post=131770"}],"version-history":[{"count":1,"href":"https:\/\/mersingazetesi.com\/index.php\/wp-json\/wp\/v2\/posts\/131770\/revisions"}],"predecessor-version":[{"id":131772,"href":"https:\/\/mersingazetesi.com\/index.php\/wp-json\/wp\/v2\/posts\/131770\/revisions\/131772"}],"wp:featuredmedia":[{"embeddable":true,"href":"https:\/\/mersingazetesi.com\/index.php\/wp-json\/wp\/v2\/media\/131771"}],"wp:attachment":[{"href":"https:\/\/mersingazetesi.com\/index.php\/wp-json\/wp\/v2\/media?parent=131770"}],"wp:term":[{"taxonomy":"category","embeddable":true,"href":"https:\/\/mersingazetesi.com\/index.php\/wp-json\/wp\/v2\/categories?post=131770"},{"taxonomy":"post_tag","embeddable":true,"href":"https:\/\/mersingazetesi.com\/index.php\/wp-json\/wp\/v2\/tags?post=131770"}],"curies":[{"name":"wp","href":"https:\/\/api.w.org\/{rel}","templated":true}]}}