{"id":131767,"date":"2026-04-28T11:32:40","date_gmt":"2026-04-28T08:32:40","guid":{"rendered":"https:\/\/mersingazetesi.com\/?p=131767"},"modified":"2026-04-28T11:32:40","modified_gmt":"2026-04-28T08:32:40","slug":"toroslarda-kadim-yolculuk-sarikecililerin-yayla-gocu-basladi","status":"publish","type":"post","link":"https:\/\/mersingazetesi.com\/index.php\/2026\/04\/28\/toroslarda-kadim-yolculuk-sarikecililerin-yayla-gocu-basladi\/","title":{"rendered":"Toroslar\u2019da Kadim Yolculuk: Sar\u0131ke\u00e7ililerin Yayla G\u00f6\u00e7\u00fc Ba\u015flad\u0131"},"content":{"rendered":"<p>Bin y\u0131ll\u0131k Orta Asya gelene\u011fini Anadolu&#8217;nun sarp co\u011frafyas\u0131nda ya\u015fatmay\u0131 s\u00fcrd\u00fcren Sar\u0131ke\u00e7ili Y\u00f6r\u00fckleri i\u00e7in yayla g\u00f6\u00e7\u00fc ba\u015flad\u0131. K\u0131\u015f aylar\u0131n\u0131 Mersin&#8217;in sahil kesimlerinde ge\u00e7iren g\u00f6\u00e7er aileler, bahar\u0131n geli\u015fiyle birlikte develerine y\u00fckledikleri \u00e7ad\u0131r ve ya\u015fam malzemeleriyle Toroslar&#8217;\u0131n serin yaylalar\u0131na do\u011fru yola \u00e7\u0131kt\u0131.<\/p>\n<p>Nesilden nesile aktar\u0131lan bu kadim ya\u015fam bi\u00e7imi, g\u00fcn\u00fcm\u00fczde de do\u011fayla i\u00e7 i\u00e7e bir hayat olarak varl\u0131\u011f\u0131n\u0131 s\u00fcrd\u00fcr\u00fcyor.<\/p>\n<p>Ku\u015f Ali: &#8220;Asl\u0131m\u0131z\u0131 Neslimizi Kaybetmemek \u0130\u00e7in Yollarday\u0131z&#8221;<br \/>\nB\u00f6lgede &#8220;Ku\u015f Ali&#8221; lakab\u0131yla tan\u0131nan Ali U\u00e7ar, obas\u0131nda Anamur Diyanet Haber ve Diyanet TV temsilcisi Ahmet Tokdemir ile \u0130l\u00e7e Gen\u00e7lik Koordinat\u00f6r\u00fc \u0130brahim Sa\u011f\u0131r&#8217;\u0131 a\u011f\u0131rlad\u0131.<\/p>\n<p>Atalar\u0131ndan miras kalan konarg\u00f6\u00e7er k\u00fclt\u00fcr\u00fc ya\u015fatmaya \u00e7al\u0131\u015ft\u0131klar\u0131n\u0131 belirten U\u00e7ar, \u015funlar\u0131 s\u00f6yledi:<br \/>\n&#8220;Bu da\u011flar bizim evimiz. Do\u011fma b\u00fcy\u00fcme bu i\u015fin i\u00e7indeyiz. Asl\u0131m\u0131z\u0131, neslimizi kaybetmemek i\u00e7in bu hayat\u0131 s\u00fcrd\u00fcr\u00fcyoruz. Devletimizin ve m\u00fcft\u00fcl\u00fc\u011f\u00fcm\u00fcz\u00fcn buralara kadar gelip halimizi, inanc\u0131m\u0131z\u0131 sormas\u0131 bize g\u00fc\u00e7 veriyor.&#8221;<\/p>\n<p>&#8220;Zarar Haramd\u0131r&#8221;: Y\u00f6r\u00fck K\u00fclt\u00fcr\u00fcnde Kul Hakk\u0131 Bilinci<br \/>\nG\u00f6\u00e7 hayat\u0131n\u0131n zorluklar\u0131na ra\u011fmen kimseye zarar vermemeyi ilke edindiklerini vurgulayan U\u00e7ar, ya\u015fam anlay\u0131\u015flar\u0131n\u0131 \u015fu s\u00f6zlerle ifade etti:&#8221;Biz bu yolun yolcusuyuz. Kimseye zarar vermek istemeyiz. Allah&#8217;\u0131n kuluna zarar vermek haramd\u0131r, biz bundan sak\u0131n\u0131r\u0131z.&#8221;U\u00e7ar, kar\u015f\u0131la\u015ft\u0131klar\u0131 g\u00fc\u00e7l\u00fckleri sab\u0131r ve tevekk\u00fclle a\u015ft\u0131klar\u0131n\u0131 dile getirdi.<\/p>\n<p>Do\u011fayla \u0130\u00e7 \u0130\u00e7e Bir \u0130nan\u00e7 Anlay\u0131\u015f\u0131<br \/>\nG\u00f6\u00e7 s\u00fcrecinde ibadetlerini imk\u00e2nlar \u00f6l\u00e7\u00fcs\u00fcnde yerine getirdiklerini belirten U\u00e7ar, samimiyetin \u00f6nemine dikkat \u00e7ekti:&#8221;\u0130nsan bildi\u011fi gibi ibadetini yapar, Allah kabul eder. \u00d6nemli olan niyet ve \u015f\u00fck\u00fcrd\u00fcr.&#8221;Do\u011fayla uyum i\u00e7inde bir ya\u015fam s\u00fcrd\u00fcklerini ifade eden U\u00e7ar, \u00e7ocuklar\u0131na da bu de\u011ferleri aktarmaya gayret ettiklerini s\u00f6yledi.<\/p>\n<p>M\u00fcft\u00fcl\u00fck Ziyareti Memnuniyetle Kar\u015f\u0131land\u0131<br \/>\nG\u00f6\u00e7 g\u00fczerg\u00e2h\u0131nda Bolyaran Deresi&#8217;nden hareket ederek Bardat civar\u0131nda mola veren U\u00e7ar ailesi, Anamur \u0130l\u00e7e M\u00fcft\u00fcl\u00fc\u011f\u00fc g\u00f6revlileri taraf\u0131ndan ziyaret edildi.<\/p>\n<p>Ziyaretten duydu\u011fu memnuniyeti dile getiren U\u00e7ar,&#8221;M\u00fcft\u00fcl\u00fckten gelen arkada\u015flar bizi ziyaret etti. Halimizi hat\u0131r\u0131m\u0131z\u0131 sordular. \u00c7ok memnun olduk.&#8221; dedi.<\/p>\n<p>Ziyaret kapsam\u0131nda Diyanet \u0130\u015fleri Ba\u015fkanl\u0131\u011f\u0131 yay\u0131nlar\u0131ndan \u00e7e\u015fitli kitap ve dergiler de aile \u00fcyelerine takdim edildi.<\/p>\n<p>Deve S\u0131rt\u0131nda S\u00fcrd\u00fcr\u00fclen Kadim Yolculuk<br \/>\nSar\u0131ke\u00e7ili aileleri i\u00e7in g\u00f6\u00e7, yaln\u0131zca bir yer de\u011fi\u015ftirme de\u011fil, ayn\u0131 zamanda k\u00fclt\u00fcrel bir devaml\u0131l\u0131k anlam\u0131 ta\u015f\u0131yor. \u015eafakla birlikte develerine y\u00fcklerini ba\u011flayan, s\u00fcr\u00fclerini \u00f6nlerine katan g\u00f6\u00e7erler, haftalar s\u00fcren zorlu yolculu\u011fu sab\u0131rla s\u00fcrd\u00fcr\u00fcyor.<\/p>\n<p>Tokdemir taraf\u0131ndan Dron ile g\u00f6r\u00fcnt\u00fclenen g\u00f6\u00e7 kervan\u0131 ve ke\u00e7i s\u00fcr\u00fcleri, Toroslar&#8217;\u0131n do\u011fal dokusu i\u00e7inde dikkat \u00e7ekici g\u00f6r\u00fcnt\u00fcler olu\u015fturdu.<\/p>\n<p>Saha \u00c7al\u0131\u015fmas\u0131 ve Manevi Hizmet \u0130ncelemesi<br \/>\nAnamur \u0130l\u00e7e M\u00fcft\u00fcl\u00fc\u011f\u00fc koordinesinde, \u0130l\u00e7e Gen\u00e7lik Koordinat\u00f6r\u00fc \u0130brahim Sa\u011f\u0131r rehberli\u011finde y\u00fcr\u00fct\u00fclen saha \u00e7al\u0131\u015fmas\u0131nda, g\u00f6\u00e7er ailelerin dini hizmetlere eri\u015fimi yerinde g\u00f6zlemleniyor.<\/p>\n<p>\u00c7al\u0131\u015fma kapsam\u0131nda elde edilecek verilerin, g\u00f6\u00e7erlere y\u00f6nelik planlanacak hizmetlere katk\u0131 sa\u011flamas\u0131 hedefleniyor.<\/p>\n<p>K\u00fclt\u00fcrel Miras\u0131n Gelece\u011fi<br \/>\nDaralan mera alanlar\u0131 ve de\u011fi\u015fen ya\u015fam \u015fartlar\u0131na ra\u011fmen Sar\u0131ke\u00e7ili Y\u00f6r\u00fckleri, geleneklerini s\u00fcrd\u00fcrmeye devam ediyor. Bu konarg\u00f6\u00e7er ya\u015fam bi\u00e7imi, Anadolu&#8217;nun k\u00fclt\u00fcrel miras\u0131n\u0131n \u00f6nemli unsurlar\u0131ndan biri olarak varl\u0131\u011f\u0131n\u0131 koruyor.<\/p>\n","protected":false},"excerpt":{"rendered":"<p>Bin y\u0131ll\u0131k Orta Asya gelene\u011fini Anadolu&#8217;nun sarp co\u011frafyas\u0131nda ya\u015fatmay\u0131 s\u00fcrd\u00fcren Sar\u0131ke\u00e7ili Y\u00f6r\u00fckleri i\u00e7in yayla g\u00f6\u00e7\u00fc ba\u015flad\u0131. K\u0131\u015f aylar\u0131n\u0131 Mersin&#8217;in sahil kesimlerinde ge\u00e7iren g\u00f6\u00e7er aileler, bahar\u0131n geli\u015fiyle birlikte develerine y\u00fckledikleri \u00e7ad\u0131r ve ya\u015fam malzemeleriyle Toroslar&#8217;\u0131n serin yaylalar\u0131na do\u011fru yola \u00e7\u0131kt\u0131. Nesilden nesile aktar\u0131lan bu kadim ya\u015fam bi\u00e7imi, g\u00fcn\u00fcm\u00fczde de do\u011fayla i\u00e7 i\u00e7e bir hayat olarak varl\u0131\u011f\u0131n\u0131 [&hellip;]<\/p>\n","protected":false},"author":2,"featured_media":131768,"comment_status":"open","ping_status":"open","sticky":false,"template":"","format":"standard","meta":{"footnotes":""},"categories":[1],"tags":[],"class_list":["post-131767","post","type-post","status-publish","format-standard","has-post-thumbnail","hentry","category-gundem"],"views":108,"_links":{"self":[{"href":"https:\/\/mersingazetesi.com\/index.php\/wp-json\/wp\/v2\/posts\/131767","targetHints":{"allow":["GET"]}}],"collection":[{"href":"https:\/\/mersingazetesi.com\/index.php\/wp-json\/wp\/v2\/posts"}],"about":[{"href":"https:\/\/mersingazetesi.com\/index.php\/wp-json\/wp\/v2\/types\/post"}],"author":[{"embeddable":true,"href":"https:\/\/mersingazetesi.com\/index.php\/wp-json\/wp\/v2\/users\/2"}],"replies":[{"embeddable":true,"href":"https:\/\/mersingazetesi.com\/index.php\/wp-json\/wp\/v2\/comments?post=131767"}],"version-history":[{"count":1,"href":"https:\/\/mersingazetesi.com\/index.php\/wp-json\/wp\/v2\/posts\/131767\/revisions"}],"predecessor-version":[{"id":131769,"href":"https:\/\/mersingazetesi.com\/index.php\/wp-json\/wp\/v2\/posts\/131767\/revisions\/131769"}],"wp:featuredmedia":[{"embeddable":true,"href":"https:\/\/mersingazetesi.com\/index.php\/wp-json\/wp\/v2\/media\/131768"}],"wp:attachment":[{"href":"https:\/\/mersingazetesi.com\/index.php\/wp-json\/wp\/v2\/media?parent=131767"}],"wp:term":[{"taxonomy":"category","embeddable":true,"href":"https:\/\/mersingazetesi.com\/index.php\/wp-json\/wp\/v2\/categories?post=131767"},{"taxonomy":"post_tag","embeddable":true,"href":"https:\/\/mersingazetesi.com\/index.php\/wp-json\/wp\/v2\/tags?post=131767"}],"curies":[{"name":"wp","href":"https:\/\/api.w.org\/{rel}","templated":true}]}}