{"id":131731,"date":"2026-04-28T08:58:25","date_gmt":"2026-04-28T05:58:25","guid":{"rendered":"https:\/\/mersingazetesi.com\/?p=131731"},"modified":"2026-04-28T08:58:25","modified_gmt":"2026-04-28T05:58:25","slug":"akdeniz-belediyesinden-dort-bir-yana-hizmet-sokaklar-ve-bahce-yollari-yenileniyor","status":"publish","type":"post","link":"https:\/\/mersingazetesi.com\/index.php\/2026\/04\/28\/akdeniz-belediyesinden-dort-bir-yana-hizmet-sokaklar-ve-bahce-yollari-yenileniyor\/","title":{"rendered":"AKDEN\u0130Z BELED\u0130YES\u0130\u2019NDEN D\u00d6RT B\u0130R YANA H\u0130ZMET: SOKAKLAR VE BAH\u00c7E YOLLARI YEN\u0130LEN\u0130YOR"},"content":{"rendered":"<p class=\"western\" align=\"justify\"><span style=\"font-family: Times New Roman, serif;\"><span style=\"font-size: medium;\">Akdeniz Belediyesi, vatanda\u015flara daha temiz, d\u00fczenli ve her y\u00f6n\u00fcyle g\u00fcvenli bir kent sunmak amac\u0131yla \u00e7al\u0131\u015fmalar\u0131na aral\u0131ks\u0131z devam ediyor. Fen \u0130\u015fleri M\u00fcd\u00fcrl\u00fc\u011f\u00fc ekipleri, haz\u0131rlanan plan ve program \u00e7er\u00e7evesinde merkez ve k\u0131rsal ayr\u0131m\u0131 yapmaks\u0131z\u0131n bir\u00e7ok mahallede yol, kald\u0131r\u0131m ve bak\u0131m \u00e7al\u0131\u015fmas\u0131 ger\u00e7ekle\u015ftirdi.<\/span><\/span><\/p>\n<p class=\"western\" align=\"justify\"><span style=\"font-family: Times New Roman, serif;\"><span style=\"font-size: medium;\">Mahallelerde Kapsaml\u0131 Yenileme \u00c7al\u0131\u015fmalar\u0131 <\/span><\/span><\/p>\n<p class=\"western\" align=\"justify\"><span style=\"font-family: Times New Roman, serif;\"><span style=\"font-size: medium;\">Fen \u0130\u015fleri M\u00fcd\u00fcrl\u00fc\u011f\u00fc ekipleri son olarak Adanal\u0131o\u011flu, Gazi, \u015eevket S\u00fcmer, Sar\u0131 \u0130brahimli, Mahmudiye, Nusratiye, M\u00fcfide \u0130lhan, Yeni Mahalle, Toroslar ve \u00c7ay mahallelerindeki onlarca sokakta; asfalt yama, kilit ta\u015f\u0131, kald\u0131r\u0131m, karo ve bord\u00fcr yenileme \u00e7al\u0131\u015fmalar\u0131 ger\u00e7ekle\u015ftirildi.<\/span><\/span><\/p>\n<p class=\"western\" align=\"justify\"><span style=\"font-family: Times New Roman, serif;\"><span style=\"font-size: medium;\">\u00dcreticiye Destek, K\u0131rsala Hizmet<\/span><\/span><\/p>\n<p class=\"western\" align=\"justify\"><span style=\"font-family: Times New Roman, serif;\"><span style=\"font-size: medium;\">K\u0131rsal mahallelerde tar\u0131mla u\u011fra\u015fan \u00fcreticilerin ula\u015f\u0131mda ya\u015fad\u0131\u011f\u0131 s\u0131k\u0131nt\u0131lar\u0131 ortadan kald\u0131rmak amac\u0131yla ekipler, yer yer bozulan bah\u00e7e yollar\u0131nda zemin iyile\u015ftirme ve d\u00fczenleme \u00e7al\u0131\u015fmalar\u0131 ger\u00e7ekle\u015ftirdi.<\/span><\/span><\/p>\n<p class=\"western\" align=\"justify\"><span style=\"font-family: Times New Roman, serif;\"><span style=\"font-size: medium;\">Ba\u015fkan V. \u015eener&#8217;den &#8220;Kesintisiz Hizmet&#8221; Vurgusu<\/span><\/span><\/p>\n<p class=\"western\" align=\"justify\"><span style=\"font-family: Times New Roman, serif;\"><span style=\"font-size: medium;\">\u0130l\u00e7e genelinde y\u00fcr\u00fct\u00fclen \u00e7al\u0131\u015fmalarla ilgili bir de\u011ferlendirme yapan Akdeniz Kaymakam\u0131 ve Belediye Ba\u015fkan V. Zeyit \u015eener, hizmetlerin h\u0131z kesmeden s\u00fcrece\u011fini belirterek \u015funlar\u0131 kaydetti:<\/span><\/span><\/p>\n<p class=\"western\" align=\"justify\"><span style=\"font-family: Times New Roman, serif;\"><span style=\"font-size: medium;\">&#8220;Akdeniz sakini vatanda\u015flar\u0131m\u0131za daha temiz, d\u00fczenli ve her y\u00f6n\u00fcyle g\u00fcvenli bir kent ve ya\u015fam sunmak i\u00e7in aral\u0131ks\u0131z hizmet veriyoruz. Fen \u0130\u015fleri M\u00fcd\u00fcrl\u00fc\u011f\u00fcm\u00fcz, haz\u0131rlad\u0131\u011f\u0131 plan ve program \u00e7er\u00e7evesinde uzak yak\u0131n demeden ihtiya\u00e7 duyan her mahallemize hizmeti ula\u015ft\u0131rmaya devam ediyor. Merkez-k\u0131rsal b\u00f6lge ay\u0131r\u0131m\u0131 yapmadan, tarlas\u0131na giden \u00e7ift\u00e7imizden merkezde ikamet eden vatanda\u015f\u0131m\u0131za kadar herkesin ya\u015fam\u0131n\u0131 kolayla\u015ft\u0131rmak en b\u00fcy\u00fck \u00f6nceli\u011fimiz. Akdeniz&#8217;i g\u00fczelle\u015ftirmek ve de\u011fer katmak i\u00e7in 7\/24 sahada olmaya devam edece\u011fiz.&#8221;<\/span><\/span><\/p>\n<p class=\"western\" align=\"justify\"><span style=\"font-family: Times New Roman, serif;\"><span style=\"font-size: medium;\">Akdeniz Belediyesi, belirlenen \u00e7al\u0131\u015fma takvimi do\u011frultusunda il\u00e7enin eksiklerini gidermek \u00fczere di\u011fer mahallelerde de yenileme faaliyetlerini s\u00fcrd\u00fcrecek.<\/span><\/span><\/p>\n","protected":false},"excerpt":{"rendered":"<p>Akdeniz Belediyesi, vatanda\u015flara daha temiz, d\u00fczenli ve her y\u00f6n\u00fcyle g\u00fcvenli bir kent sunmak amac\u0131yla \u00e7al\u0131\u015fmalar\u0131na aral\u0131ks\u0131z devam ediyor. Fen \u0130\u015fleri M\u00fcd\u00fcrl\u00fc\u011f\u00fc ekipleri, haz\u0131rlanan plan ve program \u00e7er\u00e7evesinde merkez ve k\u0131rsal ayr\u0131m\u0131 yapmaks\u0131z\u0131n bir\u00e7ok mahallede yol, kald\u0131r\u0131m ve bak\u0131m \u00e7al\u0131\u015fmas\u0131 ger\u00e7ekle\u015ftirdi. Mahallelerde Kapsaml\u0131 Yenileme \u00c7al\u0131\u015fmalar\u0131 Fen \u0130\u015fleri M\u00fcd\u00fcrl\u00fc\u011f\u00fc ekipleri son olarak Adanal\u0131o\u011flu, Gazi, \u015eevket S\u00fcmer, Sar\u0131 [&hellip;]<\/p>\n","protected":false},"author":2,"featured_media":131732,"comment_status":"open","ping_status":"open","sticky":false,"template":"","format":"standard","meta":{"footnotes":""},"categories":[1],"tags":[],"class_list":["post-131731","post","type-post","status-publish","format-standard","has-post-thumbnail","hentry","category-gundem"],"views":128,"_links":{"self":[{"href":"https:\/\/mersingazetesi.com\/index.php\/wp-json\/wp\/v2\/posts\/131731","targetHints":{"allow":["GET"]}}],"collection":[{"href":"https:\/\/mersingazetesi.com\/index.php\/wp-json\/wp\/v2\/posts"}],"about":[{"href":"https:\/\/mersingazetesi.com\/index.php\/wp-json\/wp\/v2\/types\/post"}],"author":[{"embeddable":true,"href":"https:\/\/mersingazetesi.com\/index.php\/wp-json\/wp\/v2\/users\/2"}],"replies":[{"embeddable":true,"href":"https:\/\/mersingazetesi.com\/index.php\/wp-json\/wp\/v2\/comments?post=131731"}],"version-history":[{"count":1,"href":"https:\/\/mersingazetesi.com\/index.php\/wp-json\/wp\/v2\/posts\/131731\/revisions"}],"predecessor-version":[{"id":131733,"href":"https:\/\/mersingazetesi.com\/index.php\/wp-json\/wp\/v2\/posts\/131731\/revisions\/131733"}],"wp:featuredmedia":[{"embeddable":true,"href":"https:\/\/mersingazetesi.com\/index.php\/wp-json\/wp\/v2\/media\/131732"}],"wp:attachment":[{"href":"https:\/\/mersingazetesi.com\/index.php\/wp-json\/wp\/v2\/media?parent=131731"}],"wp:term":[{"taxonomy":"category","embeddable":true,"href":"https:\/\/mersingazetesi.com\/index.php\/wp-json\/wp\/v2\/categories?post=131731"},{"taxonomy":"post_tag","embeddable":true,"href":"https:\/\/mersingazetesi.com\/index.php\/wp-json\/wp\/v2\/tags?post=131731"}],"curies":[{"name":"wp","href":"https:\/\/api.w.org\/{rel}","templated":true}]}}