{"id":131729,"date":"2026-04-28T08:56:34","date_gmt":"2026-04-28T05:56:34","guid":{"rendered":"https:\/\/mersingazetesi.com\/?p=131729"},"modified":"2026-04-28T08:56:34","modified_gmt":"2026-04-28T05:56:34","slug":"para-yetmiyor-en-buyuk-sorun-ekonomi","status":"publish","type":"post","link":"https:\/\/mersingazetesi.com\/index.php\/2026\/04\/28\/para-yetmiyor-en-buyuk-sorun-ekonomi\/","title":{"rendered":"\u201cPara Yetmiyor, En B\u00fcy\u00fck Sorun Ekonomi\u201d"},"content":{"rendered":"<p>Mersin \u00e7ar\u015f\u0131s\u0131nda yap\u0131lan sokak r\u00f6portajlar\u0131, vatanda\u015f\u0131n g\u00fcndeminde ekonomik s\u0131k\u0131nt\u0131lar\u0131n a\u00e7\u0131k ara \u00f6ne \u00e7\u0131kt\u0131\u011f\u0131n\u0131 ortaya koydu. Farkl\u0131 ya\u015f ve meslek gruplar\u0131ndan yurtta\u015flar, hem al\u0131m g\u00fcc\u00fcndeki d\u00fc\u015f\u00fc\u015f\u00fc hem de \u015fehirdeki temel sorunlar\u0131 \u00e7arp\u0131c\u0131 ifadelerle dile getirdi.<\/p>\n<p><b>\u201c100 TL ile art\u0131k hi\u00e7bir \u015fey al\u0131nm\u0131yor!\u201d<\/b><\/p>\n<p>Vatanda\u015flara y\u00f6neltilen \u201cEskiden 100 TL ile ne al\u0131yordunuz, \u015fimdi ne alabiliyorsunuz?\u201d sorusu, hayat pahal\u0131l\u0131\u011f\u0131n\u0131 g\u00f6zler \u00f6n\u00fcne serdi.<\/p>\n<p>52 ya\u015f\u0131ndaki bir esnaf, ge\u00e7mi\u015fle bug\u00fcn\u00fc k\u0131yaslayarak \u201cEskiden pazara girip iki po\u015fet dolusu \u00fcr\u00fcn alabiliyorduk, \u015fimdi 100 lirayla birka\u00e7 par\u00e7a sebze ancak al\u0131nabiliyor\u201d dedi.<\/p>\n<p>\u00dcniversite \u00f6\u011frencisi bir gen\u00e7 ise 100 liran\u0131n g\u00fcnl\u00fck harcamalara bile yetmedi\u011fini belirterek, \u201cBir kahve i\u00e7ip bir \u015fey yedi\u011finde para bitiyor\u201d s\u00f6zleriyle durumu \u00f6zetledi.<\/p>\n<p>Emekli bir vatanda\u015f da art\u0131k cebindeki 100 liran\u0131n bir anlam ifade etmedi\u011fini vurgularken, kuryelik yapan bir ba\u015fka yurtta\u015f ise artan yak\u0131t fiyatlar\u0131n\u0131n i\u015flerini do\u011frudan etkiledi\u011fini s\u00f6yledi.<\/p>\n<p>Hizmet sekt\u00f6r\u00fcnde \u00e7al\u0131\u015fanlar da benzer g\u00f6r\u00fc\u015fte. Bir kuaf\u00f6r, \u201cEskiden bak\u0131m yap\u0131labiliyordu, \u015fimdi tek bir hizmete bile yetmiyor\u201d diyerek m\u00fc\u015fteri say\u0131s\u0131ndaki d\u00fc\u015f\u00fc\u015fe dikkat \u00e7ekti.<\/p>\n<p><b>\u201cEn b\u00fcy\u00fck sorun ekonomi ve i\u015fsizlik\u201d<\/b><\/p>\n<p>\u201cBu \u015fehirde en b\u00fcy\u00fck sorun ne?\u201d sorusuna verilen yan\u0131tlar da b\u00fcy\u00fck \u00f6l\u00e7\u00fcde ortakla\u015ft\u0131.<\/p>\n<p>Bir manav, \u201c\u0130nsanlar\u0131n al\u0131m g\u00fcc\u00fc d\u00fc\u015ft\u00fc, biz satam\u0131yoruz\u201d diyerek ekonomik daralmay\u0131 i\u015faret etti.<\/p>\n<p>Gen\u00e7ler ise i\u015fsizlikten yak\u0131nd\u0131. \u0130\u015f arayan bir vatanda\u015f, \u201cOkuyorsun ama i\u015f yok, olanlar da g\u00fcvencesiz\u201d diyerek umutsuzlu\u011funu dile getirdi.<\/p>\n<p>Trafik ve altyap\u0131 eksiklikleri de \u00f6ne \u00e7\u0131kan di\u011fer sorunlar aras\u0131nda yer ald\u0131. Bir taksici, \u015fehirde artan d\u00fczensizli\u011fe dikkat \u00e7ekerken, bir ma\u011faza \u00e7al\u0131\u015fan\u0131 kira fiyatlar\u0131n\u0131n vatanda\u015f\u0131n belini b\u00fckt\u00fc\u011f\u00fcn\u00fc s\u00f6yledi.<\/p>\n<p>Emekli bir \u00f6\u011fretmen ise Mersin\u2019deki sorunlar\u0131n temelinde \u201cplans\u0131z b\u00fcy\u00fcme\u201d oldu\u011funu ifade etti.<\/p>\n<p><b>\u201cMersin ya\u015fanabilir ama giderek zorla\u015f\u0131yor\u201d<\/b><\/p>\n<p>\u201cMersin\u2019de ya\u015famak kolay m\u0131 zor mu?\u201d sorusuna verilen yan\u0131tlar ise daha dengeli bir tablo ortaya koydu.<\/p>\n<p>Bir\u00e7ok vatanda\u015f, ekonomik nedenlerle ya\u015fam\u0131n zorla\u015ft\u0131\u011f\u0131n\u0131 belirtirken, \u015fehrin sundu\u011fu imkanlar\u0131n h\u00e2l\u00e2 bir avantaj oldu\u011funu ifade etti.<\/p>\n<p>Garson olarak \u00e7al\u0131\u015fan bir gen\u00e7, \u201cKazand\u0131\u011f\u0131n para yetmiyor\u201d derken, bir esnaf \u201cEskisi kadar kolay de\u011fil ama yine de b\u00fcy\u00fck \u015fehirlere g\u00f6re idare eder\u201d yorumunda bulundu.<\/p>\n<p>\u00d6\u011frenciler ve aileler ise \u00f6zellikle maddi imkanlara ba\u011fl\u0131 olarak ya\u015fam kalitesinin de\u011fi\u015fti\u011fini vurgulad\u0131. \u00c7ocuklu bir anne, artan masraflar\u0131n hayat\u0131 zorla\u015ft\u0131rd\u0131\u011f\u0131n\u0131 ancak \u015fehrin imkanlar\u0131n\u0131n h\u00e2l\u00e2 cazip oldu\u011funu dile getirdi.<\/p>\n<p><b>Genel tablo: Ortak kayg\u0131 ge\u00e7im<\/b><\/p>\n<p>R\u00f6portajlar\u0131n ortak noktas\u0131, ge\u00e7im s\u0131k\u0131nt\u0131s\u0131n\u0131n toplumun her kesimini etkiledi\u011fi y\u00f6n\u00fcnde. Ekonomi, i\u015fsizlik ve hayat pahal\u0131l\u0131\u011f\u0131 Mersin\u2019de ya\u015fayanlar\u0131n en temel g\u00fcndem maddeleri olarak \u00f6ne \u00e7\u0131karken, vatanda\u015flar her ge\u00e7en g\u00fcn artan maliyetler kar\u015f\u0131s\u0131nda daha fazla zorland\u0131klar\u0131n\u0131 ifade ediyor.<\/p>\n","protected":false},"excerpt":{"rendered":"<p>Mersin \u00e7ar\u015f\u0131s\u0131nda yap\u0131lan sokak r\u00f6portajlar\u0131, vatanda\u015f\u0131n g\u00fcndeminde ekonomik s\u0131k\u0131nt\u0131lar\u0131n a\u00e7\u0131k ara \u00f6ne \u00e7\u0131kt\u0131\u011f\u0131n\u0131 ortaya koydu. Farkl\u0131 ya\u015f ve meslek gruplar\u0131ndan yurtta\u015flar, hem al\u0131m g\u00fcc\u00fcndeki d\u00fc\u015f\u00fc\u015f\u00fc hem de \u015fehirdeki temel sorunlar\u0131 \u00e7arp\u0131c\u0131 ifadelerle dile getirdi. \u201c100 TL ile art\u0131k hi\u00e7bir \u015fey al\u0131nm\u0131yor!\u201d Vatanda\u015flara y\u00f6neltilen \u201cEskiden 100 TL ile ne al\u0131yordunuz, \u015fimdi ne alabiliyorsunuz?\u201d sorusu, hayat pahal\u0131l\u0131\u011f\u0131n\u0131 [&hellip;]<\/p>\n","protected":false},"author":2,"featured_media":131279,"comment_status":"open","ping_status":"open","sticky":false,"template":"","format":"standard","meta":{"footnotes":""},"categories":[1],"tags":[],"class_list":["post-131729","post","type-post","status-publish","format-standard","has-post-thumbnail","hentry","category-gundem"],"views":133,"_links":{"self":[{"href":"https:\/\/mersingazetesi.com\/index.php\/wp-json\/wp\/v2\/posts\/131729","targetHints":{"allow":["GET"]}}],"collection":[{"href":"https:\/\/mersingazetesi.com\/index.php\/wp-json\/wp\/v2\/posts"}],"about":[{"href":"https:\/\/mersingazetesi.com\/index.php\/wp-json\/wp\/v2\/types\/post"}],"author":[{"embeddable":true,"href":"https:\/\/mersingazetesi.com\/index.php\/wp-json\/wp\/v2\/users\/2"}],"replies":[{"embeddable":true,"href":"https:\/\/mersingazetesi.com\/index.php\/wp-json\/wp\/v2\/comments?post=131729"}],"version-history":[{"count":1,"href":"https:\/\/mersingazetesi.com\/index.php\/wp-json\/wp\/v2\/posts\/131729\/revisions"}],"predecessor-version":[{"id":131730,"href":"https:\/\/mersingazetesi.com\/index.php\/wp-json\/wp\/v2\/posts\/131729\/revisions\/131730"}],"wp:featuredmedia":[{"embeddable":true,"href":"https:\/\/mersingazetesi.com\/index.php\/wp-json\/wp\/v2\/media\/131279"}],"wp:attachment":[{"href":"https:\/\/mersingazetesi.com\/index.php\/wp-json\/wp\/v2\/media?parent=131729"}],"wp:term":[{"taxonomy":"category","embeddable":true,"href":"https:\/\/mersingazetesi.com\/index.php\/wp-json\/wp\/v2\/categories?post=131729"},{"taxonomy":"post_tag","embeddable":true,"href":"https:\/\/mersingazetesi.com\/index.php\/wp-json\/wp\/v2\/tags?post=131729"}],"curies":[{"name":"wp","href":"https:\/\/api.w.org\/{rel}","templated":true}]}}