{"id":131727,"date":"2026-04-28T08:55:27","date_gmt":"2026-04-28T05:55:27","guid":{"rendered":"https:\/\/mersingazetesi.com\/?p=131727"},"modified":"2026-04-28T08:55:27","modified_gmt":"2026-04-28T05:55:27","slug":"anilarla-yasamak-kibris-baris-harekatinda-anamurdan-kibrisa-yayin-yapan-kibrisin-sesi-radyosu","status":"publish","type":"post","link":"https:\/\/mersingazetesi.com\/index.php\/2026\/04\/28\/anilarla-yasamak-kibris-baris-harekatinda-anamurdan-kibrisa-yayin-yapan-kibrisin-sesi-radyosu\/","title":{"rendered":"ANILARLA YA\u015eAMAK: KIBRIS BARI\u015e HAREK\u00c2TINDA ANAMUR\u2019DAN KIBRIS\u2019A YAYIN YAPAN KIBRIS&#8217;IN SES\u0130 RADYOSU"},"content":{"rendered":"<div class=\"gs\">\n<div class=\"\">\n<div id=\":n1\" class=\"ii gt\">\n<div id=\":ni\" class=\"a3s aiL\">\n<div id=\"avWBGd-76\">\n<div dir=\"ltr\">\n<div dir=\"auto\">K\u0131br\u0131s\u2019ta, ter\u00f6r \u00f6rg\u00fct\u00fc EOKA militanlar\u0131 taraf\u0131ndan 21 Aral\u0131k 1963&#8217;te K\u0131br\u0131s T\u00fcrklerine y\u00f6nelik ba\u015flat\u0131lan ve tarihe \u201cKanl\u0131 Noel\u201d olarak ge\u00e7en katliam\u0131 unutmak m\u00fcmk\u00fcn de\u011fil\u2026<\/div>\n<div dir=\"auto\">Rumlar \u201cEnosis\u201d hayalleri ile K\u0131br\u0131s\u2019\u0131 Yunanistan\u2019a ba\u011flamak \u00fczere bir \u00e7aba i\u00e7ine girmi\u015flerdi.<\/div>\n<div dir=\"auto\">Sald\u0131r\u0131larla Lefko\u015fa ku\u015fat\u0131lm\u0131\u015f, Yunan Alay\u0131\u2019ndaki askerler T\u00fcrklere sald\u0131rm\u0131\u015ft\u0131.<\/div>\n<div dir=\"auto\">25 Aral\u0131k 1963\u2019te T\u00fcrk sava\u015f jetlerinin geli\u015fi ve T\u00fcrk Alay\u0131\u2019n\u0131n Hamitk\u00f6y civar\u0131na konu\u015flanmas\u0131 ile sald\u0131r\u0131lar durmu\u015f fakat Rumlar\u0131n Lefko\u015fa ku\u015fatmas\u0131 T\u00fcrk askerinin K\u0131br\u0131s&#8217;a \u00e7\u0131kt\u0131\u011f\u0131 1974 y\u0131l\u0131na kadar devam etmi\u015fti.<\/div>\n<div dir=\"auto\">1963 y\u0131l\u0131nda K\u0131br\u0131s olaylar\u0131 patlak vermi\u015fti.<\/div>\n<div dir=\"auto\">O d\u00f6nemde Adana\u2019da \u00f6\u011frenciydim. S\u0131n\u0131f\u0131m\u0131zda 7 tane K\u0131br\u0131sl\u0131 \u00f6\u011frenci vard\u0131.<\/div>\n<div dir=\"auto\">Ailelerinden haber alam\u0131yorlard\u0131.<\/div>\n<div dir=\"auto\">Onlar\u0131n ac\u0131lar\u0131 ac\u0131m olmu\u015f, onlar\u0131 teselli etmek i\u00e7in kendileriyle K\u0131br\u0131s\u2019a en yak\u0131n \u0130l\u00e7emiz olan Anamur\u2019a getirmi\u015ftim.<\/div>\n<div dir=\"auto\">21 Aral\u0131k 1963\u2019\u00fc g\u00f6sterdi\u011finde K\u0131br\u0131s\u2019a rum sald\u0131r\u0131lar\u0131n\u0131n ba\u015flam\u0131\u015f, buna paralel olarak Rum radyosundan da adada bulunan T\u00fcrklere y\u00f6nelik moral bozucu yay\u0131nlara h\u0131z verilmi\u015fti.<\/div>\n<div dir=\"auto\">T\u00fcrkler taraf\u0131ndan bir radyo evi kurma zorunlulu\u011fu ortaya \u00e7\u0131km\u0131\u015ft\u0131.<\/div>\n<div dir=\"auto\">Araba ak\u00fcleri ve telefon ahizeleri ile yap\u0131lan ve 25 Aral\u0131k 1963\u2019ten itibaren birka\u00e7 teknisyenin \u00f6zverili \u00e7al\u0131\u015fmalar\u0131yla yay\u0131n hayat\u0131na ba\u015flayan Bayrak Radyosu, K\u0131br\u0131s T\u00fcrk toplumunun en b\u00fcy\u00fck moral kayna\u011f\u0131 olmu\u015f, \u00e7arp\u0131\u015fmalar ve katliamlar sonucunda birbirlerinden ayr\u0131 d\u00fc\u015fen ve haberle\u015femeyen ailelerin iyilik ve sa\u011fl\u0131k haberlerini yay\u0131nlayarak mill\u00ee mar\u015flar, kahramanl\u0131k t\u00fcrk\u00fcleri ve \u015fiirler okuyarak toplumun moral seviyesini hep y\u00fcksek tutmu\u015f ve mill\u00ee duygular\u0131 kam\u00e7\u0131lam\u0131\u015ft\u0131.<\/div>\n<div dir=\"auto\">\u201cK\u0131br\u0131s T\u00fcrk M\u00fccahidinin Sesi; Bayrak Radyosu\u201d Doktor Faz\u0131l K\u00fc\u00e7\u00fck\u2019\u00fcn garaj\u0131ndan imk\u00e2ns\u0131zl\u0131klar i\u00e7inde \u00f6nceleri sadece 5 dakika s\u00fcreyle yay\u0131n yapabiliyordu.<\/div>\n<div dir=\"auto\">\u0130stasyon daha sonra Dr. Faz\u0131l K\u00fc\u00e7\u00fck\u2019\u00fcn malik\u00e2nesinin arkas\u0131nda bir ke\u00e7i a\u011f\u0131l\u0131ndan yay\u0131na devam etmi\u015fti.<\/div>\n<div dir=\"auto\">Burada olu\u015fturulan st\u00fcdyodan okunan haberler s\u0131ras\u0131nda arka planda da ke\u00e7i sesleri duyulmaktayd\u0131.<\/div>\n<div dir=\"auto\">Bu st\u00fcdyo arac\u0131l\u0131\u011f\u0131yla T\u00fcrk Mukavemet Te\u015fkilat\u0131n\u0131n Lefko\u015fa Serdar\u0131 Kemal \u015eemiler d\u00fcnyaya seslenme imk\u00e2n\u0131 bulmu\u015f ve \u015f\u00f6yle demi\u015fti;<\/div>\n<div dir=\"auto\">\u201cBarbarl\u0131\u011f\u0131n, vandalizmin, kahpeli\u011fin ne demek oldu\u011funu \u00f6\u011frenmek isterseniz K\u0131br\u0131s\u2019a geliniz. Banyolar\u0131n i\u00e7erisindeki kad\u0131n ve k\u00fc\u00e7\u00fck ya\u015ftaki yavrular\u0131m\u0131z\u0131n cesetlerini g\u00f6r\u00fcn\u00fcz. \u0130ngilizleri arkas\u0131ndan vurmakla kendini kahraman addeden korkaklar! Kar\u015f\u0131n\u0131zda sava\u015fanlar\u0131n T\u00fcrk oldu\u011funu unuttunuz. Nutuk meydanlar\u0131nda raslad\u0131\u011f\u0131n\u0131z kahramanl\u0131\u011f\u0131 \u015fimdi sava\u015f meydanlar\u0131nda neden g\u00f6stermiyorsunuz? Al\u00e7aklar, saklan\u0131n, T\u00fcrkler geliyor\u2026\u201d<\/div>\n<div dir=\"auto\">O d\u00f6nemlerde K\u0131br\u0131s\u2019ta 21 Aral\u0131k 1963\u2019te T\u00fcrkleri toptan yok etmeyi ve Enosis\u2019i ger\u00e7ekle\u015ftirmeyi ama\u00e7layan \u2018Akritas Plan\u0131\u2019 uygulamaya konuldu\u011funda, K\u0131br\u0131s T\u00fcrkleri sesini duyuracak bir radyodan mahrum kalm\u0131\u015ft\u0131.<\/div>\n<div dir=\"auto\">K\u0131br\u0131s T\u00fcrkleri taraf\u0131ndan Bayrak Radyosu kurulduysa da belirli mesafelere kadar sesini duyurabiliyordu.<\/div>\n<div dir=\"auto\">Bayrak Radyosu\u2019na takviye gerekirdi. Bu nedenle bir s\u00fcre sonra Anamur\u2019da yay\u0131nlar\u0131yla Rumlar\u0131 \u00e7\u0131lg\u0131na \u00e7eviren \u201cK\u0131br\u0131s\u2019\u0131n Sesi Radyosu\u201d kurulmu\u015ftu.<\/div>\n<div dir=\"auto\">K\u0131br\u0131s\u2019\u0131n Sesi Radyosu\u2019nda yay\u0131nlanacak haber ve yorumlar Ankara\u2019da haz\u0131rlan\u0131yordu.<\/div>\n<div dir=\"auto\">K\u0131br\u0131s halk\u0131n\u0131n birbirleriyle ileti\u015fim kurmakta zorluk \u00e7ekti\u011fi bir zamanda Anamurda K\u0131br\u0131s\u0131n Sesi Radyosu kurulmu\u015ftu.<\/div>\n<div dir=\"auto\">K\u0131br\u0131sl\u0131 \u00f6\u011frenci arkada\u015flar\u0131m\u0131 ailelerinden haber almalar\u0131 \u00fcmidi ile Anamur\u2019da yay\u0131n yapan ve sadece belirli say\u0131da ki\u015fini bildi\u011fi Radyoda g\u00f6rev yapan ki\u015filer ile g\u00f6r\u00fc\u015fmelerini ve ailelerinden haber almalar\u0131n\u0131 sa\u011flam\u0131\u015ft\u0131m.<\/div>\n<div dir=\"auto\">Radyo \u00e7al\u0131\u015fanlardan bir karde\u015fimizi ablam\u0131n evinde bar\u0131nd\u0131rm\u0131\u015ft\u0131k ve K\u0131br\u0131sl\u0131 \u00f6\u011frenci arkada\u015flar\u0131m\u0131n ailelerinin sa\u011fl\u0131k haberlerini bu yolla alm\u0131\u015ft\u0131k.<\/div>\n<div dir=\"auto\">Radyonun 1963 y\u0131l\u0131nda kurulmas\u0131yla birlikte 18 saat T\u00fcrk\u00e7e, \u0130ngilizce ve Rumca olmak \u00fczere 3 dilde yay\u0131n yapmaya ba\u015flam\u0131\u015ft\u0131.<\/div>\n<div dir=\"auto\">Radyo evinde \u00e7al\u0131\u015fan K\u0131br\u0131sl\u0131 karde\u015fim arac\u0131l\u0131\u011f\u0131 ile di\u011fer personelin bar\u0131nma ve di\u011fer ihtiya\u00e7lar\u0131na yard\u0131mc\u0131 olmaya \u00e7al\u0131\u015fm\u0131\u015ft\u0131k.<\/div>\n<div dir=\"auto\">Rumlar T\u00fcrkiye&#8217;nin K\u0131br\u0131s&#8217;a gelemeyece\u011fi d\u00fc\u015f\u00fcncesiyle radyolar\u0131nda \u2018Bekledim de gelmedin. Hi\u00e7 mi beni sevmedin\u2019 \u015fark\u0131s\u0131n\u0131 \u00e7alarken buna kar\u015f\u0131l\u0131k olarak Anamur\u2019da yay\u0131n yapan K\u0131br\u0131s\u0131n Sesi radyosundan \u2018Bir gece ans\u0131z\u0131n gelebilirim\u2019 \u015fark\u0131s\u0131n\u0131n \u00e7al\u0131nmas\u0131 Rumlar\u0131 \u00e7\u0131lg\u0131na \u00e7evirmi\u015f ancak K\u0131br\u0131s\u0131n Sesi radyosunu K\u0131br\u0131sta aram\u0131\u015f bulamam\u0131\u015flard\u0131.<\/div>\n<div dir=\"auto\">O d\u00f6nemde bu \u015fark\u0131n\u0131n K\u0131br\u0131s&#8217;\u0131n Sesi Radyosu i\u00e7in \u00e7ok \u00f6nemli bir yeri vard\u0131.<\/div>\n<div dir=\"auto\">K\u0131br\u0131s\u2019\u0131n Sesi Radyosu yay\u0131n\u0131na \u0130stiklal Mar\u015f\u0131 ile ba\u015flar, daha sonra \u201cK\u0131br\u0131s\u2019\u0131n Da\u011flar\u0131nda Arslanlar Ya\u015far\u201d mar\u015f\u0131 ile devam ederdi.<\/div>\n<div dir=\"auto\">Anamur\u2019da iskele yolundan sa\u011fa d\u00f6n\u00fclerek gidilen yolun \u00f6n\u00fcndeki bariyerin hemen \u00f6n\u00fcnde b\u00fcy\u00fck bir plaka \u00fczerinde \u201cAskeri Meteoroloji \u0130stasyonu\u201d yazard\u0131.<\/div>\n<div dir=\"auto\">\u0130ki \u00e7ok y\u00fcksek kule aras\u0131nda K\u0131br\u0131s&#8217;a paralel bulunan antenin ve istasyonun alt\u0131 tamamen bak\u0131r plakalar ile kapl\u0131yd\u0131.<\/div>\n<div dir=\"auto\">O d\u00f6nemlerde yaz tatillerinde K\u0131br\u0131sl\u0131 \u00f6\u011frenci arkada\u015flar\u0131mla s\u0131k s\u0131k gizlice Radyo evine girdi\u011fimiz ve ihtiya\u00e7lar\u0131n\u0131 temin etmeye \u00e7al\u0131\u015fmalar\u0131m\u0131z olmu\u015ftu.<\/div>\n<div dir=\"auto\">Unutamad\u0131\u011f\u0131m\u0131z g\u00fcnler\u2026<\/div>\n<div dir=\"auto\">K\u0131br\u0131s Bar\u0131\u015f Harekat\u0131 ba\u015flamadan deneme yay\u0131nlar\u0131na ba\u015flayan ve ilk yay\u0131nlar\u0131 deneme ama\u00e7l\u0131<\/div>\n<div dir=\"auto\">M\u00fczik yay\u0131n\u0131 olan, 9 Eyl\u00fcl 1964 tarihinde ise haber programlar\u0131yla resmen<\/div>\n<div dir=\"auto\">Yay\u0131n hayat\u0131na ba\u015flayan, 28 Haziran 1978 tarihine kadar faaliyette bulunan ve<\/div>\n<div dir=\"auto\">Mersin\u2019in Anamur il\u00e7esinden yay\u0131n yapt\u0131\u011f\u0131 i\u00e7in vatanda\u015flar taraf\u0131ndan Anamur<\/div>\n<div dir=\"auto\">Radyosu olarak bilinen K\u0131br\u0131s\u2019\u0131n Sesi Radyosu\u2019nda \u015fark\u0131 aralar\u0131nda verilen mesajlar o d\u00f6nemde T\u00fcrk halk\u0131 ve sava\u015fan askerler i\u00e7in adeta kurtulu\u015f olmu\u015ftu.<\/div>\n<div dir=\"auto\">1964 y\u0131l\u0131ndan itibaren faaliyette bulunan bu radyo istasyonunda<\/div>\n<div dir=\"auto\">K\u0131br\u0131s\u2019tan g\u00f6revlendirilen K\u0131br\u0131s T\u00fcrkleri g\u00f6rev yapm\u0131\u015flar ve aralar\u0131nda<\/div>\n<div dir=\"auto\">Saffet Soykal, Tegi M\u00fcnir, H\u00fcseyin Hes, Hasan Fehmi gibi insanlar b\u00fcy\u00fck hizmetler vermi\u015flerdir.<\/div>\n<div dir=\"auto\">Anamur&#8217;un Sesi radyosunda \u00e7al\u0131\u015fanlara bar\u0131nma konusunda ailemizin b\u00fcy\u00fck yard\u0131mlar\u0131 olmu\u015ftu.<\/div>\n<div dir=\"auto\">\u00d6yle ki; Bir radyo \u00e7al\u0131\u015fan\u0131na ablam\u0131n 2 katl\u0131 evinin bir kat\u0131n\u0131 vermi\u015f y\u0131llarca bar\u0131nmas\u0131n\u0131 sa\u011flam\u0131\u015ft\u0131k.<\/div>\n<div dir=\"auto\">Grivas komutas\u0131ndaki Rum tedhi\u015f \u00f6rg\u00fct\u00fcn\u00fcn K\u0131br\u0131s T\u00fcrklerine y\u00f6nelik sald\u0131r\u0131lar\u0131n\u0131n yo\u011funla\u015farak artmas\u0131, Erenk\u00f6y b\u00f6lgesinde devam eden ku\u015fatma ve K\u0131br\u0131s T\u00fcrklerinin daha g\u00fcvenli b\u00f6lgelere g\u00f6\u00e7 etme tela\u015f\u0131 i\u00e7erisinde T\u00fcrkiye de devreye girmi\u015fti.<\/div>\n<div dir=\"auto\">K\u0131br\u0131s adas\u0131n\u0131n T\u00fcrkiye\u2019ye en yak\u0131n nokta oldu\u011fu Mersin\u2019in Anamur il\u00e7esinde kurulan radyo istasyonu arac\u0131l\u0131\u011f\u0131yla g\u00fcnde 18 saat boyunca T\u00fcrk\u00e7e, \u0130ngilizce ve Rumca yay\u0131n yap\u0131l\u0131r, t\u00fcrk\u00fc ve \u015fark\u0131 aralar\u0131nda oldu\u011fu gibi \u015fifreli mesajlarla sava\u015f\u0131n seyri de\u011fi\u015ftirilirdi.<\/div>\n<div dir=\"auto\">Resmi ad\u0131 \u2018\u2019K\u0131sa Dalga A\u2019\u2019 Radyosu olan radyo istasyonunun 1964\u20131974 d\u00f6neminde Anamur\u2019da yay\u0131n hayat\u0131nda bulundu\u011fu d\u00f6nem i\u00e7erisinde faaliyetleri Genelkurmay Ba\u015fkanl\u0131\u011f\u0131 ile TRT ve PTT yetkililerinin yer ald\u0131\u011f\u0131 K\u0130P\u0130G isimli bir \u00fcst kurul taraf\u0131ndan y\u00f6netilmi\u015fti.<\/div>\n<div dir=\"auto\">Di\u011fer b\u00fct\u00fcn radyo istasyonlar\u0131 adan\u0131n farkl\u0131 noktalar\u0131ndan yay\u0131n yapmaya gayret ederken Anamurlular\u0131n zaman i\u00e7inde Anamur&#8217;un Sesi veya Anamur<\/div>\n<div dir=\"auto\">Radyosu olarak adland\u0131racaklar\u0131 bu radyo ise T\u00fcrkiye s\u0131n\u0131rlar\u0131 i\u00e7inden ve<\/div>\n<div dir=\"auto\">Akdeniz\u2019in kar\u015f\u0131 yakas\u0131ndan yay\u0131n yapm\u0131\u015f ve bu durum \u00e7ok daha rahat<\/div>\n<div dir=\"auto\">ve g\u00fcvenli yay\u0131n yapmas\u0131na neden olmu\u015ftur.<\/div>\n<div dir=\"auto\">Buna ra\u011fmen K\u0131br\u0131sl\u0131 Rumlar da bo\u015f durmam\u0131\u015f ve s\u00f6z konusu radyonun yay\u0131nlar\u0131n\u0131n nereden yap\u0131ld\u0131\u011f\u0131n\u0131 bulmaya \u00e7al\u0131\u015fm\u0131\u015flard\u0131r.<\/div>\n<div dir=\"auto\">Bu noktada K\u0131br\u0131s\u2019\u0131n Sesi Radyosu\u2019nu da yak\u0131n takibe alan Rumlar Ankara\u2019da bulunan K\u0131br\u0131s Cumhuriyeti B\u00fcy\u00fckel\u00e7isi vas\u0131tas\u0131yla bu radyonun yerini tespit etmeye \u00e7al\u0131\u015fm\u0131\u015flar ve Anamur\u2019a gelen Rum diplomat askeri kamp\u0131n bulundu\u011fu alana girmeye \u00e7al\u0131\u015fm\u0131\u015ft\u0131r.<\/div>\n<div dir=\"auto\">\u0130\u00e7eriye al\u0131nmayan Rum diplomat bunun \u00fczerine Ankara\u2019da TRT Genel M\u00fcd\u00fcrl\u00fc\u011f\u00fc\u2019ne giderek bu radyo istasyonunun yay\u0131nlar\u0131n\u0131n ne \u015fekilde yap\u0131ld\u0131\u011f\u0131 konusunda bilgi alma gayreti i\u00e7ine girmi\u015ftir.<\/div>\n<div dir=\"auto\">Ancak yerini yine tespit edemez.<\/div>\n<div dir=\"auto\">K\u0131br\u0131s&#8217;\u0131n Sesi radyosu K\u0131br\u0131s Bar\u0131\u015f harek\u00e2t\u0131 sona erinceye kadar devam etmi\u015f, g\u00f6rev tamamlan\u0131nca kapat\u0131lm\u0131\u015ft\u0131r.<\/div>\n<div dir=\"auto\">G\u00f6n\u00fcl isterdi ki; Anamurda kurulan K\u0131br\u0131s&#8217;\u0131n Sesi radyosu ayn\u0131 mek\u00e2nda asl\u0131na<\/div>\n<div dir=\"auto\">uygun bi\u00e7imde d\u00fczenlensin ve turizme a\u00e7\u0131ls\u0131n\u2026<\/div>\n<div dir=\"auto\">Ama maalesef \u00f6yle olmam\u0131\u015f Adana ve Mersin radyo evi yetkilileri taraf\u0131ndan aletler s\u00f6k\u00fclerek g\u00f6t\u00fcr\u00fclm\u00fc\u015f ve ve adeta K\u0131br\u0131s&#8217;\u0131n Sesi radyosu talan edilmi\u015ftir.<\/div>\n<div dir=\"auto\">Ho\u015f\u00e7a kal\u0131n\u0131z.<\/div>\n<\/div>\n<div class=\"yj6qo\"><\/div>\n<div class=\"adL\"><\/div>\n<\/div>\n<\/div>\n<\/div>\n<div id=\"avWBGd-77\" class=\"WhmR8e\" data-hash=\"0\"><\/div>\n<\/div>\n<\/div>\n","protected":false},"excerpt":{"rendered":"<p>K\u0131br\u0131s\u2019ta, ter\u00f6r \u00f6rg\u00fct\u00fc EOKA militanlar\u0131 taraf\u0131ndan 21 Aral\u0131k 1963&#8217;te K\u0131br\u0131s T\u00fcrklerine y\u00f6nelik ba\u015flat\u0131lan ve tarihe \u201cKanl\u0131 Noel\u201d olarak ge\u00e7en katliam\u0131 unutmak m\u00fcmk\u00fcn de\u011fil\u2026 Rumlar \u201cEnosis\u201d hayalleri ile K\u0131br\u0131s\u2019\u0131 Yunanistan\u2019a ba\u011flamak \u00fczere bir \u00e7aba i\u00e7ine girmi\u015flerdi. Sald\u0131r\u0131larla Lefko\u015fa ku\u015fat\u0131lm\u0131\u015f, Yunan Alay\u0131\u2019ndaki askerler T\u00fcrklere sald\u0131rm\u0131\u015ft\u0131. 25 Aral\u0131k 1963\u2019te T\u00fcrk sava\u015f jetlerinin geli\u015fi ve T\u00fcrk Alay\u0131\u2019n\u0131n Hamitk\u00f6y civar\u0131na [&hellip;]<\/p>\n","protected":false},"author":11,"featured_media":131468,"comment_status":"open","ping_status":"open","sticky":false,"template":"","format":"standard","meta":{"footnotes":""},"categories":[21],"tags":[],"class_list":["post-131727","post","type-post","status-publish","format-standard","has-post-thumbnail","hentry","category-gazi-mert"],"views":119,"_links":{"self":[{"href":"https:\/\/mersingazetesi.com\/index.php\/wp-json\/wp\/v2\/posts\/131727","targetHints":{"allow":["GET"]}}],"collection":[{"href":"https:\/\/mersingazetesi.com\/index.php\/wp-json\/wp\/v2\/posts"}],"about":[{"href":"https:\/\/mersingazetesi.com\/index.php\/wp-json\/wp\/v2\/types\/post"}],"author":[{"embeddable":true,"href":"https:\/\/mersingazetesi.com\/index.php\/wp-json\/wp\/v2\/users\/11"}],"replies":[{"embeddable":true,"href":"https:\/\/mersingazetesi.com\/index.php\/wp-json\/wp\/v2\/comments?post=131727"}],"version-history":[{"count":1,"href":"https:\/\/mersingazetesi.com\/index.php\/wp-json\/wp\/v2\/posts\/131727\/revisions"}],"predecessor-version":[{"id":131728,"href":"https:\/\/mersingazetesi.com\/index.php\/wp-json\/wp\/v2\/posts\/131727\/revisions\/131728"}],"wp:featuredmedia":[{"embeddable":true,"href":"https:\/\/mersingazetesi.com\/index.php\/wp-json\/wp\/v2\/media\/131468"}],"wp:attachment":[{"href":"https:\/\/mersingazetesi.com\/index.php\/wp-json\/wp\/v2\/media?parent=131727"}],"wp:term":[{"taxonomy":"category","embeddable":true,"href":"https:\/\/mersingazetesi.com\/index.php\/wp-json\/wp\/v2\/categories?post=131727"},{"taxonomy":"post_tag","embeddable":true,"href":"https:\/\/mersingazetesi.com\/index.php\/wp-json\/wp\/v2\/tags?post=131727"}],"curies":[{"name":"wp","href":"https:\/\/api.w.org\/{rel}","templated":true}]}}