{"id":131713,"date":"2026-04-28T08:48:14","date_gmt":"2026-04-28T05:48:14","guid":{"rendered":"https:\/\/mersingazetesi.com\/?p=131713"},"modified":"2026-04-28T08:48:14","modified_gmt":"2026-04-28T05:48:14","slug":"yanginda-2-evladini-kaybeden-anne-yardim-bekliyor","status":"publish","type":"post","link":"https:\/\/mersingazetesi.com\/index.php\/2026\/04\/28\/yanginda-2-evladini-kaybeden-anne-yardim-bekliyor\/","title":{"rendered":"Yang\u0131nda 2 evlad\u0131n\u0131 kaybeden anne yard\u0131m bekliyor"},"content":{"rendered":"<p>Mersin&#8217;in Tarsus il\u00e7esinde 2021 y\u0131l\u0131nda \u00e7\u0131kan yang\u0131nda iki \u00e7ocu\u011funu kaybeden kad\u0131n, e\u015fi ve \u00fc\u00e7 \u00e7ocu\u011fuyla birlikte ya\u015fam m\u00fccadelesi veriyor.<br \/>\n26 ya\u015f\u0131ndaki Fatma ve 34 ya\u015f\u0131ndaki Tuncay Kuytul \u00e7ifti, 26 \u015eubat 2021&#8217;de Ye\u015fil Mahalle&#8217;de kliman\u0131n patlamas\u0131 sonucu \u00e7\u0131kan yang\u0131nda iki o\u011fullar\u0131n\u0131 kaybetti. Ya\u015fanan ac\u0131n\u0131n \u00fczerinden y\u0131llar ge\u00e7mesine ra\u011fmen ailenin bar\u0131nma sorunu devam ediyor. Yang\u0131nda evlerinin tamamen kullan\u0131lamaz hale geldi\u011fini belirten Fatma Kuytul, e\u015finin \u00e7al\u0131\u015ft\u0131\u011f\u0131 i\u015f yerinde kalmak zorunda olduklar\u0131n\u0131 s\u00f6yledi. \u00dc\u00e7 \u00e7ocu\u011fuyla birlikte zor \u015fartlar alt\u0131nda ya\u015fam\u0131n\u0131 s\u00fcrd\u00fcrd\u00fc\u011f\u00fcn\u00fc ifade eden Kuytul, s\u00fcre\u00e7 i\u00e7erisinde devletten baz\u0131 yard\u0131mlar ald\u0131klar\u0131n\u0131 ancak bu desteklerin kal\u0131c\u0131 bir \u00e7\u00f6z\u00fcm i\u00e7in yeterli olmad\u0131\u011f\u0131n\u0131 dile getirdi. Ya\u015fad\u0131klar\u0131 ac\u0131n\u0131n ard\u0131ndan yeni bir hayat kurmak istediklerini belirten Kuytul, ba\u015fta bar\u0131nma olmak \u00fczere destek beklediklerini kaydetti.<br \/>\nAile, kal\u0131c\u0131 bir ya\u015fam alan\u0131na kavu\u015fabilmek i\u00e7in hay\u0131rseverler ve ilgili kurumlardan yard\u0131m bekliyor.<\/p>\n","protected":false},"excerpt":{"rendered":"<p>Mersin&#8217;in Tarsus il\u00e7esinde 2021 y\u0131l\u0131nda \u00e7\u0131kan yang\u0131nda iki \u00e7ocu\u011funu kaybeden kad\u0131n, e\u015fi ve \u00fc\u00e7 \u00e7ocu\u011fuyla birlikte ya\u015fam m\u00fccadelesi veriyor. 26 ya\u015f\u0131ndaki Fatma ve 34 ya\u015f\u0131ndaki Tuncay Kuytul \u00e7ifti, 26 \u015eubat 2021&#8217;de Ye\u015fil Mahalle&#8217;de kliman\u0131n patlamas\u0131 sonucu \u00e7\u0131kan yang\u0131nda iki o\u011fullar\u0131n\u0131 kaybetti. Ya\u015fanan ac\u0131n\u0131n \u00fczerinden y\u0131llar ge\u00e7mesine ra\u011fmen ailenin bar\u0131nma sorunu devam ediyor. Yang\u0131nda evlerinin tamamen [&hellip;]<\/p>\n","protected":false},"author":2,"featured_media":131714,"comment_status":"open","ping_status":"open","sticky":false,"template":"","format":"standard","meta":{"footnotes":""},"categories":[1],"tags":[],"class_list":["post-131713","post","type-post","status-publish","format-standard","has-post-thumbnail","hentry","category-gundem"],"views":129,"_links":{"self":[{"href":"https:\/\/mersingazetesi.com\/index.php\/wp-json\/wp\/v2\/posts\/131713","targetHints":{"allow":["GET"]}}],"collection":[{"href":"https:\/\/mersingazetesi.com\/index.php\/wp-json\/wp\/v2\/posts"}],"about":[{"href":"https:\/\/mersingazetesi.com\/index.php\/wp-json\/wp\/v2\/types\/post"}],"author":[{"embeddable":true,"href":"https:\/\/mersingazetesi.com\/index.php\/wp-json\/wp\/v2\/users\/2"}],"replies":[{"embeddable":true,"href":"https:\/\/mersingazetesi.com\/index.php\/wp-json\/wp\/v2\/comments?post=131713"}],"version-history":[{"count":1,"href":"https:\/\/mersingazetesi.com\/index.php\/wp-json\/wp\/v2\/posts\/131713\/revisions"}],"predecessor-version":[{"id":131715,"href":"https:\/\/mersingazetesi.com\/index.php\/wp-json\/wp\/v2\/posts\/131713\/revisions\/131715"}],"wp:featuredmedia":[{"embeddable":true,"href":"https:\/\/mersingazetesi.com\/index.php\/wp-json\/wp\/v2\/media\/131714"}],"wp:attachment":[{"href":"https:\/\/mersingazetesi.com\/index.php\/wp-json\/wp\/v2\/media?parent=131713"}],"wp:term":[{"taxonomy":"category","embeddable":true,"href":"https:\/\/mersingazetesi.com\/index.php\/wp-json\/wp\/v2\/categories?post=131713"},{"taxonomy":"post_tag","embeddable":true,"href":"https:\/\/mersingazetesi.com\/index.php\/wp-json\/wp\/v2\/tags?post=131713"}],"curies":[{"name":"wp","href":"https:\/\/api.w.org\/{rel}","templated":true}]}}