{"id":131704,"date":"2026-04-28T08:45:54","date_gmt":"2026-04-28T05:45:54","guid":{"rendered":"https:\/\/mersingazetesi.com\/?p=131704"},"modified":"2026-04-28T08:45:54","modified_gmt":"2026-04-28T05:45:54","slug":"mersinde-uzucu-kaza-2-yasindaki-cocuk-babasinin-kullandigi-aracin-altinda-kaldi","status":"publish","type":"post","link":"https:\/\/mersingazetesi.com\/index.php\/2026\/04\/28\/mersinde-uzucu-kaza-2-yasindaki-cocuk-babasinin-kullandigi-aracin-altinda-kaldi\/","title":{"rendered":"Mersin&#8217;de \u00fcz\u00fcc\u00fc kaza: 2 ya\u015f\u0131ndaki \u00e7ocuk babas\u0131n\u0131n kulland\u0131\u011f\u0131 arac\u0131n alt\u0131nda kald\u0131"},"content":{"rendered":"<p>Mersin\u2019in Tarsus il\u00e7esinde 2 ya\u015f\u0131ndaki \u00e7ocuk, babas\u0131n\u0131n kulland\u0131\u011f\u0131 minib\u00fcs\u00fcn alt\u0131nda kalarak hayat\u0131n\u0131 kaybetti. Kaza an\u0131 ise g\u00fcvenlik kameras\u0131na yans\u0131d\u0131.<br \/>\nOlay, il\u00e7eye ba\u011fl\u0131 \u00c7i\u00e7ekli Mahallesi\u2019nde meydana geldi. Al\u0131nan bilgiye g\u00f6re, tar\u0131m i\u015f\u00e7ilerini ta\u015f\u0131yan servis arac\u0131yla i\u015ften d\u00f6nen A.\u00c7. (37), evinin \u00f6n\u00fcne geldi\u011finde minib\u00fcstekileri indirdi. Ara\u00e7takilerin inmesiyle A.\u00c7. minib\u00fcs\u00fc hareket ettirdi. Bu s\u0131rada 2 ya\u015f\u0131ndaki o\u011flu S.\u00c7. evden h\u0131zla gelerek minib\u00fcs\u00fcn alt\u0131nda kald\u0131. A\u011f\u0131r yaralanan k\u00fc\u00e7\u00fck \u00e7ocuk, olay yerinde yap\u0131lan ilk m\u00fcdahalenin ard\u0131ndan hastaneye kald\u0131r\u0131ld\u0131. Ancak doktorlar\u0131n t\u00fcm \u00e7abalar\u0131na ra\u011fmen kurtar\u0131lamad\u0131. Ac\u0131 haberin ard\u0131ndan baba sinir krizi ge\u00e7irirken, olayla ilgili jandarma ekipleri taraf\u0131ndan soru\u015fturma ba\u015flat\u0131ld\u0131.<br \/>\nKaza an\u0131 ise g\u00fcvenlik kameras\u0131na yans\u0131d\u0131. G\u00fcvenlik kameras\u0131 g\u00f6r\u00fcnt\u00fclerinde minib\u00fcs durmas\u0131yla \u00e7ocu\u011fun evden \u00e7\u0131k\u0131p araca do\u011fru h\u0131zla ko\u015ftu\u011fu, bu s\u0131rada arac\u0131n hareket etti\u011fi yer ald\u0131<br \/>\nOlayla ilgili soru\u015fturma s\u00fcr\u00fcyor.<\/p>\n","protected":false},"excerpt":{"rendered":"<p>Mersin\u2019in Tarsus il\u00e7esinde 2 ya\u015f\u0131ndaki \u00e7ocuk, babas\u0131n\u0131n kulland\u0131\u011f\u0131 minib\u00fcs\u00fcn alt\u0131nda kalarak hayat\u0131n\u0131 kaybetti. Kaza an\u0131 ise g\u00fcvenlik kameras\u0131na yans\u0131d\u0131. Olay, il\u00e7eye ba\u011fl\u0131 \u00c7i\u00e7ekli Mahallesi\u2019nde meydana geldi. Al\u0131nan bilgiye g\u00f6re, tar\u0131m i\u015f\u00e7ilerini ta\u015f\u0131yan servis arac\u0131yla i\u015ften d\u00f6nen A.\u00c7. (37), evinin \u00f6n\u00fcne geldi\u011finde minib\u00fcstekileri indirdi. Ara\u00e7takilerin inmesiyle A.\u00c7. minib\u00fcs\u00fc hareket ettirdi. Bu s\u0131rada 2 ya\u015f\u0131ndaki o\u011flu S.\u00c7. [&hellip;]<\/p>\n","protected":false},"author":2,"featured_media":131705,"comment_status":"open","ping_status":"open","sticky":false,"template":"","format":"standard","meta":{"footnotes":""},"categories":[1],"tags":[],"class_list":["post-131704","post","type-post","status-publish","format-standard","has-post-thumbnail","hentry","category-gundem"],"views":130,"_links":{"self":[{"href":"https:\/\/mersingazetesi.com\/index.php\/wp-json\/wp\/v2\/posts\/131704","targetHints":{"allow":["GET"]}}],"collection":[{"href":"https:\/\/mersingazetesi.com\/index.php\/wp-json\/wp\/v2\/posts"}],"about":[{"href":"https:\/\/mersingazetesi.com\/index.php\/wp-json\/wp\/v2\/types\/post"}],"author":[{"embeddable":true,"href":"https:\/\/mersingazetesi.com\/index.php\/wp-json\/wp\/v2\/users\/2"}],"replies":[{"embeddable":true,"href":"https:\/\/mersingazetesi.com\/index.php\/wp-json\/wp\/v2\/comments?post=131704"}],"version-history":[{"count":1,"href":"https:\/\/mersingazetesi.com\/index.php\/wp-json\/wp\/v2\/posts\/131704\/revisions"}],"predecessor-version":[{"id":131706,"href":"https:\/\/mersingazetesi.com\/index.php\/wp-json\/wp\/v2\/posts\/131704\/revisions\/131706"}],"wp:featuredmedia":[{"embeddable":true,"href":"https:\/\/mersingazetesi.com\/index.php\/wp-json\/wp\/v2\/media\/131705"}],"wp:attachment":[{"href":"https:\/\/mersingazetesi.com\/index.php\/wp-json\/wp\/v2\/media?parent=131704"}],"wp:term":[{"taxonomy":"category","embeddable":true,"href":"https:\/\/mersingazetesi.com\/index.php\/wp-json\/wp\/v2\/categories?post=131704"},{"taxonomy":"post_tag","embeddable":true,"href":"https:\/\/mersingazetesi.com\/index.php\/wp-json\/wp\/v2\/tags?post=131704"}],"curies":[{"name":"wp","href":"https:\/\/api.w.org\/{rel}","templated":true}]}}