{"id":131689,"date":"2026-04-27T17:25:36","date_gmt":"2026-04-27T14:25:36","guid":{"rendered":"https:\/\/mersingazetesi.com\/?p=131689"},"modified":"2026-04-27T17:25:36","modified_gmt":"2026-04-27T14:25:36","slug":"iktidar-degisir-servet-kacar-budapesteden-yukselen-eski-bir-hikaye","status":"publish","type":"post","link":"https:\/\/mersingazetesi.com\/index.php\/2026\/04\/27\/iktidar-degisir-servet-kacar-budapesteden-yukselen-eski-bir-hikaye\/","title":{"rendered":"\u0130ktidar De\u011fi\u015fir, Servet Ka\u00e7ar: Budape\u015fte\u2019den Y\u00fckselen Eski Bir Hik\u00e2ye"},"content":{"rendered":"<div class=\"gs\">\n<div class=\"\">\n<div id=\":sd\" class=\"ii gt\">\n<div id=\":sc\" class=\"a3s aiL\">\n<div id=\"avWBGd-475\">\n<div>\n<div id=\"m_1169866697997194388mail-editor-reference-message-container\">\n<div id=\"m_1169866697997194388mail-editor-reference-message-container\">\n<p dir=\"ltr\">\u0130ktidar de\u011fi\u015fti\u011finde sadece koltuklar el de\u011fi\u015ftirmez. Bazen kasalar da yer de\u011fi\u015ftirir.<\/p>\n<p dir=\"ltr\">Macaristan\u2019da 16 y\u0131ll\u0131k Viktor Orban\u00a0d\u00f6neminin sona ermesiyle birlikte ortaya at\u0131lan iddialar, asl\u0131nda sadece bu \u00fclkeye \u00f6zg\u00fc de\u011fil; tan\u0131d\u0131k, hatta fazlas\u0131yla evrensel. Yeni Ba\u015fbakan Peter Magyar\u2019\u0131n s\u00f6zleri sert: \u0130ktidara yak\u0131n \u00e7evreler \u201cganimetlerini\u201d toplay\u0131p yurt d\u0131\u015f\u0131na ka\u00e7\u0131r\u0131yor.<\/p>\n<p dir=\"ltr\">Bu ifade kula\u011fa a\u011f\u0131r geliyor olabilir. Ama as\u0131l soru \u015fu: E\u011fer bir \u00fclkede iktidara yak\u0131n olmak, y\u0131llar i\u00e7inde milyarlarca forintlik servet biriktirmek anlam\u0131na geliyorsa, o servetin kayna\u011f\u0131 ne kadar \u201ctemizdir\u201d?<\/p>\n<p dir=\"ltr\">\u0130ddialar ciddi. \u00d6zel jetler, Viyana\u2019dan havalan\u0131yor; rotada Orta Do\u011fu var. United Arab Emirates, Saudi Arabia, Oman\u2026 Hatta daha uzak limanlar: ABD, Singapur, Avustralya. Paran\u0131n milliyeti yoktur derler ama g\u00fcvenli liman aray\u0131\u015f\u0131 her zaman politiktir.<\/p>\n<p dir=\"ltr\">Bu tabloyu daha da \u00e7arp\u0131c\u0131 hale getiren bir di\u011fer iddia ise devlet kurumlar\u0131nda belge imhas\u0131. E\u011fer do\u011fruysa, bu sadece bir \u201cservet transferi\u201d de\u011fil; ayn\u0131 zamanda bir \u201chaf\u0131za silme operasyonu\u201d anlam\u0131na gelir. Ve bu, bir \u00fclkenin ge\u00e7mi\u015fine kar\u015f\u0131 i\u015flenmi\u015f en b\u00fcy\u00fck su\u00e7lardan biridir.<\/p>\n<p dir=\"ltr\">Tabii madalyonun di\u011fer y\u00fcz\u00fc de var. P\u00e9ter Szijj\u00e1rt\u00f3\u00a0gibi isimler bu iddialar\u0131 reddediyor. \u201cSa\u00e7mal\u0131k\u201d diyorlar. Belki de hakl\u0131lar. Belki de bu, iktidar de\u011fi\u015fiminin yaratt\u0131\u011f\u0131 do\u011fal bir siyasi gerilimdir. Ama sorun tam da burada ba\u015fl\u0131yor: Ger\u00e7ek ile propaganda aras\u0131ndaki \u00e7izgi bulan\u0131kla\u015ft\u0131\u011f\u0131nda, kamuoyu neye inanaca\u011f\u0131n\u0131 \u015fa\u015f\u0131r\u0131r.<\/p>\n<p dir=\"ltr\">\u00d6te yandan, L\u0151rinc M\u00e9sz\u00e1ros\u00a0gibi isimlerin ad\u0131n\u0131n bu s\u00fcre\u00e7te ge\u00e7mesi tesad\u00fcf de\u011fil. Y\u0131llard\u0131r Orban d\u00f6neminin en \u00e7ok tart\u0131\u015f\u0131lan fig\u00fcrlerinden biri olan bu \u201cyeni zenginler\u201d, asl\u0131nda sistemin nas\u0131l \u00e7al\u0131\u015ft\u0131\u011f\u0131n\u0131n da birer g\u00f6stergesi.<\/p>\n<p dir=\"ltr\">Bir ba\u015fka dikkat \u00e7ekici detay ise ABD fakt\u00f6r\u00fc. Donald Trump\u00a0ile kurulan siyasi yak\u0131nl\u0131k, bug\u00fcn baz\u0131 isimler i\u00e7in bir \u201cka\u00e7\u0131\u015f plan\u0131\u201dna d\u00f6n\u00fc\u015fm\u00fc\u015f olabilir. Siyasetin uluslararas\u0131 a\u011flar\u0131, sadece diplomasi i\u00e7in de\u011fil, bazen s\u0131\u011f\u0131nak bulmak i\u00e7in de kullan\u0131l\u0131yor.<\/p>\n<p dir=\"ltr\">Peki bundan sonra ne olacak?<\/p>\n<p dir=\"ltr\">Fidesz\u00a0d\u00f6neminde kuruldu\u011fu iddia edilen bu ekonomik yap\u0131 ger\u00e7ekten \u00e7\u00f6z\u00fclecek mi? Yoksa sadece el mi de\u011fi\u015ftirecek? \u00c7\u00fcnk\u00fc tarih bize \u015funu defalarca g\u00f6sterdi: Sistem de\u011fi\u015fmeden akt\u00f6rler de\u011fi\u015firse, hik\u00e2ye sadece yeniden yaz\u0131l\u0131r-ama sonu pek de\u011fi\u015fmez.<\/p>\n<p dir=\"ltr\">Macaristan\u2019da ya\u015fananlar, asl\u0131nda daha b\u00fcy\u00fck bir sorunun k\u00fc\u00e7\u00fck bir yans\u0131mas\u0131: \u0130ktidar ile zenginlik aras\u0131ndaki mesafe ne kadar olmal\u0131?<\/p>\n<p dir=\"ltr\">E\u011fer bu mesafe s\u0131f\u0131ra yakla\u015f\u0131rsa, se\u00e7im sonu\u00e7lar\u0131 sadece siyasi de\u011fil, ekonomik depremler yarat\u0131r. Ve o zaman kazanan sadece sand\u0131kta de\u011fil, banka hesaplar\u0131nda da belirlenir.<\/p>\n<p dir=\"ltr\">Belki de as\u0131l mesele \u015fudur:<br \/>\n\u0130ktidar de\u011fi\u015fti\u011finde ka\u00e7an \u015fey para m\u0131, yoksa hesap verme korkusu mu?<\/p>\n<div class=\"yj6qo\"><\/div>\n<div class=\"adL\"><\/div>\n<\/div>\n<div class=\"adL\"><\/div>\n<\/div>\n<div class=\"adL\"><\/div>\n<\/div>\n<div class=\"adL\"><\/div>\n<\/div>\n<\/div>\n<\/div>\n<div id=\"avWBGd-476\" class=\"WhmR8e\" data-hash=\"0\"><\/div>\n<\/div>\n<\/div>\n","protected":false},"excerpt":{"rendered":"<p>\u0130ktidar de\u011fi\u015fti\u011finde sadece koltuklar el de\u011fi\u015ftirmez. Bazen kasalar da yer de\u011fi\u015ftirir. Macaristan\u2019da 16 y\u0131ll\u0131k Viktor Orban\u00a0d\u00f6neminin sona ermesiyle birlikte ortaya at\u0131lan iddialar, asl\u0131nda sadece bu \u00fclkeye \u00f6zg\u00fc de\u011fil; tan\u0131d\u0131k, hatta fazlas\u0131yla evrensel. Yeni Ba\u015fbakan Peter Magyar\u2019\u0131n s\u00f6zleri sert: \u0130ktidara yak\u0131n \u00e7evreler \u201cganimetlerini\u201d toplay\u0131p yurt d\u0131\u015f\u0131na ka\u00e7\u0131r\u0131yor. Bu ifade kula\u011fa a\u011f\u0131r geliyor olabilir. Ama as\u0131l soru [&hellip;]<\/p>\n","protected":false},"author":27,"featured_media":130008,"comment_status":"open","ping_status":"open","sticky":false,"template":"","format":"standard","meta":{"footnotes":""},"categories":[112],"tags":[],"class_list":["post-131689","post","type-post","status-publish","format-standard","has-post-thumbnail","hentry","category-umut-can-erkan"],"views":78,"_links":{"self":[{"href":"https:\/\/mersingazetesi.com\/index.php\/wp-json\/wp\/v2\/posts\/131689","targetHints":{"allow":["GET"]}}],"collection":[{"href":"https:\/\/mersingazetesi.com\/index.php\/wp-json\/wp\/v2\/posts"}],"about":[{"href":"https:\/\/mersingazetesi.com\/index.php\/wp-json\/wp\/v2\/types\/post"}],"author":[{"embeddable":true,"href":"https:\/\/mersingazetesi.com\/index.php\/wp-json\/wp\/v2\/users\/27"}],"replies":[{"embeddable":true,"href":"https:\/\/mersingazetesi.com\/index.php\/wp-json\/wp\/v2\/comments?post=131689"}],"version-history":[{"count":2,"href":"https:\/\/mersingazetesi.com\/index.php\/wp-json\/wp\/v2\/posts\/131689\/revisions"}],"predecessor-version":[{"id":131691,"href":"https:\/\/mersingazetesi.com\/index.php\/wp-json\/wp\/v2\/posts\/131689\/revisions\/131691"}],"wp:featuredmedia":[{"embeddable":true,"href":"https:\/\/mersingazetesi.com\/index.php\/wp-json\/wp\/v2\/media\/130008"}],"wp:attachment":[{"href":"https:\/\/mersingazetesi.com\/index.php\/wp-json\/wp\/v2\/media?parent=131689"}],"wp:term":[{"taxonomy":"category","embeddable":true,"href":"https:\/\/mersingazetesi.com\/index.php\/wp-json\/wp\/v2\/categories?post=131689"},{"taxonomy":"post_tag","embeddable":true,"href":"https:\/\/mersingazetesi.com\/index.php\/wp-json\/wp\/v2\/tags?post=131689"}],"curies":[{"name":"wp","href":"https:\/\/api.w.org\/{rel}","templated":true}]}}