{"id":131686,"date":"2026-04-27T17:05:43","date_gmt":"2026-04-27T14:05:43","guid":{"rendered":"https:\/\/mersingazetesi.com\/?p=131686"},"modified":"2026-04-27T17:05:43","modified_gmt":"2026-04-27T14:05:43","slug":"bogazina-cilek-kacarak-hayatini-kaybeden-minik-mustafa-mersinde-topraga-verildi","status":"publish","type":"post","link":"https:\/\/mersingazetesi.com\/index.php\/2026\/04\/27\/bogazina-cilek-kacarak-hayatini-kaybeden-minik-mustafa-mersinde-topraga-verildi\/","title":{"rendered":"Bo\u011faz\u0131na \u00e7ilek ka\u00e7arak hayat\u0131n\u0131 kaybeden minik Mustafa Mersin\u2019de topra\u011fa verildi"},"content":{"rendered":"<p>K\u0131r\u015fehir\u2019de bo\u011faz\u0131na \u00e7ilek ka\u00e7mas\u0131 sonucu hayat\u0131n\u0131 kaybeden K\u0131r\u015fehir Adli Yarg\u0131 Adalet Komisyonu Ba\u015fkan\u0131 Hamza T\u00fcrker\u2019in 2,5 ya\u015f\u0131ndaki o\u011flu Mustafa Kemal T\u00fcrker,\u00a0<strong class=\"searchword\">Mersin<\/strong>\u2019de g\u00f6zya\u015flar\u0131 aras\u0131nda topra\u011fa verildi.<br \/>\nK\u0131r\u015fehir\u2019de ya\u015fanan ac\u0131 olay\u0131n ard\u0131ndan Ahi Evran K\u00fclliyesi\u2019nde k\u0131l\u0131nan cenaze namaz\u0131 sonras\u0131\u00a0<strong class=\"searchword\">Mersin<\/strong>\u2019e getirilen minik Mustafa Kemal\u2019in cenazesi, merkez Yeni\u015fehir il\u00e7esindeki Mente\u015f Mezarl\u0131\u011f\u0131&#8217;nda defnedildi. Cenaze t\u00f6renine baba Hamza T\u00fcrker ve anne Berna Sa\u00e7an T\u00fcrker\u2019in yan\u0131 s\u0131ra aile yak\u0131nlar\u0131 ve \u00e7ok say\u0131da yarg\u0131 mensubu kat\u0131ld\u0131. Ac\u0131l\u0131 anne ve baban\u0131n ayakta durmakta g\u00fc\u00e7l\u00fck \u00e7ekti\u011fi g\u00f6r\u00fcld\u00fc.<br \/>\nOlay, K\u0131r\u015fehir\u2019de Nur Sultan Bayer Caddesi\u2019nde meydana geldi. Edinilen bilgilere g\u00f6re, dedesiyle birlikte manavdan \u00e7ilek alan k\u00fc\u00e7\u00fck Mustafa Kemal, burada yedi\u011fi \u00e7ile\u011fin bo\u011faz\u0131na ka\u00e7mas\u0131 sonucu fenala\u015ft\u0131. \u0130lk m\u00fcdahalenin dedesi taraf\u0131ndan yap\u0131ld\u0131\u011f\u0131 olayda, \u00e7evrede bulunan bir vatanda\u015f \u00e7ocu\u011fa Heimlich manevras\u0131 uygulad\u0131. Olay yerine gelen sa\u011fl\u0131k ekiplerine teslim edilen \u00e7ocuk, kald\u0131r\u0131ld\u0131\u011f\u0131 K\u0131r\u015fehir E\u011fitim ve Ara\u015ft\u0131rma Hastanesi\u2019nde yap\u0131lan t\u00fcm m\u00fcdahalelere ra\u011fmen kurtar\u0131lamad\u0131.<br \/>\nYa\u015fanan olay\u0131n ard\u0131ndan aile yak\u0131nlar\u0131 ve kat\u0131l\u0131mc\u0131lar, Mente\u015f Mezarl\u0131\u011f\u0131&#8217;nda taziyeleri kabul etti.<\/p>\n","protected":false},"excerpt":{"rendered":"<p>K\u0131r\u015fehir\u2019de bo\u011faz\u0131na \u00e7ilek ka\u00e7mas\u0131 sonucu hayat\u0131n\u0131 kaybeden K\u0131r\u015fehir Adli Yarg\u0131 Adalet Komisyonu Ba\u015fkan\u0131 Hamza T\u00fcrker\u2019in 2,5 ya\u015f\u0131ndaki o\u011flu Mustafa Kemal T\u00fcrker,\u00a0Mersin\u2019de g\u00f6zya\u015flar\u0131 aras\u0131nda topra\u011fa verildi. K\u0131r\u015fehir\u2019de ya\u015fanan ac\u0131 olay\u0131n ard\u0131ndan Ahi Evran K\u00fclliyesi\u2019nde k\u0131l\u0131nan cenaze namaz\u0131 sonras\u0131\u00a0Mersin\u2019e getirilen minik Mustafa Kemal\u2019in cenazesi, merkez Yeni\u015fehir il\u00e7esindeki Mente\u015f Mezarl\u0131\u011f\u0131&#8217;nda defnedildi. Cenaze t\u00f6renine baba Hamza T\u00fcrker ve anne [&hellip;]<\/p>\n","protected":false},"author":2,"featured_media":131687,"comment_status":"open","ping_status":"open","sticky":false,"template":"","format":"standard","meta":{"footnotes":""},"categories":[1],"tags":[],"class_list":["post-131686","post","type-post","status-publish","format-standard","has-post-thumbnail","hentry","category-gundem"],"views":88,"_links":{"self":[{"href":"https:\/\/mersingazetesi.com\/index.php\/wp-json\/wp\/v2\/posts\/131686","targetHints":{"allow":["GET"]}}],"collection":[{"href":"https:\/\/mersingazetesi.com\/index.php\/wp-json\/wp\/v2\/posts"}],"about":[{"href":"https:\/\/mersingazetesi.com\/index.php\/wp-json\/wp\/v2\/types\/post"}],"author":[{"embeddable":true,"href":"https:\/\/mersingazetesi.com\/index.php\/wp-json\/wp\/v2\/users\/2"}],"replies":[{"embeddable":true,"href":"https:\/\/mersingazetesi.com\/index.php\/wp-json\/wp\/v2\/comments?post=131686"}],"version-history":[{"count":1,"href":"https:\/\/mersingazetesi.com\/index.php\/wp-json\/wp\/v2\/posts\/131686\/revisions"}],"predecessor-version":[{"id":131688,"href":"https:\/\/mersingazetesi.com\/index.php\/wp-json\/wp\/v2\/posts\/131686\/revisions\/131688"}],"wp:featuredmedia":[{"embeddable":true,"href":"https:\/\/mersingazetesi.com\/index.php\/wp-json\/wp\/v2\/media\/131687"}],"wp:attachment":[{"href":"https:\/\/mersingazetesi.com\/index.php\/wp-json\/wp\/v2\/media?parent=131686"}],"wp:term":[{"taxonomy":"category","embeddable":true,"href":"https:\/\/mersingazetesi.com\/index.php\/wp-json\/wp\/v2\/categories?post=131686"},{"taxonomy":"post_tag","embeddable":true,"href":"https:\/\/mersingazetesi.com\/index.php\/wp-json\/wp\/v2\/tags?post=131686"}],"curies":[{"name":"wp","href":"https:\/\/api.w.org\/{rel}","templated":true}]}}