{"id":131673,"date":"2026-04-27T14:07:47","date_gmt":"2026-04-27T11:07:47","guid":{"rendered":"https:\/\/mersingazetesi.com\/?p=131673"},"modified":"2026-04-27T14:07:47","modified_gmt":"2026-04-27T11:07:47","slug":"mersin-orman-bolge-mudurlugunde-gorev-degisimi","status":"publish","type":"post","link":"https:\/\/mersingazetesi.com\/index.php\/2026\/04\/27\/mersin-orman-bolge-mudurlugunde-gorev-degisimi\/","title":{"rendered":"Mersin Orman B\u00f6lge M\u00fcd\u00fcrl\u00fc\u011f\u00fcnde G\u00f6rev De\u011fi\u015fimi"},"content":{"rendered":"<p>Makam\u0131n olurlar\u0131yla, Adana Orman B\u00f6lge M\u00fcd\u00fcr Yard\u0131mc\u0131s\u0131 olarak g\u00f6rev yaparken Mersin Orman B\u00f6lge M\u00fcd\u00fcr\u00fc olarak atanan Zafer K\u0131z\u0131l,\u00a0 g\u00f6revine ba\u015flad\u0131.<\/p>\n<p>Zafer K\u0131z\u0131l, g\u00f6revini Eski\u015fehir Orman B\u00f6lge M\u00fcd\u00fcr\u00fc olarak atanan Rifat Ata\u015f\u2019tan devrald\u0131.<\/p>\n<p>&nbsp;<\/p>\n<p>Zafer K\u0131z\u0131l Kimdir?<\/p>\n<p>Adana ili Kozan il\u00e7esi do\u011fumlu olan Zafer K\u0131z\u0131l, 1997 y\u0131l\u0131nda Karadeniz Teknik \u00dcniversitesi Orman Fak\u00fcltesi Orman M\u00fchendisli\u011fi B\u00f6l\u00fcm\u00fc\u2019nden mezun oldu.<\/p>\n<p>Meslek hayat\u0131na 2000-2001 y\u0131llar\u0131 aras\u0131nda Adana Orman B\u00f6lge M\u00fcd\u00fcrl\u00fc\u011f\u00fc Pos Orman \u0130\u015fletme M\u00fcd\u00fcrl\u00fc\u011f\u00fcnde m\u00fchendis olarak ba\u015flad\u0131. 2001-2005 y\u0131llar\u0131 aras\u0131nda Orman \u0130\u015fletme \u015eefi, 2005-2006 y\u0131llar\u0131 aras\u0131nda \u0130mamo\u011flu Orman \u0130\u015fletme \u015eefi, 2006-2013 y\u0131llar\u0131 aras\u0131nda Meydan Orman \u0130\u015fletme \u015eefi olarak g\u00f6rev yapt\u0131.<\/p>\n<p>2013 y\u0131l\u0131nda Kahramanmara\u015f S\u00fct\u00e7\u00fc \u0130mam \u00dcniversitesi Fen Bilimleri Enstit\u00fcs\u00fcnde y\u00fcksek lisans e\u011fitimini tamamlad\u0131.<\/p>\n<p>2013-2014 y\u0131llar\u0131 aras\u0131nda Pozant\u0131 Orman \u0130\u015fletme M\u00fcd\u00fcr Yard\u0131mc\u0131s\u0131, 2014-2018 y\u0131llar\u0131 aras\u0131nda Kadirli Orman \u0130\u015fletme M\u00fcd\u00fcr\u00fc, 2018-2022 y\u0131llar\u0131 aras\u0131nda Mersin Orman B\u00f6lge M\u00fcd\u00fcrl\u00fc\u011f\u00fc Orman ve K\u00f6y \u0130li\u015fkileri \u015eube M\u00fcd\u00fcr\u00fc, 2022-2026 y\u0131llar\u0131 aras\u0131nda Adana Orman B\u00f6lge M\u00fcd\u00fcr Yard\u0131mc\u0131s\u0131 olarak g\u00f6rev yapt\u0131.<\/p>\n<p>Zafer K\u0131z\u0131l, 27 Nisan 2026 tarihi itibar\u0131yla Mersin Orman B\u00f6lge M\u00fcd\u00fcr\u00fc olarak g\u00f6revine ba\u015flad\u0131.<\/p>\n<p>Evli ve d\u00f6rt \u00e7ocuk babas\u0131d\u0131r.<\/p>\n","protected":false},"excerpt":{"rendered":"<p>Makam\u0131n olurlar\u0131yla, Adana Orman B\u00f6lge M\u00fcd\u00fcr Yard\u0131mc\u0131s\u0131 olarak g\u00f6rev yaparken Mersin Orman B\u00f6lge M\u00fcd\u00fcr\u00fc olarak atanan Zafer K\u0131z\u0131l,\u00a0 g\u00f6revine ba\u015flad\u0131. Zafer K\u0131z\u0131l, g\u00f6revini Eski\u015fehir Orman B\u00f6lge M\u00fcd\u00fcr\u00fc olarak atanan Rifat Ata\u015f\u2019tan devrald\u0131. &nbsp; Zafer K\u0131z\u0131l Kimdir? Adana ili Kozan il\u00e7esi do\u011fumlu olan Zafer K\u0131z\u0131l, 1997 y\u0131l\u0131nda Karadeniz Teknik \u00dcniversitesi Orman Fak\u00fcltesi Orman M\u00fchendisli\u011fi B\u00f6l\u00fcm\u00fc\u2019nden mezun [&hellip;]<\/p>\n","protected":false},"author":2,"featured_media":131674,"comment_status":"open","ping_status":"open","sticky":false,"template":"","format":"standard","meta":{"footnotes":""},"categories":[1],"tags":[],"class_list":["post-131673","post","type-post","status-publish","format-standard","has-post-thumbnail","hentry","category-gundem"],"views":111,"_links":{"self":[{"href":"https:\/\/mersingazetesi.com\/index.php\/wp-json\/wp\/v2\/posts\/131673","targetHints":{"allow":["GET"]}}],"collection":[{"href":"https:\/\/mersingazetesi.com\/index.php\/wp-json\/wp\/v2\/posts"}],"about":[{"href":"https:\/\/mersingazetesi.com\/index.php\/wp-json\/wp\/v2\/types\/post"}],"author":[{"embeddable":true,"href":"https:\/\/mersingazetesi.com\/index.php\/wp-json\/wp\/v2\/users\/2"}],"replies":[{"embeddable":true,"href":"https:\/\/mersingazetesi.com\/index.php\/wp-json\/wp\/v2\/comments?post=131673"}],"version-history":[{"count":2,"href":"https:\/\/mersingazetesi.com\/index.php\/wp-json\/wp\/v2\/posts\/131673\/revisions"}],"predecessor-version":[{"id":131676,"href":"https:\/\/mersingazetesi.com\/index.php\/wp-json\/wp\/v2\/posts\/131673\/revisions\/131676"}],"wp:featuredmedia":[{"embeddable":true,"href":"https:\/\/mersingazetesi.com\/index.php\/wp-json\/wp\/v2\/media\/131674"}],"wp:attachment":[{"href":"https:\/\/mersingazetesi.com\/index.php\/wp-json\/wp\/v2\/media?parent=131673"}],"wp:term":[{"taxonomy":"category","embeddable":true,"href":"https:\/\/mersingazetesi.com\/index.php\/wp-json\/wp\/v2\/categories?post=131673"},{"taxonomy":"post_tag","embeddable":true,"href":"https:\/\/mersingazetesi.com\/index.php\/wp-json\/wp\/v2\/tags?post=131673"}],"curies":[{"name":"wp","href":"https:\/\/api.w.org\/{rel}","templated":true}]}}