{"id":131670,"date":"2026-04-27T13:39:12","date_gmt":"2026-04-27T10:39:12","guid":{"rendered":"https:\/\/mersingazetesi.com\/?p=131670"},"modified":"2026-04-27T13:39:12","modified_gmt":"2026-04-27T10:39:12","slug":"kgk-sri-lankali-gazetecileri-agirladi","status":"publish","type":"post","link":"https:\/\/mersingazetesi.com\/index.php\/2026\/04\/27\/kgk-sri-lankali-gazetecileri-agirladi\/","title":{"rendered":"KGK, Sri Lankal\u0131 gazetecileri a\u011f\u0131rlad\u0131"},"content":{"rendered":"<p>T\u00fcrkiye\u2019yi ziyaret eden bir grup Sri Lankal\u0131 gazeteci Ankara programlar\u0131 kapsam\u0131nda K\u00fcresel Gazeteciler Konseyi (KGK) genel merkezini ziyaret ettiler.<br \/>\nKonseyde \u00e7e\u015fitli ikramlarla a\u011f\u0131rlanan konuk gazetecilere, konseyin \u00e7al\u0131\u015fmalar\u0131 hakk\u0131nda bilgi verildi. Sri Lanka M\u00fcsl\u00fcman Gazeteciler Birli\u011fi&#8217;nin aktif \u00fcyeleri olan gazeteciler, KGK&#8217;nin Sri Lanka&#8217;da bir temsilcisi bulunmas\u0131ndan ve iki \u00fclke medya mensuplar\u0131 aras\u0131nda k\u00f6pr\u00fc g\u00f6revi \u00fcstlenmesinden dolay\u0131 duyduklar\u0131 memnuniyeti ve \u00f6n\u00fcm\u00fczdeki d\u00f6nemde, KGK ile i\u015fbirli\u011fini daha ileriye g\u00f6t\u00fcrebileceklerini dile getirdiler.<br \/>\nKonuk Sri Lankal\u0131 medya mensuplar\u0131, Ankara&#8217;da bulunduklar\u0131 s\u00fcre i\u00e7inde, medya alan\u0131nda ortaya \u00e7\u0131kan son geli\u015fmeler \u00fczerinde de \u00e7al\u0131\u015fmalar y\u00fcr\u00fctt\u00fcler.<br \/>\nKGK Genel Ba\u015fkan\u0131 Mehmet Ali Dim, ziyaretten duydu\u011fu memnuniyeti belirterek, \u201cDostlu\u011fumuzun g\u00fcn\u00fcm\u00fczden yakla\u015f\u0131k 500 y\u0131l \u00f6ncesine dayand\u0131\u011f\u0131 Sri Lanka&#8217;dan medya mensuplar\u0131 misafirimiz oldular. Eski ad\u0131 Seylan olan bu \u00fclkeden gelen gazetecilere tarihsel ili\u015fkilerimizi de peki\u015ftiren bilgiler verdik. Bundan b\u00f6yle iki \u00fclkenin medya i\u015fbirli\u011fi i\u00e7in ad\u0131mlar atmaya devam edece\u011fiz\u201d dedi.<\/p>\n","protected":false},"excerpt":{"rendered":"<p>T\u00fcrkiye\u2019yi ziyaret eden bir grup Sri Lankal\u0131 gazeteci Ankara programlar\u0131 kapsam\u0131nda K\u00fcresel Gazeteciler Konseyi (KGK) genel merkezini ziyaret ettiler. Konseyde \u00e7e\u015fitli ikramlarla a\u011f\u0131rlanan konuk gazetecilere, konseyin \u00e7al\u0131\u015fmalar\u0131 hakk\u0131nda bilgi verildi. Sri Lanka M\u00fcsl\u00fcman Gazeteciler Birli\u011fi&#8217;nin aktif \u00fcyeleri olan gazeteciler, KGK&#8217;nin Sri Lanka&#8217;da bir temsilcisi bulunmas\u0131ndan ve iki \u00fclke medya mensuplar\u0131 aras\u0131nda k\u00f6pr\u00fc g\u00f6revi \u00fcstlenmesinden dolay\u0131 [&hellip;]<\/p>\n","protected":false},"author":2,"featured_media":131671,"comment_status":"open","ping_status":"open","sticky":false,"template":"","format":"standard","meta":{"footnotes":""},"categories":[3],"tags":[],"class_list":["post-131670","post","type-post","status-publish","format-standard","has-post-thumbnail","hentry","category-dunya"],"views":79,"_links":{"self":[{"href":"https:\/\/mersingazetesi.com\/index.php\/wp-json\/wp\/v2\/posts\/131670","targetHints":{"allow":["GET"]}}],"collection":[{"href":"https:\/\/mersingazetesi.com\/index.php\/wp-json\/wp\/v2\/posts"}],"about":[{"href":"https:\/\/mersingazetesi.com\/index.php\/wp-json\/wp\/v2\/types\/post"}],"author":[{"embeddable":true,"href":"https:\/\/mersingazetesi.com\/index.php\/wp-json\/wp\/v2\/users\/2"}],"replies":[{"embeddable":true,"href":"https:\/\/mersingazetesi.com\/index.php\/wp-json\/wp\/v2\/comments?post=131670"}],"version-history":[{"count":1,"href":"https:\/\/mersingazetesi.com\/index.php\/wp-json\/wp\/v2\/posts\/131670\/revisions"}],"predecessor-version":[{"id":131672,"href":"https:\/\/mersingazetesi.com\/index.php\/wp-json\/wp\/v2\/posts\/131670\/revisions\/131672"}],"wp:featuredmedia":[{"embeddable":true,"href":"https:\/\/mersingazetesi.com\/index.php\/wp-json\/wp\/v2\/media\/131671"}],"wp:attachment":[{"href":"https:\/\/mersingazetesi.com\/index.php\/wp-json\/wp\/v2\/media?parent=131670"}],"wp:term":[{"taxonomy":"category","embeddable":true,"href":"https:\/\/mersingazetesi.com\/index.php\/wp-json\/wp\/v2\/categories?post=131670"},{"taxonomy":"post_tag","embeddable":true,"href":"https:\/\/mersingazetesi.com\/index.php\/wp-json\/wp\/v2\/tags?post=131670"}],"curies":[{"name":"wp","href":"https:\/\/api.w.org\/{rel}","templated":true}]}}