{"id":131668,"date":"2026-04-27T13:38:19","date_gmt":"2026-04-27T10:38:19","guid":{"rendered":"https:\/\/mersingazetesi.com\/?p=131668"},"modified":"2026-04-27T13:38:19","modified_gmt":"2026-04-27T10:38:19","slug":"mersin-stklari-icin-yeni-model-onerisi-gezi-degil-uretim-sureci","status":"publish","type":"post","link":"https:\/\/mersingazetesi.com\/index.php\/2026\/04\/27\/mersin-stklari-icin-yeni-model-onerisi-gezi-degil-uretim-sureci\/","title":{"rendered":"MERS\u0130N STK\u2019LARI \u0130\u00c7\u0130N YEN\u0130 MODEL \u00d6NER\u0130S\u0130: \u201cGEZ\u0130 DE\u011e\u0130L, \u00dcRET\u0130M S\u00dcREC\u0130\u201d"},"content":{"rendered":"<div>Ya\u015fam Tasar\u0131m Uzman\u0131 Selami Uzun, Mersin\u2019de sivil toplum kurulu\u015flar\u0131 ve odalar\u0131n yurtd\u0131\u015f\u0131 faaliyetlerine y\u00f6nelik dikkat \u00e7eken bir model \u00f6nerisi sundu. \u201cKurumsal Yurtd\u0131\u015f\u0131 \u00d6\u011frenme ve Transfer Modeli\u201d (KYTM) ad\u0131n\u0131 verdi\u011fi yakla\u015f\u0131mda, mevcut fuar ve gezi anlay\u0131\u015f\u0131n\u0131n verimsizli\u011fine i\u015faret eden Uzun, bu s\u00fcre\u00e7lerin \u00fcretim odakl\u0131 hale getirilmesi gerekti\u011fini vurgulad\u0131.<\/div>\n<div dir=\"ltr\"><\/div>\n<div>Mevcut uygulamalar\u0131n \u00e7o\u011funlukla \u201cfoto\u011fraf, yemek ve sosyal turizm\u201d d\u00fczeyinde kald\u0131\u011f\u0131n\u0131 belirten Uzun, sorunun ki\u015filerden de\u011fil sistem eksikli\u011finden kaynakland\u0131\u011f\u0131n\u0131 ifade etti.<\/div>\n<div dir=\"ltr\"><\/div>\n<div>\u00d6nerilen modelde; kat\u0131l\u0131mc\u0131lar\u0131n g\u00f6revle se\u00e7ilmesi, \u00f6n ara\u015ft\u0131rma yap\u0131lmas\u0131, saha g\u00f6zlemlerinin sistem raporuna d\u00f6n\u00fc\u015ft\u00fcr\u00fclmesi ve elde edilen verilerin kurumsal haf\u0131zaya aktar\u0131lmas\u0131 zorunlu tutuluyor.<\/div>\n<div dir=\"ltr\"><\/div>\n<div>Selami Uzun, \u00f6zellikle Almanya \u00f6rne\u011fine dikkat \u00e7ekerek, her yurtd\u0131\u015f\u0131 program\u0131n\u0131n \u00f6l\u00e7\u00fclebilir \u00e7\u0131kt\u0131lar \u00fcretmesi gerekti\u011fini belirtti.<\/div>\n<div dir=\"ltr\"><\/div>\n<div>A\u00e7\u0131klamas\u0131nda \u00fcyelerin talep g\u00fcc\u00fcne de vurgu yapan Uzun, \u201cE\u011fer \u00fcye proje sormuyor, rapor istemiyor ve hesap talep etmiyorsa sistem de\u011fi\u015fmez\u201d dedi.<\/div>\n<div dir=\"ltr\"><\/div>\n<div>KYTM\u2019nin uygulanmas\u0131 halinde her yurtd\u0131\u015f\u0131 program\u0131n\u0131n bir \u201c\u00fcretim s\u00fcrecine\u201d d\u00f6n\u00fc\u015fece\u011fini savunan Uzun, bunun bir ele\u015ftiri de\u011fil, \u201cyeni bir kurumsal yap\u0131 kurma \u00e7a\u011fr\u0131s\u0131\u201d oldu\u011funu ifade etti.<\/div>\n<div id=\"m_3240950663585300073ms-outlook-mobile-body-separator-line\" dir=\"ltr\"><\/div>\n","protected":false},"excerpt":{"rendered":"<p>Ya\u015fam Tasar\u0131m Uzman\u0131 Selami Uzun, Mersin\u2019de sivil toplum kurulu\u015flar\u0131 ve odalar\u0131n yurtd\u0131\u015f\u0131 faaliyetlerine y\u00f6nelik dikkat \u00e7eken bir model \u00f6nerisi sundu. \u201cKurumsal Yurtd\u0131\u015f\u0131 \u00d6\u011frenme ve Transfer Modeli\u201d (KYTM) ad\u0131n\u0131 verdi\u011fi yakla\u015f\u0131mda, mevcut fuar ve gezi anlay\u0131\u015f\u0131n\u0131n verimsizli\u011fine i\u015faret eden Uzun, bu s\u00fcre\u00e7lerin \u00fcretim odakl\u0131 hale getirilmesi gerekti\u011fini vurgulad\u0131. Mevcut uygulamalar\u0131n \u00e7o\u011funlukla \u201cfoto\u011fraf, yemek ve sosyal turizm\u201d [&hellip;]<\/p>\n","protected":false},"author":2,"featured_media":130874,"comment_status":"open","ping_status":"open","sticky":false,"template":"","format":"standard","meta":{"footnotes":""},"categories":[1],"tags":[],"class_list":["post-131668","post","type-post","status-publish","format-standard","has-post-thumbnail","hentry","category-gundem"],"views":99,"_links":{"self":[{"href":"https:\/\/mersingazetesi.com\/index.php\/wp-json\/wp\/v2\/posts\/131668","targetHints":{"allow":["GET"]}}],"collection":[{"href":"https:\/\/mersingazetesi.com\/index.php\/wp-json\/wp\/v2\/posts"}],"about":[{"href":"https:\/\/mersingazetesi.com\/index.php\/wp-json\/wp\/v2\/types\/post"}],"author":[{"embeddable":true,"href":"https:\/\/mersingazetesi.com\/index.php\/wp-json\/wp\/v2\/users\/2"}],"replies":[{"embeddable":true,"href":"https:\/\/mersingazetesi.com\/index.php\/wp-json\/wp\/v2\/comments?post=131668"}],"version-history":[{"count":1,"href":"https:\/\/mersingazetesi.com\/index.php\/wp-json\/wp\/v2\/posts\/131668\/revisions"}],"predecessor-version":[{"id":131669,"href":"https:\/\/mersingazetesi.com\/index.php\/wp-json\/wp\/v2\/posts\/131668\/revisions\/131669"}],"wp:featuredmedia":[{"embeddable":true,"href":"https:\/\/mersingazetesi.com\/index.php\/wp-json\/wp\/v2\/media\/130874"}],"wp:attachment":[{"href":"https:\/\/mersingazetesi.com\/index.php\/wp-json\/wp\/v2\/media?parent=131668"}],"wp:term":[{"taxonomy":"category","embeddable":true,"href":"https:\/\/mersingazetesi.com\/index.php\/wp-json\/wp\/v2\/categories?post=131668"},{"taxonomy":"post_tag","embeddable":true,"href":"https:\/\/mersingazetesi.com\/index.php\/wp-json\/wp\/v2\/tags?post=131668"}],"curies":[{"name":"wp","href":"https:\/\/api.w.org\/{rel}","templated":true}]}}