{"id":131665,"date":"2026-04-27T13:36:39","date_gmt":"2026-04-27T10:36:39","guid":{"rendered":"https:\/\/mersingazetesi.com\/?p=131665"},"modified":"2026-04-27T13:36:39","modified_gmt":"2026-04-27T10:36:39","slug":"mevcut-ekonomik-tablo-surdurulemez","status":"publish","type":"post","link":"https:\/\/mersingazetesi.com\/index.php\/2026\/04\/27\/mevcut-ekonomik-tablo-surdurulemez\/","title":{"rendered":"&#8216;MEVCUT EKONOM\u0130K TABLO S\u00dcRD\u00dcR\u00dcLEMEZ!&#8217;"},"content":{"rendered":"<p class=\"v1MsoNormal\">CHP Adana Milletvekili ve TBMM Ba\u015fkanl\u0131k Divan\u0131 \u00dcyesi Dr. M\u00fczeyyen \u015eevkin, T\u00fcrkiye ekonomisinde giderek derinle\u015fen krize dikkat \u00e7ekerek, iktidar\u0131n uygulad\u0131\u011f\u0131 ekonomi politikalar\u0131n\u0131n \u00fclkeyi \u00fcretimden kopard\u0131\u011f\u0131n\u0131 ve vatanda\u015flar\u0131 icra k\u0131skac\u0131na s\u00fcr\u00fckledi\u011fini vurgulad\u0131.<\/p>\n<p class=\"v1MsoNormal\">\u0130malat sanayinde kapasite kullan\u0131m oran\u0131n\u0131n ge\u00e7en y\u0131l\u0131n alt\u0131nda kald\u0131\u011f\u0131n\u0131 ifade eden Dr. \u015eevkin, &#8220;Sanayici \u00fcretimden \u00e7ekiliyor. Bu tablo, ekonominin k\u00fc\u00e7\u00fcld\u00fc\u011f\u00fcn\u00fcn ve i\u015fsizli\u011fin artaca\u011f\u0131n\u0131n a\u00e7\u0131k g\u00f6stergesidir&#8221; dedi.<\/p>\n<p class=\"v1MsoNormal\"><b>KAR\u015eILIKSIZ \u00c7EKLERDE PATLAMA, \u0130CRA DALGASI B\u00dcY\u00dcYOR!<\/b><\/p>\n<p class=\"v1MsoNormal\">Mart ay\u0131nda kar\u015f\u0131l\u0131ks\u0131z \u00e7ek say\u0131s\u0131n\u0131n y\u00fczde 100&#8217;\u00fcn \u00fczerinde artarak 32 bine y\u00fckseldi\u011fini, \u00e7ek tutar\u0131n\u0131n ise y\u00fczde 176 art\u0131\u015fla 33,4 milyar liraya \u00e7\u0131kt\u0131\u011f\u0131n\u0131 vurgulayan Dr. \u015eevkin, &#8220;Bu veriler iflaslar\u0131n ve icralar\u0131n habercisidir. Esnaf da sanayici de borcunu \u00e7eviremiyor. T\u00fcrkiye h\u0131zla bir icra ekonomisine s\u00fcr\u00fckleniyor&#8221; ifadelerini kulland\u0131.<\/p>\n<p class=\"v1MsoNormal\"><b>&#8220;Y\u00dcKSEK FA\u0130Z POL\u0130T\u0130KASI REEL SEKT\u00d6R\u00dc D\u00d6V\u0130Z BORCUNA \u0130TT\u0130&#8221;<\/b><\/p>\n<p class=\"v1MsoNormal\">Haziran 2023&#8217;ten bu yana uygulanan ekonomi program\u0131n\u0131 ele\u015ftiren Dr. \u015eevkin, T\u00fcrk liras\u0131na verilen y\u00fcksek reel faizin \u00fcretimi de\u011fil, rant\u0131 te\u015fvik etti\u011fini s\u00f6yledi. TL ticari kredi faizlerinin y\u00fczde 50&#8217;nin \u00fczerine \u00e7\u0131kt\u0131\u011f\u0131n\u0131 hat\u0131rlatan Dr. \u015eevkin, &#8220;Bu ortamda \u00fcretici ya yat\u0131r\u0131m yapmaktan vazge\u00e7iyor ya da d\u00f6vizle bor\u00e7lan\u0131yor. Reel sekt\u00f6r\u00fcn \u00fcstlendi\u011fi kur riski 200 milyar dolar\u0131 a\u015fm\u0131\u015f durumda&#8221; dedi.<\/p>\n<p class=\"v1MsoNormal\"><b>&#8220;DI\u015e A\u00c7IK B\u00dcY\u00dcYOR, EKONOM\u0130K KIRILGANLIK ARTIYOR&#8221;<\/b><\/p>\n<p class=\"v1MsoNormal\">T\u00fcrkiye&#8217;nin d\u0131\u015f ticaret a\u00e7\u0131\u011f\u0131 ve cari a\u00e7\u0131\u011f\u0131n\u0131n b\u00fcy\u00fcmeye devam etti\u011fini belirten CHP&#8217;li Dr. M\u00fczeyyen \u015eevkin, uluslararas\u0131 yat\u0131r\u0131m a\u00e7\u0131\u011f\u0131ndaki art\u0131\u015f\u0131n da ekonomideki k\u0131r\u0131lganl\u0131\u011f\u0131 derinle\u015ftirdi\u011fini ifade etti. Dr. \u015eevkin, &#8220;\u00dclke ekonomisi d\u0131\u015fa ba\u011f\u0131ml\u0131 hale getirilmi\u015f, \u00fcretim yerine ithalat te\u015fvik edilmi\u015ftir&#8221; diye konu\u015ftu.<\/p>\n<p class=\"v1MsoNormal\"><b>&#8220;BOR\u00c7 ARTIYOR, FA\u0130Z Y\u00dcK\u00dc KATLANIYOR&#8221;<\/b><\/p>\n<p class=\"v1MsoNormal\">Hazine bor\u00e7 stokunun mart ay\u0131nda 14,4 trilyon liraya y\u00fckseldi\u011fini hat\u0131rlatan Dr. \u015eevkin, faiz y\u00fck\u00fcndeki art\u0131\u015f\u0131n ise \u00e7ok daha vahim oldu\u011funu belirtti ve &#8220;Sadece bir ayda faiz y\u00fck\u00fc 328 milyar lira artt\u0131. Bu, halk\u0131n vergilerinin faize gitti\u011finin a\u00e7\u0131k g\u00f6stergesidir&#8221; dedi.<\/p>\n<p class=\"v1MsoNormal\"><b>&#8220;VATANDA\u015e BOR\u00c7LU, \u00c7\u0130FT\u00c7\u0130 MAL\u0130YET ALTINDA EZ\u0130L\u0130YOR&#8221;<\/b><\/p>\n<p class=\"v1MsoNormal\">Vatanda\u015flar\u0131n bankalara olan borcunun 6,4 trilyon lira seviyesinde oldu\u011funu belirten Dr. \u015eevkin, k\u0131sa s\u00fcreli d\u00fc\u015f\u00fc\u015flerin tabloyu de\u011fi\u015ftirmedi\u011fini s\u00f6yledi. Dr. \u015eevkin, &#8220;Milyonlarca vatanda\u015f kredi ve kredi kart\u0131 borcunu \u00f6deyemiyor. \u0130cra dosyalar\u0131 her ge\u00e7en g\u00fcn art\u0131yor&#8221; ifadelerini kulland\u0131.<\/p>\n<p class=\"v1MsoNormal\"><b>&#8220;TARIMDA MAL\u0130YET ARTI\u015eI S\u00dcR\u00dcYOR&#8221;<br \/>\n<\/b>Tar\u0131msal girdi fiyatlar\u0131ndaki art\u0131\u015fa da dikkat \u00e7eken Dr. \u015eevkin, &#8220;Daha sava\u015f\u0131n etkisi tam yans\u0131madan bile maliyetler art\u0131yorsa, \u00f6n\u00fcm\u00fczdeki s\u00fcre\u00e7te \u00e7ift\u00e7inin ayakta kalmas\u0131 daha da zorla\u015facakt\u0131r&#8221; dedi.<\/p>\n<p class=\"v1MsoNormal\"><b>&#8220;BU TABLO S\u00dcRD\u00dcR\u00dcLEMEZ&#8221;<\/b><\/p>\n<p class=\"v1MsoNormal\">Merkez Bankas\u0131&#8217;n\u0131n faizleri y\u00fcksek seviyede tutmaya devam etti\u011fini hat\u0131rlatan CHP&#8217;li Dr. \u015eevkin, rezervlerdeki art\u0131\u015f\u0131n ge\u00e7ici oldu\u011funu ve yap\u0131sal sorunlar\u0131 \u00e7\u00f6zmedi\u011fini ifade etti.<\/p>\n<p class=\"v1MsoNormal\">CHP Adana Milletvekili Dr. M\u00fczeyyen \u015eevkin, a\u00e7\u0131klamas\u0131n\u0131 \u015fu s\u00f6zlerle tamamlad\u0131:<br \/>\n&#8220;\u00dcretimi de\u011fil faizi, eme\u011fi de\u011fil rant\u0131 \u00f6nceleyen bu ekonomi politikas\u0131 T\u00fcrkiye&#8217;yi iflasa s\u00fcr\u00fckl\u00fcyor. Sanayici \u00fcretimden \u00e7ekiliyor, esnaf kepenk kapat\u0131yor, vatanda\u015f icra kap\u0131s\u0131nda. Bu tablo s\u00fcrd\u00fcr\u00fclemez. T\u00fcrkiye&#8217;nin acilen \u00fcretim odakl\u0131, adil ve halktan yana bir ekonomi program\u0131na ihtiyac\u0131 vard\u0131r.&#8221;<\/p>\n","protected":false},"excerpt":{"rendered":"<p>CHP Adana Milletvekili ve TBMM Ba\u015fkanl\u0131k Divan\u0131 \u00dcyesi Dr. M\u00fczeyyen \u015eevkin, T\u00fcrkiye ekonomisinde giderek derinle\u015fen krize dikkat \u00e7ekerek, iktidar\u0131n uygulad\u0131\u011f\u0131 ekonomi politikalar\u0131n\u0131n \u00fclkeyi \u00fcretimden kopard\u0131\u011f\u0131n\u0131 ve vatanda\u015flar\u0131 icra k\u0131skac\u0131na s\u00fcr\u00fckledi\u011fini vurgulad\u0131. \u0130malat sanayinde kapasite kullan\u0131m oran\u0131n\u0131n ge\u00e7en y\u0131l\u0131n alt\u0131nda kald\u0131\u011f\u0131n\u0131 ifade eden Dr. \u015eevkin, &#8220;Sanayici \u00fcretimden \u00e7ekiliyor. Bu tablo, ekonominin k\u00fc\u00e7\u00fcld\u00fc\u011f\u00fcn\u00fcn ve i\u015fsizli\u011fin artaca\u011f\u0131n\u0131n a\u00e7\u0131k [&hellip;]<\/p>\n","protected":false},"author":2,"featured_media":131666,"comment_status":"open","ping_status":"open","sticky":false,"template":"","format":"standard","meta":{"footnotes":""},"categories":[1],"tags":[],"class_list":["post-131665","post","type-post","status-publish","format-standard","has-post-thumbnail","hentry","category-gundem"],"views":88,"_links":{"self":[{"href":"https:\/\/mersingazetesi.com\/index.php\/wp-json\/wp\/v2\/posts\/131665","targetHints":{"allow":["GET"]}}],"collection":[{"href":"https:\/\/mersingazetesi.com\/index.php\/wp-json\/wp\/v2\/posts"}],"about":[{"href":"https:\/\/mersingazetesi.com\/index.php\/wp-json\/wp\/v2\/types\/post"}],"author":[{"embeddable":true,"href":"https:\/\/mersingazetesi.com\/index.php\/wp-json\/wp\/v2\/users\/2"}],"replies":[{"embeddable":true,"href":"https:\/\/mersingazetesi.com\/index.php\/wp-json\/wp\/v2\/comments?post=131665"}],"version-history":[{"count":1,"href":"https:\/\/mersingazetesi.com\/index.php\/wp-json\/wp\/v2\/posts\/131665\/revisions"}],"predecessor-version":[{"id":131667,"href":"https:\/\/mersingazetesi.com\/index.php\/wp-json\/wp\/v2\/posts\/131665\/revisions\/131667"}],"wp:featuredmedia":[{"embeddable":true,"href":"https:\/\/mersingazetesi.com\/index.php\/wp-json\/wp\/v2\/media\/131666"}],"wp:attachment":[{"href":"https:\/\/mersingazetesi.com\/index.php\/wp-json\/wp\/v2\/media?parent=131665"}],"wp:term":[{"taxonomy":"category","embeddable":true,"href":"https:\/\/mersingazetesi.com\/index.php\/wp-json\/wp\/v2\/categories?post=131665"},{"taxonomy":"post_tag","embeddable":true,"href":"https:\/\/mersingazetesi.com\/index.php\/wp-json\/wp\/v2\/tags?post=131665"}],"curies":[{"name":"wp","href":"https:\/\/api.w.org\/{rel}","templated":true}]}}