{"id":131657,"date":"2026-04-27T13:19:05","date_gmt":"2026-04-27T10:19:05","guid":{"rendered":"https:\/\/mersingazetesi.com\/?p=131657"},"modified":"2026-04-27T13:19:05","modified_gmt":"2026-04-27T10:19:05","slug":"genclik-haftasi-icin-hazirliklar-basladi","status":"publish","type":"post","link":"https:\/\/mersingazetesi.com\/index.php\/2026\/04\/27\/genclik-haftasi-icin-hazirliklar-basladi\/","title":{"rendered":"Gen\u00e7lik Haftas\u0131 \u0130\u00e7in Haz\u0131rl\u0131klar Ba\u015flad\u0131"},"content":{"rendered":"<div class=\"x14z9mp xat24cr x1lziwak x1vvkbs xtlvy1s x126k92a\">\n<div dir=\"auto\">15\u201319 May\u0131s tarihlerinde kutlanacak Gen\u00e7lik Haftas\u0131 \u00f6ncesinde, Mersin Gen\u00e7lik ve Spor \u0130l M\u00fcd\u00fcr\u00fc G\u00f6ksun \u00d6z ba\u015fkanl\u0131\u011f\u0131nda kapsaml\u0131 bir de\u011ferlendirme toplant\u0131s\u0131 ger\u00e7ekle\u015ftirildi.<\/div>\n<\/div>\n<div class=\"x14z9mp xat24cr x1lziwak x1vvkbs xtlvy1s x126k92a\">\n<div dir=\"auto\">Hafta boyunca hayata ge\u00e7irilecek etkinlikler detayl\u0131 \u015fekilde ele al\u0131n\u0131rken, gen\u00e7lerin aktif kat\u0131l\u0131m sa\u011flayaca\u011f\u0131 dinamik ve dolu dolu bir program i\u00e7in planlamalar yap\u0131ld\u0131.<\/div>\n<\/div>\n<div class=\"x14z9mp xat24cr x1lziwak x1vvkbs xtlvy1s x126k92a\">\n<div dir=\"auto\">Gen\u00e7li\u011fin enerjisini yans\u0131tacak bu \u00f6zel hafta i\u00e7in haz\u0131rl\u0131klar t\u00fcm h\u0131z\u0131yla devam ediyor<\/div>\n<\/div>\n","protected":false},"excerpt":{"rendered":"<p>15\u201319 May\u0131s tarihlerinde kutlanacak Gen\u00e7lik Haftas\u0131 \u00f6ncesinde, Mersin Gen\u00e7lik ve Spor \u0130l M\u00fcd\u00fcr\u00fc G\u00f6ksun \u00d6z ba\u015fkanl\u0131\u011f\u0131nda kapsaml\u0131 bir de\u011ferlendirme toplant\u0131s\u0131 ger\u00e7ekle\u015ftirildi. Hafta boyunca hayata ge\u00e7irilecek etkinlikler detayl\u0131 \u015fekilde ele al\u0131n\u0131rken, gen\u00e7lerin aktif kat\u0131l\u0131m sa\u011flayaca\u011f\u0131 dinamik ve dolu dolu bir program i\u00e7in planlamalar yap\u0131ld\u0131. Gen\u00e7li\u011fin enerjisini yans\u0131tacak bu \u00f6zel hafta i\u00e7in haz\u0131rl\u0131klar t\u00fcm h\u0131z\u0131yla devam ediyor<\/p>\n","protected":false},"author":2,"featured_media":131658,"comment_status":"open","ping_status":"open","sticky":false,"template":"","format":"standard","meta":{"footnotes":""},"categories":[6],"tags":[],"class_list":["post-131657","post","type-post","status-publish","format-standard","has-post-thumbnail","hentry","category-spor"],"views":86,"_links":{"self":[{"href":"https:\/\/mersingazetesi.com\/index.php\/wp-json\/wp\/v2\/posts\/131657","targetHints":{"allow":["GET"]}}],"collection":[{"href":"https:\/\/mersingazetesi.com\/index.php\/wp-json\/wp\/v2\/posts"}],"about":[{"href":"https:\/\/mersingazetesi.com\/index.php\/wp-json\/wp\/v2\/types\/post"}],"author":[{"embeddable":true,"href":"https:\/\/mersingazetesi.com\/index.php\/wp-json\/wp\/v2\/users\/2"}],"replies":[{"embeddable":true,"href":"https:\/\/mersingazetesi.com\/index.php\/wp-json\/wp\/v2\/comments?post=131657"}],"version-history":[{"count":2,"href":"https:\/\/mersingazetesi.com\/index.php\/wp-json\/wp\/v2\/posts\/131657\/revisions"}],"predecessor-version":[{"id":131660,"href":"https:\/\/mersingazetesi.com\/index.php\/wp-json\/wp\/v2\/posts\/131657\/revisions\/131660"}],"wp:featuredmedia":[{"embeddable":true,"href":"https:\/\/mersingazetesi.com\/index.php\/wp-json\/wp\/v2\/media\/131658"}],"wp:attachment":[{"href":"https:\/\/mersingazetesi.com\/index.php\/wp-json\/wp\/v2\/media?parent=131657"}],"wp:term":[{"taxonomy":"category","embeddable":true,"href":"https:\/\/mersingazetesi.com\/index.php\/wp-json\/wp\/v2\/categories?post=131657"},{"taxonomy":"post_tag","embeddable":true,"href":"https:\/\/mersingazetesi.com\/index.php\/wp-json\/wp\/v2\/tags?post=131657"}],"curies":[{"name":"wp","href":"https:\/\/api.w.org\/{rel}","templated":true}]}}