{"id":131649,"date":"2026-04-27T11:44:52","date_gmt":"2026-04-27T08:44:52","guid":{"rendered":"https:\/\/mersingazetesi.com\/?p=131649"},"modified":"2026-04-27T11:44:52","modified_gmt":"2026-04-27T08:44:52","slug":"amanos-hattinda-7den-buyuk-deprem-riski-adana-ve-cevresi-icin-dikkatli-olunmali","status":"publish","type":"post","link":"https:\/\/mersingazetesi.com\/index.php\/2026\/04\/27\/amanos-hattinda-7den-buyuk-deprem-riski-adana-ve-cevresi-icin-dikkatli-olunmali\/","title":{"rendered":"Amanos hatt\u0131nda 7&#8217;den b\u00fcy\u00fck deprem riski! ADANA VE \u00c7EVRES\u0130 \u0130\u00c7\u0130N D\u0130KKATL\u0130 OLUNMALI!"},"content":{"rendered":"<p>6 \u015eubat depremlerine ili\u015fkin yay\u0131mlanan yeni bilimsel \u00e7al\u0131\u015fmada, depremin Karasu Vadisi\u2019ni izledi\u011fi, k\u0131r\u0131lmayan Amanos fay segmentinde ise yakla\u015f\u0131k 1500 y\u0131ll\u0131k enerji birikimi bulundu\u011fu belirtildi. Ara\u015ft\u0131rmada bu durumun 7 b\u00fcy\u00fckl\u00fc\u011f\u00fcnden daha b\u00fcy\u00fck bir deprem riskine i\u015faret edebilece\u011fi ifade edildi.<\/p>\n<p>Habert\u00fcrk&#8217;ten Kenan Butak\u0131n&#8217;\u0131n haberine g\u00f6re,\u00a0bilimsel dergi Geophysical Journal International\u2019da yay\u0131mlanan \u00e7al\u0131\u015fmaya, Erhan Altunel, Cengiz Y\u0131ld\u0131r\u0131m ve \u00d6zg\u00fcr Kozac\u0131 imza att\u0131.\u00a0\u201c6 \u015eubat depreminin T\u00fcrko\u011flu&#8217;ndaki yol ayr\u0131m\u0131nda k\u0131r\u0131lmas\u0131: K\u0131r\u0131lma yay\u0131l\u0131m\u0131 i\u00e7in en az diren\u00e7li yol \u00f6rne\u011fi\u201d\u00a0ba\u015fl\u0131kl\u0131 ara\u015ft\u0131rmada, depremlerin Amanos Da\u011flar\u0131 \u00e7evresindeki fay sistemleriyle ili\u015fkisi incelendi.<\/p>\n<p>Ara\u015ft\u0131rmaya g\u00f6re deprem,\u00a0Kahramanmara\u015f\u2019\u0131n T\u00fcrko\u011flu il\u00e7esine ula\u015ft\u0131\u011f\u0131nda iki farkl\u0131 k\u0131r\u0131lma y\u00f6n\u00fcyle kar\u015f\u0131 kar\u015f\u0131ya kald\u0131. Bunlardan biri Amanos Da\u011flar\u0131 \u00fczerinden \u0130skenderun y\u00f6n\u00fcne ilerlemek, di\u011feri ise Karasu Vadisi boyunca Amik Ovas\u0131 y\u00f6n\u00fcnde devam etmekti. Ara\u015ft\u0131rma sonu\u00e7lar\u0131, depremin ikinci yolu tercih ederek Karasu Vadisi boyunca ilerledi\u011fini ortaya koydu. Bilim insanlar\u0131 bu tercihin, iki b\u00f6lgenin yer kabu\u011fu \u00f6zelliklerinden kaynakland\u0131\u011f\u0131n\u0131 belirtti. Amanos Da\u011flar\u0131 kal\u0131n ve sa\u011flam kaya yap\u0131s\u0131yla y\u00fcksek diren\u00e7 g\u00f6sterirken, Karasu Vadisi\u2019nin daha ince ve \u00e7atlakl\u0131 yap\u0131s\u0131n\u0131n k\u0131r\u0131lmay\u0131 kolayla\u015ft\u0131rd\u0131\u011f\u0131 ifade edildi. Bu nedenle deprem enerjisinin daha zay\u0131f ve k\u0131r\u0131lmaya uygun olan Karasu hatt\u0131 boyunca ilerledi\u011fi de\u011ferlendirildi.<\/p>\n<p>\u00c7al\u0131\u015fman\u0131n en dikkat \u00e7ekici bulgular\u0131ndan biri ise depremin ilerlemedi\u011fi Amanos hatt\u0131na ili\u015fkin oldu. Ara\u015ft\u0131rmada, T\u00fcrko\u011flu ile Osmaniye aras\u0131ndaki fay segmentinde yakla\u015f\u0131k 1500 y\u0131ld\u0131r b\u00fcy\u00fck bir deprem meydana gelmedi\u011fi belirtildi. Bu s\u00fcre boyunca b\u00f6lgede \u00f6nemli miktarda gerilim birikti\u011fi ifade edilirken, y\u0131ll\u0131k hareket h\u0131z\u0131na g\u00f6re fay hatt\u0131nda yakla\u015f\u0131k 7 metrelik bir stres birikimi olu\u015ftu\u011fu kaydedildi. Ayr\u0131ca 2023 depremlerinin de bu hatta ek stres y\u00fckledi\u011fi vurguland\u0131. Ara\u015ft\u0131rmaya g\u00f6re bu durum, s\u00f6z konusu fay segmentinde 7 b\u00fcy\u00fckl\u00fc\u011f\u00fcnden daha b\u00fcy\u00fck bir deprem ihtimalini art\u0131rabilecek bir risk olu\u015fturuyor.<\/p>\n<div class=\"text-content\">\n<p>\u00c7al\u0131\u015fmada \u00f6zellikle \u0130skenderun K\u00f6rfezi \u00e7evresi ile\u00a0Adana ve \u00e7evresindeki yerle\u015fim alanlar\u0131 i\u00e7in dikkatli olunmas\u0131 gerekti\u011fi belirtildi. Ara\u015ft\u0131rmada, b\u00f6lge i\u00e7in acil haz\u0131rl\u0131k ve \u00f6nlem al\u0131nmas\u0131 gerekti\u011fi vurgulan\u0131rken, depremlerin yaln\u0131zca fay hatlar\u0131n\u0131n konumuna de\u011fil ayn\u0131 zamanda yer kabu\u011funun yap\u0131sal \u00f6zelliklerine ba\u011fl\u0131 olarak da farkl\u0131 y\u00f6nlere yay\u0131labilece\u011fi ifade edildi.<\/p>\n<p>&nbsp;<\/p>\n<\/div>\n<p class=\"content-source\">\n","protected":false},"excerpt":{"rendered":"<p>6 \u015eubat depremlerine ili\u015fkin yay\u0131mlanan yeni bilimsel \u00e7al\u0131\u015fmada, depremin Karasu Vadisi\u2019ni izledi\u011fi, k\u0131r\u0131lmayan Amanos fay segmentinde ise yakla\u015f\u0131k 1500 y\u0131ll\u0131k enerji birikimi bulundu\u011fu belirtildi. Ara\u015ft\u0131rmada bu durumun 7 b\u00fcy\u00fckl\u00fc\u011f\u00fcnden daha b\u00fcy\u00fck bir deprem riskine i\u015faret edebilece\u011fi ifade edildi. Habert\u00fcrk&#8217;ten Kenan Butak\u0131n&#8217;\u0131n haberine g\u00f6re,\u00a0bilimsel dergi Geophysical Journal International\u2019da yay\u0131mlanan \u00e7al\u0131\u015fmaya, Erhan Altunel, Cengiz Y\u0131ld\u0131r\u0131m ve \u00d6zg\u00fcr [&hellip;]<\/p>\n","protected":false},"author":2,"featured_media":131650,"comment_status":"open","ping_status":"open","sticky":false,"template":"","format":"standard","meta":{"footnotes":""},"categories":[1],"tags":[],"class_list":["post-131649","post","type-post","status-publish","format-standard","has-post-thumbnail","hentry","category-gundem"],"views":130,"_links":{"self":[{"href":"https:\/\/mersingazetesi.com\/index.php\/wp-json\/wp\/v2\/posts\/131649","targetHints":{"allow":["GET"]}}],"collection":[{"href":"https:\/\/mersingazetesi.com\/index.php\/wp-json\/wp\/v2\/posts"}],"about":[{"href":"https:\/\/mersingazetesi.com\/index.php\/wp-json\/wp\/v2\/types\/post"}],"author":[{"embeddable":true,"href":"https:\/\/mersingazetesi.com\/index.php\/wp-json\/wp\/v2\/users\/2"}],"replies":[{"embeddable":true,"href":"https:\/\/mersingazetesi.com\/index.php\/wp-json\/wp\/v2\/comments?post=131649"}],"version-history":[{"count":2,"href":"https:\/\/mersingazetesi.com\/index.php\/wp-json\/wp\/v2\/posts\/131649\/revisions"}],"predecessor-version":[{"id":131652,"href":"https:\/\/mersingazetesi.com\/index.php\/wp-json\/wp\/v2\/posts\/131649\/revisions\/131652"}],"wp:featuredmedia":[{"embeddable":true,"href":"https:\/\/mersingazetesi.com\/index.php\/wp-json\/wp\/v2\/media\/131650"}],"wp:attachment":[{"href":"https:\/\/mersingazetesi.com\/index.php\/wp-json\/wp\/v2\/media?parent=131649"}],"wp:term":[{"taxonomy":"category","embeddable":true,"href":"https:\/\/mersingazetesi.com\/index.php\/wp-json\/wp\/v2\/categories?post=131649"},{"taxonomy":"post_tag","embeddable":true,"href":"https:\/\/mersingazetesi.com\/index.php\/wp-json\/wp\/v2\/tags?post=131649"}],"curies":[{"name":"wp","href":"https:\/\/api.w.org\/{rel}","templated":true}]}}