{"id":131646,"date":"2026-04-27T11:34:33","date_gmt":"2026-04-27T08:34:33","guid":{"rendered":"https:\/\/mersingazetesi.com\/?p=131646"},"modified":"2026-04-27T11:34:33","modified_gmt":"2026-04-27T08:34:33","slug":"motosiklet-alev-alev-yandi","status":"publish","type":"post","link":"https:\/\/mersingazetesi.com\/index.php\/2026\/04\/27\/motosiklet-alev-alev-yandi\/","title":{"rendered":"Motosiklet alev alev yand\u0131"},"content":{"rendered":"<p><strong class=\"searchword\">Mersin<\/strong>\u2019in Erdemli il\u00e7esinde motosiklet alev alarak yand\u0131.<br \/>\nOlay, Karg\u0131p\u0131nar\u0131 Mahallesi S\u00fcmb\u00fcl Sokak\u2019ta meydana geldi. Hen\u00fcz belirlenemeyen bir nedenle motosiklet yanmaya ba\u015flad\u0131. \u00c7evredeki vatanda\u015flar\u0131n m\u00fcdahale de etti\u011fi yang\u0131n i\u00e7in itfaiye ekiplerine de haber verildi. K\u0131sa s\u00fcrede olay yerine gelen itfaiye ekipleri alev alev yanan motosiklete m\u00fcdahale ederek s\u00f6nd\u00fcrd\u00fc.<br \/>\nYang\u0131nla ilgili inceleme s\u00fcr\u00fcyor.<\/p>\n","protected":false},"excerpt":{"rendered":"<p>Mersin\u2019in Erdemli il\u00e7esinde motosiklet alev alarak yand\u0131. Olay, Karg\u0131p\u0131nar\u0131 Mahallesi S\u00fcmb\u00fcl Sokak\u2019ta meydana geldi. Hen\u00fcz belirlenemeyen bir nedenle motosiklet yanmaya ba\u015flad\u0131. \u00c7evredeki vatanda\u015flar\u0131n m\u00fcdahale de etti\u011fi yang\u0131n i\u00e7in itfaiye ekiplerine de haber verildi. K\u0131sa s\u00fcrede olay yerine gelen itfaiye ekipleri alev alev yanan motosiklete m\u00fcdahale ederek s\u00f6nd\u00fcrd\u00fc. Yang\u0131nla ilgili inceleme s\u00fcr\u00fcyor.<\/p>\n","protected":false},"author":2,"featured_media":131647,"comment_status":"open","ping_status":"open","sticky":false,"template":"","format":"standard","meta":{"footnotes":""},"categories":[1],"tags":[],"class_list":["post-131646","post","type-post","status-publish","format-standard","has-post-thumbnail","hentry","category-gundem"],"views":126,"_links":{"self":[{"href":"https:\/\/mersingazetesi.com\/index.php\/wp-json\/wp\/v2\/posts\/131646","targetHints":{"allow":["GET"]}}],"collection":[{"href":"https:\/\/mersingazetesi.com\/index.php\/wp-json\/wp\/v2\/posts"}],"about":[{"href":"https:\/\/mersingazetesi.com\/index.php\/wp-json\/wp\/v2\/types\/post"}],"author":[{"embeddable":true,"href":"https:\/\/mersingazetesi.com\/index.php\/wp-json\/wp\/v2\/users\/2"}],"replies":[{"embeddable":true,"href":"https:\/\/mersingazetesi.com\/index.php\/wp-json\/wp\/v2\/comments?post=131646"}],"version-history":[{"count":1,"href":"https:\/\/mersingazetesi.com\/index.php\/wp-json\/wp\/v2\/posts\/131646\/revisions"}],"predecessor-version":[{"id":131648,"href":"https:\/\/mersingazetesi.com\/index.php\/wp-json\/wp\/v2\/posts\/131646\/revisions\/131648"}],"wp:featuredmedia":[{"embeddable":true,"href":"https:\/\/mersingazetesi.com\/index.php\/wp-json\/wp\/v2\/media\/131647"}],"wp:attachment":[{"href":"https:\/\/mersingazetesi.com\/index.php\/wp-json\/wp\/v2\/media?parent=131646"}],"wp:term":[{"taxonomy":"category","embeddable":true,"href":"https:\/\/mersingazetesi.com\/index.php\/wp-json\/wp\/v2\/categories?post=131646"},{"taxonomy":"post_tag","embeddable":true,"href":"https:\/\/mersingazetesi.com\/index.php\/wp-json\/wp\/v2\/tags?post=131646"}],"curies":[{"name":"wp","href":"https:\/\/api.w.org\/{rel}","templated":true}]}}