{"id":131634,"date":"2026-04-27T09:22:00","date_gmt":"2026-04-27T06:22:00","guid":{"rendered":"https:\/\/mersingazetesi.com\/?p=131634"},"modified":"2026-04-27T09:22:00","modified_gmt":"2026-04-27T06:22:00","slug":"turk-dunyasini-bir-araya-getiren-spor-soleni-turan-kupasi-mersinde","status":"publish","type":"post","link":"https:\/\/mersingazetesi.com\/index.php\/2026\/04\/27\/turk-dunyasini-bir-araya-getiren-spor-soleni-turan-kupasi-mersinde\/","title":{"rendered":"T\u00dcRK D\u00dcNYASINI B\u0130R ARAYA GET\u0130REN SPOR \u015e\u00d6LEN\u0130 TURAN KUPASI MERS\u0130N&#8217;DE"},"content":{"rendered":"<p>Mersin 01-03 May\u0131s 2026 tarihleri aras\u0131nda T\u00fcrk d\u00fcnyas\u0131n\u0131n en b\u00fcy\u00fck spor \u015f\u00f6lenlerinden biri olan Turan Kupas\u0131 Halat \u00c7ekme Turnuvas\u0131na ev sahipli\u011fi yapmaya haz\u0131rlan\u0131yor. Azerbaycan&#8217;\u0131n Bak\u00fc \u015fehrinde ilk kez ger\u00e7ekle\u015ftirilen ve b\u00fcy\u00fck ba\u015far\u0131 elde eden turnuva, bu y\u0131l T\u00fcrkiye&#8217;nin Akdeniz incisi Mersin&#8217;de d\u00fczenlenecek. Turan Kupas\u0131, 12 ba\u011f\u0131ms\u0131z T\u00fcrk devleti ve akraba topluluklar\u0131n\u0131 bir araya getiren, g\u00fc\u00e7 ve birli\u011fi simgeleyen bir spor turnuvas\u0131. Halat \u00e7ekme gibi g\u00fc\u00e7 ve koordinasyon gerektiren bu ata sporu, T\u00fcrk d\u00fcnyas\u0131n\u0131n kadim geleneklerini modern bir platformda ya\u015fatacak.<\/p>\n<p>&nbsp;<\/p>\n<p>Ama\u00e7 T\u00fcrk D\u00fcnyas\u0131n\u0131n spor gelene\u011fini ya\u015fatmak ve s\u00fcrd\u00fcrmek, G\u00fc\u00e7 ve birli\u011fi peki\u015ftirmek, T\u00fcrk devletleri aras\u0131ndaki sars\u0131lmaz ba\u011flar\u0131 g\u00fc\u00e7lendirmek, Uluslararas\u0131 spor diplomasisine katk\u0131da bulunmak. Turan Kupas\u0131, ayn\u0131 zamanda Mersin&#8217;in turistik cazibesini artt\u0131racak, Mersin&#8217;in tarihi ve do\u011fal g\u00fczellikleri, bu prestijli turnuvayla birle\u015ferek T\u00fcrk d\u00fcnyas\u0131n\u0131n en \u00f6nemli spor ve k\u00fclt\u00fcr bulu\u015fmalar\u0131ndan biri haline gelecek. Devlet protokol\u00fc, uluslararas\u0131 medya kat\u0131l\u0131m\u0131 ve a\u00e7\u0131k hava etkinlikleriyle Turan Kupas\u0131, Mersin&#8217;i spor ve turizm merkezi yapacak. \u00d6zet olarak; Turan Kupas\u0131 T\u00fcrk d\u00fcnyas\u0131 devletleri ile birlikte kom\u015fu devletler aras\u0131nda kurumsal ba\u011f kurulmas\u0131n\u0131, geli\u015ftirilmesini ve kayna\u015fmas\u0131n\u0131 sa\u011flayacak.<\/p>\n","protected":false},"excerpt":{"rendered":"<p>Mersin 01-03 May\u0131s 2026 tarihleri aras\u0131nda T\u00fcrk d\u00fcnyas\u0131n\u0131n en b\u00fcy\u00fck spor \u015f\u00f6lenlerinden biri olan Turan Kupas\u0131 Halat \u00c7ekme Turnuvas\u0131na ev sahipli\u011fi yapmaya haz\u0131rlan\u0131yor. Azerbaycan&#8217;\u0131n Bak\u00fc \u015fehrinde ilk kez ger\u00e7ekle\u015ftirilen ve b\u00fcy\u00fck ba\u015far\u0131 elde eden turnuva, bu y\u0131l T\u00fcrkiye&#8217;nin Akdeniz incisi Mersin&#8217;de d\u00fczenlenecek. Turan Kupas\u0131, 12 ba\u011f\u0131ms\u0131z T\u00fcrk devleti ve akraba topluluklar\u0131n\u0131 bir araya getiren, g\u00fc\u00e7 [&hellip;]<\/p>\n","protected":false},"author":2,"featured_media":131635,"comment_status":"open","ping_status":"open","sticky":false,"template":"","format":"standard","meta":{"footnotes":""},"categories":[6],"tags":[],"class_list":["post-131634","post","type-post","status-publish","format-standard","has-post-thumbnail","hentry","category-spor"],"views":170,"_links":{"self":[{"href":"https:\/\/mersingazetesi.com\/index.php\/wp-json\/wp\/v2\/posts\/131634","targetHints":{"allow":["GET"]}}],"collection":[{"href":"https:\/\/mersingazetesi.com\/index.php\/wp-json\/wp\/v2\/posts"}],"about":[{"href":"https:\/\/mersingazetesi.com\/index.php\/wp-json\/wp\/v2\/types\/post"}],"author":[{"embeddable":true,"href":"https:\/\/mersingazetesi.com\/index.php\/wp-json\/wp\/v2\/users\/2"}],"replies":[{"embeddable":true,"href":"https:\/\/mersingazetesi.com\/index.php\/wp-json\/wp\/v2\/comments?post=131634"}],"version-history":[{"count":2,"href":"https:\/\/mersingazetesi.com\/index.php\/wp-json\/wp\/v2\/posts\/131634\/revisions"}],"predecessor-version":[{"id":131637,"href":"https:\/\/mersingazetesi.com\/index.php\/wp-json\/wp\/v2\/posts\/131634\/revisions\/131637"}],"wp:featuredmedia":[{"embeddable":true,"href":"https:\/\/mersingazetesi.com\/index.php\/wp-json\/wp\/v2\/media\/131635"}],"wp:attachment":[{"href":"https:\/\/mersingazetesi.com\/index.php\/wp-json\/wp\/v2\/media?parent=131634"}],"wp:term":[{"taxonomy":"category","embeddable":true,"href":"https:\/\/mersingazetesi.com\/index.php\/wp-json\/wp\/v2\/categories?post=131634"},{"taxonomy":"post_tag","embeddable":true,"href":"https:\/\/mersingazetesi.com\/index.php\/wp-json\/wp\/v2\/tags?post=131634"}],"curies":[{"name":"wp","href":"https:\/\/api.w.org\/{rel}","templated":true}]}}