{"id":131627,"date":"2026-04-27T09:16:50","date_gmt":"2026-04-27T06:16:50","guid":{"rendered":"https:\/\/mersingazetesi.com\/?p=131627"},"modified":"2026-04-27T09:18:51","modified_gmt":"2026-04-27T06:18:51","slug":"mersin-merkezde-yesil-donusum","status":"publish","type":"post","link":"https:\/\/mersingazetesi.com\/index.php\/2026\/04\/27\/mersin-merkezde-yesil-donusum\/","title":{"rendered":"MERS\u0130N MERKEZDE YE\u015e\u0130L D\u00d6N\u00dc\u015e\u00dcM"},"content":{"rendered":"<p>Mersin\u2019in merkezinde, Mersin B\u00fcy\u00fck\u015fehir Belediyesi taraf\u0131ndan y\u00fcr\u00fct\u00fclen \u00e7al\u0131\u015fmalar kapsam\u0131nda \u00f6nemli bir d\u00f6n\u00fc\u015f\u00fcm tamamland\u0131. \u00d6zel \u0130dare \u0130\u015f Han\u0131 ile K\u0131rm\u0131z\u0131-Lacivert \u0130\u015f Han\u0131 olarak bilinen yap\u0131lar\u0131n y\u0131k\u0131lmas\u0131n\u0131n ard\u0131ndan ortaya \u00e7\u0131kan alan, ye\u015fil alan olarak kente kazand\u0131r\u0131ld\u0131.<\/p>\n<p>Uzun y\u0131llar yo\u011fun yap\u0131la\u015fman\u0131n hakim oldu\u011fu b\u00f6lgede ger\u00e7ekle\u015ftirilen bu d\u00fczenleme ile kent merkezine nefes ald\u0131racak yeni bir ya\u015fam alan\u0131 olu\u015fturuldu. Proje kapsam\u0131nda d\u00fczenlenen alan\u0131n, vatanda\u015flar\u0131n dinlenebilece\u011fi, vakit ge\u00e7irebilece\u011fi ve \u015fehir i\u00e7inde do\u011fayla bulu\u015fabilece\u011fi bir noktaya d\u00f6n\u00fc\u015ft\u00fc\u011f\u00fc belirtildi.<\/p>\n<p><img loading=\"lazy\" decoding=\"async\" class=\"alignnone  wp-image-131628\" src=\"http:\/\/mersingazetesi.com\/wp-content\/uploads\/2026\/04\/images.jpg\" alt=\"\" width=\"255\" height=\"143\" \/><\/p>\n<p>&nbsp;<\/p>\n<p>Kent esteti\u011fine katk\u0131 sunan d\u00f6n\u00fc\u015f\u00fcm\u00fcn, ayn\u0131 zamanda \u015fehir merkezindeki beton yo\u011funlu\u011funu azaltarak \u00e7evresel a\u00e7\u0131dan da olumlu etkiler yaratmas\u0131 bekleniyor. Belediyenin benzer \u00e7al\u0131\u015fmalarla kent genelinde ye\u015fil alan miktar\u0131n\u0131 art\u0131rmay\u0131 hedefledi\u011fi ifade edildi.<\/p>\n","protected":false},"excerpt":{"rendered":"<p>Mersin\u2019in merkezinde, Mersin B\u00fcy\u00fck\u015fehir Belediyesi taraf\u0131ndan y\u00fcr\u00fct\u00fclen \u00e7al\u0131\u015fmalar kapsam\u0131nda \u00f6nemli bir d\u00f6n\u00fc\u015f\u00fcm tamamland\u0131. \u00d6zel \u0130dare \u0130\u015f Han\u0131 ile K\u0131rm\u0131z\u0131-Lacivert \u0130\u015f Han\u0131 olarak bilinen yap\u0131lar\u0131n y\u0131k\u0131lmas\u0131n\u0131n ard\u0131ndan ortaya \u00e7\u0131kan alan, ye\u015fil alan olarak kente kazand\u0131r\u0131ld\u0131. Uzun y\u0131llar yo\u011fun yap\u0131la\u015fman\u0131n hakim oldu\u011fu b\u00f6lgede ger\u00e7ekle\u015ftirilen bu d\u00fczenleme ile kent merkezine nefes ald\u0131racak yeni bir ya\u015fam alan\u0131 olu\u015fturuldu. Proje [&hellip;]<\/p>\n","protected":false},"author":2,"featured_media":131632,"comment_status":"open","ping_status":"open","sticky":false,"template":"","format":"standard","meta":{"footnotes":""},"categories":[1],"tags":[],"class_list":["post-131627","post","type-post","status-publish","format-standard","has-post-thumbnail","hentry","category-gundem"],"views":175,"_links":{"self":[{"href":"https:\/\/mersingazetesi.com\/index.php\/wp-json\/wp\/v2\/posts\/131627","targetHints":{"allow":["GET"]}}],"collection":[{"href":"https:\/\/mersingazetesi.com\/index.php\/wp-json\/wp\/v2\/posts"}],"about":[{"href":"https:\/\/mersingazetesi.com\/index.php\/wp-json\/wp\/v2\/types\/post"}],"author":[{"embeddable":true,"href":"https:\/\/mersingazetesi.com\/index.php\/wp-json\/wp\/v2\/users\/2"}],"replies":[{"embeddable":true,"href":"https:\/\/mersingazetesi.com\/index.php\/wp-json\/wp\/v2\/comments?post=131627"}],"version-history":[{"count":3,"href":"https:\/\/mersingazetesi.com\/index.php\/wp-json\/wp\/v2\/posts\/131627\/revisions"}],"predecessor-version":[{"id":131633,"href":"https:\/\/mersingazetesi.com\/index.php\/wp-json\/wp\/v2\/posts\/131627\/revisions\/131633"}],"wp:featuredmedia":[{"embeddable":true,"href":"https:\/\/mersingazetesi.com\/index.php\/wp-json\/wp\/v2\/media\/131632"}],"wp:attachment":[{"href":"https:\/\/mersingazetesi.com\/index.php\/wp-json\/wp\/v2\/media?parent=131627"}],"wp:term":[{"taxonomy":"category","embeddable":true,"href":"https:\/\/mersingazetesi.com\/index.php\/wp-json\/wp\/v2\/categories?post=131627"},{"taxonomy":"post_tag","embeddable":true,"href":"https:\/\/mersingazetesi.com\/index.php\/wp-json\/wp\/v2\/tags?post=131627"}],"curies":[{"name":"wp","href":"https:\/\/api.w.org\/{rel}","templated":true}]}}