{"id":131625,"date":"2026-04-27T09:14:37","date_gmt":"2026-04-27T06:14:37","guid":{"rendered":"https:\/\/mersingazetesi.com\/?p=131625"},"modified":"2026-04-27T09:14:37","modified_gmt":"2026-04-27T06:14:37","slug":"onay-tiyatrosu-degil-yetkinlik-devrimi-guc-secendedir","status":"publish","type":"post","link":"https:\/\/mersingazetesi.com\/index.php\/2026\/04\/27\/onay-tiyatrosu-degil-yetkinlik-devrimi-guc-secendedir\/","title":{"rendered":"Onay Tiyatrosu De\u011fil, Yetkinlik Devrimi &#8211; G\u00fc\u00e7 Se\u00e7endedir"},"content":{"rendered":"<div>T\u00fcrkiye\u2019de sivil toplumdan siyasete uzanan geni\u015f alanda ortak bir yap\u0131 sorunu var: Kurumlar de\u011fil, g\u00f6r\u00fcnmez bir stat\u00fcko d\u00fczeni y\u00f6netiyor. Bu d\u00fczeni ki\u015filere indirgemek kolayd\u0131r ama eksiktir. \u00c7\u00fcnk\u00fc mesele ki\u015filer de\u011fil; tekrar eden bir sistemin \u00fcretti\u011fi davran\u0131\u015f bi\u00e7imidir. Bug\u00fcn i\u015fleyen yap\u0131, liyakatin \u00f6l\u00e7\u00fcld\u00fc\u011f\u00fc bir alan olmaktan \u00e7\u0131km\u0131\u015f; sadakatin test edildi\u011fi bir \u201conay mekanizmas\u0131na\u201d d\u00f6n\u00fc\u015fm\u00fc\u015ft\u00fcr. Sahnede isimler de\u011fi\u015fir, ancak senaryo b\u00fcy\u00fck \u00f6l\u00e7\u00fcde ayn\u0131d\u0131r.<\/div>\n<div dir=\"ltr\"><\/div>\n<div>TBMM Ger\u00e7e\u011fi: De\u011fi\u015fim Var, D\u00f6n\u00fc\u015f\u00fcm Yok<\/div>\n<div>T\u00fcrkiye B\u00fcy\u00fck Millet Meclisi verileri bu durumu a\u00e7\u0131k\u00e7a g\u00f6sterir. Her genel se\u00e7imde milletvekillerinin yakla\u015f\u0131k y\u00fczde 45\u201355\u2019i de\u011fi\u015fmektedir. Bu oran ilk bak\u0131\u015fta y\u00fcksek bir yenilenme gibi g\u00f6r\u00fcn\u00fcr. Ancak sonu\u00e7 de\u011fi\u015fmez: sistem kendini yeniden \u00fcretir. De\u011fi\u015fen ki\u015filer \u00e7o\u011fu zaman farkl\u0131 bir zihniyet de\u011fil, ayn\u0131 siyasal a\u011flar\u0131n i\u00e7inde yer de\u011fi\u015ftiren akt\u00f6rlerdir.<\/div>\n<div dir=\"ltr\"><\/div>\n<div>\u0130ktidar ve Muhalefet: Simetrik Stat\u00fcko<\/div>\n<div dir=\"ltr\"><\/div>\n<div>T\u00fcrkiye\u2019de iktidar yakla\u015f\u0131k 24 y\u0131ld\u0131r kesintisiz bir y\u00f6netim g\u00fcc\u00fc \u00fcretmektedir. Bu s\u00fcreklilik, g\u00fc\u00e7l\u00fc bir iktidar prati\u011fini ifade eder. \u00d6te yanda muhalefet, uzun y\u0131llar boyunca de\u011fi\u015fmeyen liderlik ve kadro \u00e7ekirdekleriyle varl\u0131\u011f\u0131n\u0131 s\u00fcrd\u00fcrm\u00fc\u015ft\u00fcr.<\/div>\n<div>Ortaya \u00e7\u0131kan tablo \u015fudur:<\/div>\n<div>\u2022\u2002\u2002\u2002\u2002\u2002\u0130ktidar: S\u00fcreklilik \u00fczerinden g\u00fc\u00e7 \u00fcretir<\/div>\n<div>\u2022\u2002\u2002\u2002\u2002\u2002Muhalefet: S\u00fcreklilik \u00fczerinden alternatif \u00fcretmekte zorlan\u0131r<\/div>\n<div>Bu yap\u0131, rekabetten \u00e7ok \u201ckar\u015f\u0131l\u0131kl\u0131 korunmu\u015f roller d\u00fczeni\u201d \u00fcretir. Herkes kendi alan\u0131n\u0131 korur, sistem ise de\u011fi\u015fmez.<\/div>\n<div dir=\"ltr\"><\/div>\n<div>As\u0131l Yan\u0131lg\u0131: G\u00fc\u00e7 Se\u00e7ilende De\u011fil, Se\u00e7endedir<\/div>\n<div dir=\"ltr\"><\/div>\n<div>Sistemi yanl\u0131\u015f okuyan temel hata, g\u00fcc\u00fc sadece se\u00e7ilmi\u015flerde aramakt\u0131r.<\/div>\n<div>Oysa belirleyici olan se\u00e7me davran\u0131\u015f\u0131d\u0131r.<\/div>\n<div>Se\u00e7en;<\/div>\n<div>neyi talep ediyor,<\/div>\n<div>\u2022\u2002\u2002\u2002\u2002\u2002neyi sorguluyor,<\/div>\n<div>\u2022\u2002\u2002\u2002\u2002\u2002neyi sessizce kabul ediyor?<\/div>\n<div dir=\"ltr\"><\/div>\n<div>Bu sorular de\u011fi\u015fmeden, se\u00e7ilenlerin de\u011fi\u015fmesi tek ba\u015f\u0131na sonu\u00e7 \u00fcretmez.<\/div>\n<div>\u00c7\u00fcnk\u00fc sistem, se\u00e7enin standard\u0131na g\u00f6re kendini yeniden \u00fcretir.<\/div>\n<div dir=\"ltr\"><\/div>\n<div>Onay Tiyatrosu<\/div>\n<div dir=\"ltr\"><\/div>\n<div>Bug\u00fcnk\u00fc yap\u0131 hem siyasette hem sivil alanda b\u00fcy\u00fck \u00f6l\u00e7\u00fcde bir \u201conay tiyatrosu\u201d gibi i\u015flemektedir. Adaylar s\u0131n\u0131rl\u0131 bir \u00e7er\u00e7evede belirlenir. Se\u00e7en ise \u00e7o\u011fu zaman haz\u0131r se\u00e7enekleri onaylayan bir pozisyona \u00e7ekilir. B\u00f6ylece se\u00e7im, ger\u00e7ek bir tercih olmaktan \u00e7\u0131kar; mevcut d\u00fczenin tesciline d\u00f6n\u00fc\u015f\u00fcr.<\/div>\n<div dir=\"ltr\"><\/div>\n<div>Liyakat \u0130\u00e7in D\u00f6rt Temel Soru<\/div>\n<div>Bir aday ya da y\u00f6netici i\u00e7in sistemin sa\u011fl\u0131kl\u0131 i\u015flemesi ad\u0131na d\u00f6rt soru belirleyicidir:<\/div>\n<div>\u2022\u2002\u2002\u2002\u2002\u2002Ge\u00e7mi\u015f: Ne \u00fcretmi\u015f, neyi d\u00f6n\u00fc\u015ft\u00fcrm\u00fc\u015f?<\/div>\n<div>\u2022\u2002\u2002\u2002\u2002\u2002Yetkinlik: Kriz an\u0131nda karar \u00fcretebiliyor mu?<\/div>\n<div>\u2022\u2002\u2002\u2002\u2002\u2002Proje: Somut, \u00f6l\u00e7\u00fclebilir bir plan\u0131 var m\u0131?<\/div>\n<div>\u2022\u2002\u2002\u2002\u2002\u2002\u0130craat: Ba\u015flad\u0131\u011f\u0131n\u0131 bitirebiliyor mu?<\/div>\n<div>Bu sorular sorulmad\u0131\u011f\u0131nda sistem do\u011fal olarak sadakate y\u00f6nelir.<\/div>\n<div dir=\"ltr\"><\/div>\n<div>Sistemin de\u011fi\u015fmemesi ne tek ba\u015f\u0131na iktidar\u0131n ba\u015far\u0131s\u0131d\u0131r, ne de muhalefetin eksikli\u011fidir.<\/div>\n<div>Bu durum, se\u00e7me davran\u0131\u015f\u0131n\u0131n d\u00f6n\u00fc\u015fmemi\u015f olmas\u0131n\u0131n sonucudur. Ger\u00e7ek de\u011fi\u015fim se\u00e7im g\u00fcn\u00fc de\u011fil, se\u00e7imden \u00f6nce ba\u015flar. Se\u00e7en soru sormaya ba\u015flad\u0131\u011f\u0131nda tiyatro kapan\u0131r. Sormad\u0131\u011f\u0131m\u0131z her g\u00fcn ayn\u0131 oyunu farkl\u0131 y\u00fczlerle izleriz.<\/div>\n<div dir=\"ltr\"><\/div>\n<div>G\u00fc\u00e7 se\u00e7ilende de\u011fil, se\u00e7endedir. Ve se\u00e7en de\u011fi\u015fmedik\u00e7e, hi\u00e7bir sistem ger\u00e7ekten de\u011fi\u015fmez<\/div>\n<div dir=\"ltr\"><\/div>\n<div>Selami Uzun \u2013 Ya\u015fam Tasar\u0131m Uzman\u0131<\/div>\n<div id=\"m_2298838462006737181ms-outlook-mobile-body-separator-line\" dir=\"ltr\"><\/div>\n","protected":false},"excerpt":{"rendered":"<p>T\u00fcrkiye\u2019de sivil toplumdan siyasete uzanan geni\u015f alanda ortak bir yap\u0131 sorunu var: Kurumlar de\u011fil, g\u00f6r\u00fcnmez bir stat\u00fcko d\u00fczeni y\u00f6netiyor. Bu d\u00fczeni ki\u015filere indirgemek kolayd\u0131r ama eksiktir. \u00c7\u00fcnk\u00fc mesele ki\u015filer de\u011fil; tekrar eden bir sistemin \u00fcretti\u011fi davran\u0131\u015f bi\u00e7imidir. Bug\u00fcn i\u015fleyen yap\u0131, liyakatin \u00f6l\u00e7\u00fcld\u00fc\u011f\u00fc bir alan olmaktan \u00e7\u0131km\u0131\u015f; sadakatin test edildi\u011fi bir \u201conay mekanizmas\u0131na\u201d d\u00f6n\u00fc\u015fm\u00fc\u015ft\u00fcr. Sahnede isimler [&hellip;]<\/p>\n","protected":false},"author":20,"featured_media":130941,"comment_status":"open","ping_status":"open","sticky":false,"template":"","format":"standard","meta":{"footnotes":""},"categories":[136],"tags":[],"class_list":["post-131625","post","type-post","status-publish","format-standard","has-post-thumbnail","hentry","category-selami-uzun-yasam-tasarim-atolyesi"],"views":167,"_links":{"self":[{"href":"https:\/\/mersingazetesi.com\/index.php\/wp-json\/wp\/v2\/posts\/131625","targetHints":{"allow":["GET"]}}],"collection":[{"href":"https:\/\/mersingazetesi.com\/index.php\/wp-json\/wp\/v2\/posts"}],"about":[{"href":"https:\/\/mersingazetesi.com\/index.php\/wp-json\/wp\/v2\/types\/post"}],"author":[{"embeddable":true,"href":"https:\/\/mersingazetesi.com\/index.php\/wp-json\/wp\/v2\/users\/20"}],"replies":[{"embeddable":true,"href":"https:\/\/mersingazetesi.com\/index.php\/wp-json\/wp\/v2\/comments?post=131625"}],"version-history":[{"count":1,"href":"https:\/\/mersingazetesi.com\/index.php\/wp-json\/wp\/v2\/posts\/131625\/revisions"}],"predecessor-version":[{"id":131626,"href":"https:\/\/mersingazetesi.com\/index.php\/wp-json\/wp\/v2\/posts\/131625\/revisions\/131626"}],"wp:featuredmedia":[{"embeddable":true,"href":"https:\/\/mersingazetesi.com\/index.php\/wp-json\/wp\/v2\/media\/130941"}],"wp:attachment":[{"href":"https:\/\/mersingazetesi.com\/index.php\/wp-json\/wp\/v2\/media?parent=131625"}],"wp:term":[{"taxonomy":"category","embeddable":true,"href":"https:\/\/mersingazetesi.com\/index.php\/wp-json\/wp\/v2\/categories?post=131625"},{"taxonomy":"post_tag","embeddable":true,"href":"https:\/\/mersingazetesi.com\/index.php\/wp-json\/wp\/v2\/tags?post=131625"}],"curies":[{"name":"wp","href":"https:\/\/api.w.org\/{rel}","templated":true}]}}