{"id":131623,"date":"2026-04-27T09:13:19","date_gmt":"2026-04-27T06:13:19","guid":{"rendered":"https:\/\/mersingazetesi.com\/?p=131623"},"modified":"2026-04-27T09:13:19","modified_gmt":"2026-04-27T06:13:19","slug":"canakkale-kara-savaslari-anma-etkinliklerinin-ardindan","status":"publish","type":"post","link":"https:\/\/mersingazetesi.com\/index.php\/2026\/04\/27\/canakkale-kara-savaslari-anma-etkinliklerinin-ardindan\/","title":{"rendered":"\u00c7ANAKKALE KARA SAVA\u015eLARI ANMA ETK\u0130NL\u0130KLER\u0130N\u0130N ARDINDAN"},"content":{"rendered":"<div class=\"gs\">\n<div class=\"\">\n<div id=\":n3\" class=\"ii gt\">\n<div id=\":n2\" class=\"a3s aiL\">\n<div id=\"avWBGd-20\">\n<div dir=\"ltr\">\n<div dir=\"auto\">\u00c7anakkale Kara Sava\u015flar\u0131&#8217;n\u0131n 111&#8217;inci y\u0131l d\u00f6n\u00fcm\u00fc anma etkinlikleri, \u00c7anakkale \u015eehitler Abidesi&#8217;nde d\u00fczenlenen muhte\u015fem bir t\u00f6renle ba\u015flam\u0131\u015ft\u0131.<\/div>\n<div dir=\"auto\">\u00c7anakkale Kara Sava\u015flar\u0131&#8217;n\u0131n 111. y\u0131l d\u00f6n\u00fcm\u00fc t\u00f6reni, T\u00fcrkiye Cumhuriyeti ad\u0131na \u00c7anakkale Valisi Do\u00e7. Dr. \u00d6mer Toraman&#8217;\u0131n \u015eehitler Abidesi \u00f6n\u00fcnde bulunan \u00c7anakkale Sava\u015flar\u0131 kahramanlar\u0131 r\u00f6lyefindeki Atat\u00fcrk An\u0131t\u0131&#8217;na \u00e7elenk koymas\u0131yla ba\u015flam\u0131\u015ft\u0131. \u015eehitler i\u00e7in sayg\u0131 duru\u015funda bulunulup, sayg\u0131 at\u0131\u015f\u0131 yap\u0131lmas\u0131n\u0131n ard\u0131ndan \u0130stiklal Mar\u015f\u0131 okunmu\u015ftu.<\/div>\n<div dir=\"auto\">Anma g\u00fcn\u00fcne konu\u015fmalar damgas\u0131n\u0131 vurmu\u015ftu.<\/div>\n<div dir=\"auto\">\u00c7anakkale Valisi Do\u00e7. Dr. \u00d6mer Toraman konu\u015fmas\u0131n\u0131n bir b\u00f6l\u00fcm\u00fcnde \u00f6zetle \u015funlar\u0131 s\u00f6ylemi\u015fti:<\/div>\n<div dir=\"auto\">&#8220;\u2026 T\u00fcrkiye Cumhuriyeti olarak bizler, bu tarih\u00ee miras\u0131; bar\u0131\u015f\u0131n, i\u015f birli\u011finin ve kar\u015f\u0131l\u0131kl\u0131 anlay\u0131\u015f\u0131n g\u00fc\u00e7lendirilmesi y\u00f6n\u00fcnde \u00f6nemli bir sorumluluk olarak g\u00f6rmekteyiz.<\/div>\n<div dir=\"auto\">Ge\u00e7mi\u015fin ac\u0131lar\u0131ndan ders \u00e7\u0131kararak, gelece\u011fi daha huzurlu ve daha g\u00fcvenli k\u0131lmak ortak g\u00f6revimizdir.<\/div>\n<div dir=\"auto\">Bug\u00fcn burada, vatan savunmas\u0131 u\u011fruna canlar\u0131n\u0131 feda eden aziz \u015fehitlerimizi rahmet, minnet ve \u015f\u00fckranla anarken; ayn\u0131 zamanda bu topraklarda hayat\u0131n\u0131 kaybeden t\u00fcm yabanc\u0131 askerleri de yad ediyoruz.<\/div>\n<div dir=\"auto\">\u2026 Bug\u00fcn bizlere d\u00fc\u015fen en \u00f6nemli sorumluluk; bu anlaml\u0131 miras\u0131 gelecek nesillere do\u011fru \u015fekilde aktarmak, bar\u0131\u015f k\u00fclt\u00fcr\u00fcn\u00fc g\u00fc\u00e7lendirmek ve insanl\u0131\u011f\u0131n ortak de\u011ferlerini korumakt\u0131r.<\/div>\n<div dir=\"auto\">Bu duygu ve d\u00fc\u015f\u00fcncelerle; ba\u015fta Cumhuriyetimizin kurucusu Gazi Mustafa Kemal Atat\u00fcrk ve silah arkada\u015flar\u0131 olmak \u00fczere, t\u00fcm kahramanlar\u0131m\u0131z\u0131 rahmet ve minnetle an\u0131yor; bu anlaml\u0131 t\u00f6rene kat\u0131l\u0131m sa\u011flayan siz de\u011ferli misafirlerimize te\u015fekk\u00fcr ediyor, sizleri sayg\u0131yla selaml\u0131yorum&#8221; demi\u015ftir.<\/div>\n<div dir=\"auto\">Anma t\u00f6reninde konu\u015fan \u00c7anakkale Sava\u015flar\u0131 Gelibolu Tarihi Alan Ba\u015fkan\u0131 \u0130smail Ka\u015fdemir de konu\u015fmas\u0131n\u0131n bir b\u00f6l\u00fcm\u00fcnde \u015funlar\u0131 s\u00f6ylemi\u015fti:<\/div>\n<div dir=\"auto\">&#8220;\u2026Tarihin en \u00e7etin m\u00fccadelelerinden birine sahne olan \u00c7anakkale&#8217;de, Kara Muharebeleri&#8217;nin 111. y\u0131l d\u00f6n\u00fcm\u00fcnde sizlerle birlikte olmaktan b\u00fcy\u00fck bir onur duyuyorum. Bug\u00fcn burada, yaln\u0131zca bir askeri m\u00fccadeleyi anmak i\u00e7in de\u011fil; insanl\u0131k tarihine derin izler b\u0131rakan bir d\u00f6nemin hat\u0131ras\u0131n\u0131 ya\u015fatmak, o g\u00fcnlerin fedak\u00e2rl\u0131klar\u0131n\u0131 ve ac\u0131lar\u0131n\u0131 ortak bir anlay\u0131\u015fla y\u00e2d etmek \u00fczere bir araya gelmi\u015f bulunuyoruz.<\/div>\n<div dir=\"auto\">\u2026 Aradan ge\u00e7en uzun y\u0131llara ra\u011fmen, \u00c7anakkale&#8217;nin hat\u0131ras\u0131 ilk g\u00fcnk\u00fc anlam\u0131n\u0131 ve \u00f6nemini korumaktad\u0131r. \u00c7\u00fcnk\u00fc burada ya\u015fananlar, yaln\u0131zca ge\u00e7mi\u015fe ait bir hat\u0131ra de\u011fil; ayn\u0131 zamanda g\u00fcn\u00fcm\u00fcz d\u00fcnyas\u0131 i\u00e7in g\u00fc\u00e7l\u00fc mesajlar bar\u0131nd\u0131ran evrensel bir tecr\u00fcbedir.<\/div>\n<div dir=\"auto\">\u2026\u00c7anakkale; ayr\u0131\u015fman\u0131n de\u011fil bulu\u015fman\u0131n, \u00e7at\u0131\u015fman\u0131n de\u011fil diyalogun, d\u00fc\u015fmanl\u0131\u011f\u0131n de\u011fil kar\u015f\u0131l\u0131kl\u0131 sayg\u0131 ve anlay\u0131\u015f\u0131n simgesi haline gelmi\u015ftir.<\/div>\n<div dir=\"auto\">\u2026 S\u00f6zlerimin ba\u015f\u0131nda, \u00c7anakkale&#8217;yi ge\u00e7ilmez yapan aziz \u015fehitlerimizi ve kahraman gazilerimizi yapt\u0131\u011f\u0131m\u0131z bu m\u00fcbarek topraklarda bir \u00f6l\u00fcmkal\u0131m m\u00fccadelesi vererek b\u00fcy\u00fck bir zafer kazanan ve rahmet ve \u015f\u00fckranla an\u0131yor, o b\u00fcy\u00fck insanlar\u0131 hay\u0131rla y\u00e2d ediyorum.<\/div>\n<div dir=\"auto\">Ve yine, 111 y\u0131l \u00f6nce \u00fclkeleri i\u00e7in buraya sava\u015fmaya gelen \u0130tilaf Devletleri askerlerini de sayg\u0131 ile hat\u0131rl\u0131yor, hayatlar\u0131n\u0131 kaybeden askerlerin art\u0131k bu topraklar\u0131n bir evlad\u0131 oldu\u011funu, bar\u0131\u015f ve huzur dolu bu topraklarda Mehmet\u00e7iklerle yan yana ve koyun koyuna yatt\u0131klar\u0131n\u0131 bir kez daha ifade ediyorum&#8221;<\/div>\n<div dir=\"auto\">&#8220;\u2026 T\u00fcrk milleti, \u00c7anakkale&#8217;de b\u00fcy\u00fck ve \u015fanl\u0131 bir vatan m\u00fcdafaas\u0131 yapm\u0131\u015f ve ba\u015far\u0131l\u0131 olmu\u015ftur. \u00c7ok a\u00e7\u0131k ve hakl\u0131 bir zafer kazanm\u0131\u015ft\u0131r. \u00dczerinde t\u00f6ren yapt\u0131\u011f\u0131m\u0131z bu topraklar, b\u00fcy\u00fck ac\u0131lara ve g\u00f6zya\u015flar\u0131na \u015fahitlik etmi\u015ftir.<\/div>\n<div dir=\"auto\">\u0130nsanl\u0131k tarihinin g\u00f6rd\u00fc\u011f\u00fc en b\u00fcy\u00fck ve en \u00e7etin sava\u015flardan birisi bu topraklarda ya\u015fanm\u0131\u015ft\u0131r.<\/div>\n<div dir=\"auto\">T\u00fcrk milleti, birlik ve beraberlik i\u00e7erisinde \u00e7ok \u00f6nemli bir m\u00fccadele vermi\u015f ve \u00c7anakkale&#8217;yi ge\u00e7ilmez yapm\u0131\u015ft\u0131r.<\/div>\n<div dir=\"auto\">Gen\u00e7 neferler ve gen\u00e7 komutanlar, b\u00fcy\u00fck bir sorumluluk duygusu ve b\u00fcy\u00fck bir cesaretle, tarihine yak\u0131\u015f\u0131r bir m\u00fccadele sonunda galip gelmeyi bilmi\u015flerdir.<\/div>\n<div dir=\"auto\">Zaferin mimarlar\u0131 olan askerler 20&#8217;li ya\u015flar\u0131n ba\u015f\u0131nda, komutanlar ise 30&#8217;lu ya\u015flar\u0131n ba\u015f\u0131ndayd\u0131lar. Bu kahraman gen\u00e7ler, omuzlar\u0131ndaki tarihi sorumlulu\u011fu \u00e7ok iyi idrak eden o nesil, \u00c7anakkale&#8217;de d\u00fcnyaya meydan okumu\u015f ve devrin s\u00fcper g\u00fc\u00e7lerine kafa tutmu\u015flard\u0131r.<\/div>\n<div dir=\"auto\">, Yakla\u015f\u0131k 8,5 ay s\u00fcren, \u015fanl\u0131 ve \u015ferefli m\u00fcdafaan\u0131n sonunda galip gelen, zaferleri ve mazisi insanl\u0131k tarihi ile ba\u015flayan kahraman T\u00fcrk ordusu olmu\u015ftur&#8221;<\/div>\n<div dir=\"auto\">\u2018\u2019\u2026 \u00c7anakkale ne denizden ne karadan ne havadan ne de deniz alt\u0131ndan ge\u00e7ilememi\u015ftir. \u00c7anakkale&#8217;de, k\u00fcllerinden yeniden do\u011fan T\u00fcrk milleti, onurluca verdi\u011fi Mill\u00ee M\u00fccadele&#8217;den sonra, Cumhuriyetini kurmu\u015ftur.<\/div>\n<div dir=\"auto\">T\u00fcrkiye Cumhuriyeti&#8217;nin mayas\u0131nda ve temellerinde \u00c7anakkale kahramanl\u0131\u011f\u0131 ve \u00c7anakkale ruhu vard\u0131r ve bu ruh, h\u00e2l\u00e2 canl\u0131l\u0131\u011f\u0131n\u0131 korumakta ve ebediyen de korumaya devam edecektir.<\/div>\n<div dir=\"auto\">Aziz milletimizin evlatlar\u0131 bu ruha her zaman sahip \u00e7\u0131kacakt\u0131r. 111 y\u0131l \u00f6nce b\u00fcy\u00fck ac\u0131lara sahne olan bu topraklar, \u015fimdi bar\u0131\u015f\u0131n ve huzurun diyar\u0131 olmu\u015ftur.\u2019\u2019<\/div>\n<div dir=\"auto\">\u2018\u2026 \u00c7anakkale&#8217;yi ge\u00e7ilmez yapan, ba\u015fta \u00c7anakkale kahraman\u0131 olarak tarih sahnesine \u00e7\u0131kan ve milletimizin g\u00f6nl\u00fcn\u00fc kazanan, Mill\u00ee M\u00fccadelemizin ba\u015fkomutan\u0131 ve Cumhuriyetimizin kurucusu Gazi Mustafa Kemal Atat\u00fcrk olmak \u00fczere t\u00fcm komutanlar\u0131m\u0131z\u0131 ve aziz Mehmet\u00e7iklerimizi rahmetle ve sayg\u0131yla an\u0131yoruz.<\/div>\n<div dir=\"auto\">Onlar\u0131n hat\u0131ralar\u0131na her daim sahip \u00e7\u0131kaca\u011f\u0131z ve onlar\u0131 unutturmayaca\u011f\u0131z. Vatan sa\u011folsun diyerek kara topra\u011fa girenleri, d\u00fcnya durduk\u00e7a hat\u0131rlay\u0131p, h\u00e2y\u0131rla anaca\u011f\u0131z. Bu topraklar\u0131n kara ba\u011fr\u0131nda, s\u0131rada\u011flar gibi durup, can fed\u00e2 edenleri ba\u015f t\u00e2c\u0131 edece\u011fiz.<\/div>\n<div dir=\"auto\">Bir g\u00fcl bah\u00e7esine girercesine, \u015fu kara topra\u011fa giren civanmertlerin ayak izleri olan bu m\u00fcbarek topraklar\u0131 g\u00f6z\u00fcm\u00fcz gibi koruyup, kollayaca\u011f\u0131z.<\/div>\n<div dir=\"auto\">Bu topraklar i\u00e7in topra\u011fa d\u00fc\u015fen \u015fehitlerimizi g\u00f6remesek de onlar\u0131n bizi g\u00f6rd\u00fcklerini akl\u0131m\u0131zdan \u00e7\u0131karmayaca\u011f\u0131z.\u2019\u2019<\/div>\n<div dir=\"auto\">Fransa Temsilcisi Koramiral Yann\u0131c\u0131k Bossu ise yapt\u0131\u011f\u0131 konu\u015fmada \u00f6zetle \u015funlar\u0131 s\u00f6ylemi\u015fti:<\/div>\n<div dir=\"auto\">&#8220;\u2026 \u00c7anakkale Sava\u015f\u0131&#8217;n\u0131n an\u0131ld\u0131\u011f\u0131 bu kutsal g\u00fcnde, hayatlar\u0131n\u0131 feda eden, \u00e7o\u011fu \u00e7ok gen\u00e7 olan t\u00fcm cesur askerlere sayg\u0131 g\u00f6stermek \u00fczere, T\u00fcrk topraklar\u0131nda sizlerin yan\u0131nda bulunmak benim i\u00e7in bir onurdur. Bu bo\u011faz, ortak tarihimizin en trajik olaylar\u0131ndan birinin sahnesi haline geldi.<\/div>\n<div dir=\"auto\">Mart 1915&#8217;ten Ocak 1916&#8217;ya kadar on binlerce asker, izleri bug\u00fcn h\u00e2l\u00e2 g\u00f6r\u00fclebilen bir siper \u00e7\u0131kmaz\u0131nda ate\u015f ve yoksunlukla m\u00fccadele etti. Sadece sava\u015f\u0131n \u015fiddetine de\u011fil, ayn\u0131 zamanda s\u0131ca\u011fa, susuzlu\u011fa, a\u00e7l\u0131\u011fa ve hastal\u0131\u011fa da g\u00f6\u011f\u00fcs geren bu askerler, tarihte kesin bir iz b\u0131rakt\u0131.<\/div>\n<div dir=\"auto\">Bu \u00e7at\u0131\u015fmalar\u0131n insan kayb\u0131 \u00e7ok b\u00fcy\u00fckt\u00fcr. Her iki taraf i\u00e7in de kay\u0131plar a\u011f\u0131rd\u0131r: \u0130tilaf Devletleri&#8217;nde en az 60 bin \u00f6l\u00fc, buna ek olarak 125 bin yaral\u0131 ve hastal\u0131k nedeniyle 100 bin \u00f6l\u00fc. Ne kay\u0131plar\u0131n b\u00fcy\u00fckl\u00fc\u011f\u00fc ne de \u00e7at\u0131\u015fmalar\u0131n \u015fiddeti bu adamlar\u0131n cesaretini azaltmad\u0131. Onlar\u0131n cesareti ve fedak\u00e2rl\u0131k ruhu asla unutulmayacak.<\/div>\n<div dir=\"auto\">Bu sava\u015f\u0131n ortak haf\u0131zam\u0131zda b\u0131rakt\u0131\u011f\u0131 iz, \u00fclkelerimizin bu sava\u015f\u00e7\u0131lara duydu\u011fu minnettarl\u0131\u011f\u0131n bir kan\u0131t\u0131d\u0131r.&#8221;<\/div>\n<div dir=\"auto\">&#8220;\u2026 Bu topraklarda, ordular\u0131m\u0131z\u0131n ya\u015fad\u0131\u011f\u0131 zorluklar\u0131n hat\u0131ras\u0131 h\u00e2l\u00e2 canl\u0131d\u0131r. Ancak bu hat\u0131ra, bar\u0131\u015f ad\u0131na halklar\u0131m\u0131z\u0131 birle\u015ftiren ve giderek g\u00fc\u00e7lenen dostlukla zenginle\u015fmi\u015ftir:<\/div>\n<div dir=\"auto\">\u015eiddetiyle haf\u0131zalarda yer etse de Gelibolu Seferi, Fransa&#8217;n\u0131n \u00fc\u00e7 b\u00fcy\u00fck dost \u00fclkesi olan T\u00fcrkiye, Avustralya ve Yeni Zelanda i\u00e7in kurucu bir olay haline gelmi\u015ftir.<\/div>\n<div dir=\"auto\">Bar\u0131\u015f ve istikrar gibi ortak bir hedef do\u011frultusunda g\u00fc\u00e7lerimizi birle\u015ftirerek daha g\u00fc\u00e7l\u00fcy\u00fcz. Dostlar ve m\u00fcttefikler olarak bug\u00fcn g\u00f6sterdi\u011fimiz teyakkuz, ortak bir an\u0131 ve duygu mek\u00e2n\u0131 olmas\u0131n\u0131n yan\u0131 s\u0131ra, affetme ve uluslararas\u0131 dayan\u0131\u015fman\u0131n da sembol\u00fc haline gelen Gelibolu Yar\u0131madas\u0131&#8217;nda sava\u015fm\u0131\u015f olanlar\u0131n torunlar\u0131na sayg\u0131 g\u00f6stermenin en g\u00fczel yoludur.<\/div>\n<div dir=\"auto\">Bu Frans\u0131z T\u00fcrk ve bug\u00fcn uluslararas\u0131 i\u015f birli\u011fi, d\u00fcnyan\u0131n geri kalan\u0131na bir mesaj olsun.\u2019\u2019<\/div>\n<div dir=\"auto\">Konu\u015fmalar\u0131n ard\u0131ndan Kur&#8217;an\u0131 Kerim tilaveti yap\u0131lm\u0131\u015f ve \u015fehitler i\u00e7in dua edilmi\u015fti. Ard\u0131ndan mehteran tak\u0131m\u0131 g\u00f6sterisi yap\u0131lm\u0131\u015ft\u0131.<\/div>\n<div dir=\"auto\">Daha sonra askeri bando e\u015fli\u011finde askeri birlik, konuk askerler, gaziler ve izciler resmi ge\u00e7it t\u00f6reni ger\u00e7ekle\u015ftirilmi\u015fti.<\/div>\n<div dir=\"auto\">\u015eehitlik Defteri imzaland\u0131ktan sonra da temsili \u015fehit mezarl\u0131klar\u0131na karanfil b\u0131rak\u0131lm\u0131\u015ft\u0131.<\/div>\n<div dir=\"auto\">T\u00fcrk Y\u0131ld\u0131zlar\u0131 g\u00f6steri u\u00e7u\u015fu ger\u00e7ekle\u015ftirmi\u015fti. T\u00fcrk Y\u0131ld\u0131zlar\u0131 g\u00f6sterisi nefesleri kesmi\u015fti.<\/div>\n<div dir=\"auto\">T\u00f6renlere; \u00c7anakkale Valisi Do\u00e7. Dr. \u00d6mer Toraman, 1. Ordu Komutan\u0131 Bahtiyar Ersay, \u00c7anakkale Sava\u015flar\u0131 Gelibolu Tarihi Alan Ba\u015fkan\u0131 \u0130smail Ka\u015fdemir, Yeni Zelanda Genel Valisi Dame Cindy Kiro, Avustralya B\u00fcy\u00fckel\u00e7isi SallyAnne Vincent, Birle\u015fik Krall\u0131k T\u00fcrkiye B\u00fcy\u00fckel\u00e7isi Jilly Morris, daire m\u00fcd\u00fcrleri, askeri erken, yabanc\u0131 \u00fclkelerin temsilcileri, gaziler, \u00f6\u011frenciler ve \u00e7ok say\u0131da davetli kat\u0131lm\u0131\u015ft\u0131.<\/div>\n<div dir=\"auto\">\u00c7anakkale Kara Sava\u015flar\u0131 anma pro\u011framlar\u0131 ne ilkti ve de ne son olacakt\u0131r.<\/div>\n<div dir=\"auto\">Bu anlaml\u0131 g\u00fcn tarih boyunca devam edecektir.<\/div>\n<div dir=\"auto\">A\u00e7\u0131l\u0131\u015f pro\u011fram\u0131n\u0131n ard\u0131ndan sonraki g\u00fcnlerde de \u00c7anakkale kara sava\u015flar\u0131 anma g\u00fcn\u00fc ruhuna yak\u0131\u015f\u0131r bi\u00e7imde devam etmi\u015ftir.<\/div>\n<div dir=\"auto\">Kahraman \u015fehitlerimize Allahtan rahmet diler, Gazilerimize ve geride kalanlara sab\u0131rlar niyaz ederiz.<\/div>\n<div dir=\"auto\">Ho\u015f\u00e7a kal\u0131n\u0131z.<\/div>\n<\/div>\n<div class=\"yj6qo\"><\/div>\n<div class=\"adL\"><\/div>\n<\/div>\n<\/div>\n<\/div>\n<div id=\"avWBGd-21\" class=\"WhmR8e\" data-hash=\"0\"><\/div>\n<\/div>\n<\/div>\n","protected":false},"excerpt":{"rendered":"<p>\u00c7anakkale Kara Sava\u015flar\u0131&#8217;n\u0131n 111&#8217;inci y\u0131l d\u00f6n\u00fcm\u00fc anma etkinlikleri, \u00c7anakkale \u015eehitler Abidesi&#8217;nde d\u00fczenlenen muhte\u015fem bir t\u00f6renle ba\u015flam\u0131\u015ft\u0131. \u00c7anakkale Kara Sava\u015flar\u0131&#8217;n\u0131n 111. y\u0131l d\u00f6n\u00fcm\u00fc t\u00f6reni, T\u00fcrkiye Cumhuriyeti ad\u0131na \u00c7anakkale Valisi Do\u00e7. Dr. \u00d6mer Toraman&#8217;\u0131n \u015eehitler Abidesi \u00f6n\u00fcnde bulunan \u00c7anakkale Sava\u015flar\u0131 kahramanlar\u0131 r\u00f6lyefindeki Atat\u00fcrk An\u0131t\u0131&#8217;na \u00e7elenk koymas\u0131yla ba\u015flam\u0131\u015ft\u0131. \u015eehitler i\u00e7in sayg\u0131 duru\u015funda bulunulup, sayg\u0131 at\u0131\u015f\u0131 yap\u0131lmas\u0131n\u0131n ard\u0131ndan \u0130stiklal [&hellip;]<\/p>\n","protected":false},"author":11,"featured_media":131468,"comment_status":"open","ping_status":"open","sticky":false,"template":"","format":"standard","meta":{"footnotes":""},"categories":[21],"tags":[],"class_list":["post-131623","post","type-post","status-publish","format-standard","has-post-thumbnail","hentry","category-gazi-mert"],"views":158,"_links":{"self":[{"href":"https:\/\/mersingazetesi.com\/index.php\/wp-json\/wp\/v2\/posts\/131623","targetHints":{"allow":["GET"]}}],"collection":[{"href":"https:\/\/mersingazetesi.com\/index.php\/wp-json\/wp\/v2\/posts"}],"about":[{"href":"https:\/\/mersingazetesi.com\/index.php\/wp-json\/wp\/v2\/types\/post"}],"author":[{"embeddable":true,"href":"https:\/\/mersingazetesi.com\/index.php\/wp-json\/wp\/v2\/users\/11"}],"replies":[{"embeddable":true,"href":"https:\/\/mersingazetesi.com\/index.php\/wp-json\/wp\/v2\/comments?post=131623"}],"version-history":[{"count":1,"href":"https:\/\/mersingazetesi.com\/index.php\/wp-json\/wp\/v2\/posts\/131623\/revisions"}],"predecessor-version":[{"id":131624,"href":"https:\/\/mersingazetesi.com\/index.php\/wp-json\/wp\/v2\/posts\/131623\/revisions\/131624"}],"wp:featuredmedia":[{"embeddable":true,"href":"https:\/\/mersingazetesi.com\/index.php\/wp-json\/wp\/v2\/media\/131468"}],"wp:attachment":[{"href":"https:\/\/mersingazetesi.com\/index.php\/wp-json\/wp\/v2\/media?parent=131623"}],"wp:term":[{"taxonomy":"category","embeddable":true,"href":"https:\/\/mersingazetesi.com\/index.php\/wp-json\/wp\/v2\/categories?post=131623"},{"taxonomy":"post_tag","embeddable":true,"href":"https:\/\/mersingazetesi.com\/index.php\/wp-json\/wp\/v2\/tags?post=131623"}],"curies":[{"name":"wp","href":"https:\/\/api.w.org\/{rel}","templated":true}]}}