{"id":131620,"date":"2026-04-27T09:12:35","date_gmt":"2026-04-27T06:12:35","guid":{"rendered":"https:\/\/mersingazetesi.com\/?p=131620"},"modified":"2026-04-27T09:12:35","modified_gmt":"2026-04-27T06:12:35","slug":"motosikletle-carpisan-hafif-ticari-arac-devrildi-3-yarali","status":"publish","type":"post","link":"https:\/\/mersingazetesi.com\/index.php\/2026\/04\/27\/motosikletle-carpisan-hafif-ticari-arac-devrildi-3-yarali\/","title":{"rendered":"Motosikletle \u00e7arp\u0131\u015fan hafif ticari ara\u00e7 devrildi: 3 yaral\u0131"},"content":{"rendered":"<p><strong class=\"searchword\">Mersin<\/strong>&#8216;in Erdemli il\u00e7esinde k\u0131rm\u0131z\u0131 \u0131\u015f\u0131k ihlali yapan hafif ticari ara\u00e7 motosiklete \u00e7arparak devrildi, kazada 3 ki\u015fi yaraland\u0131.<br \/>\nKaza,\u00a0<strong class=\"searchword\">Mersin<\/strong>-Antalya D-400 kara yolu Erdemli il\u00e7esi Alata Mahallesi lise kav\u015fa\u011f\u0131nda meydana geldi. Al\u0131nan bilgiye g\u00f6re, k\u0131rm\u0131z\u0131 \u0131\u015f\u0131k ihlali yapan M.\u0130. idaresindeki 33 MA 3065 plakal\u0131 hafif ticari ara\u00e7la A.T.\u00c7. y\u00f6netimindeki 33 BAF 513 plakal\u0131 motosiklet \u00e7arp\u0131\u015ft\u0131. \u00c7arp\u0131\u015fman\u0131n \u015fiddetiyle hafif ticari ara\u00e7 kald\u0131r\u0131ma devrilirken kazada s\u00fcr\u00fcc\u00fclerle birlikte 3 ki\u015fi yaraland\u0131. \u00c7evredekilerin ihbar\u0131 \u00fczerine olay yerine sa\u011fl\u0131k, polis ve itfaiye ekipleri sevk edildi. Yaral\u0131lar ambulanslarla il\u00e7e devlet hastanesine sevk edilirken kaza ile ilgili soru\u015fturma ba\u015flat\u0131ld\u0131.<\/p>\n","protected":false},"excerpt":{"rendered":"<p>Mersin&#8216;in Erdemli il\u00e7esinde k\u0131rm\u0131z\u0131 \u0131\u015f\u0131k ihlali yapan hafif ticari ara\u00e7 motosiklete \u00e7arparak devrildi, kazada 3 ki\u015fi yaraland\u0131. Kaza,\u00a0Mersin-Antalya D-400 kara yolu Erdemli il\u00e7esi Alata Mahallesi lise kav\u015fa\u011f\u0131nda meydana geldi. Al\u0131nan bilgiye g\u00f6re, k\u0131rm\u0131z\u0131 \u0131\u015f\u0131k ihlali yapan M.\u0130. idaresindeki 33 MA 3065 plakal\u0131 hafif ticari ara\u00e7la A.T.\u00c7. y\u00f6netimindeki 33 BAF 513 plakal\u0131 motosiklet \u00e7arp\u0131\u015ft\u0131. \u00c7arp\u0131\u015fman\u0131n \u015fiddetiyle [&hellip;]<\/p>\n","protected":false},"author":2,"featured_media":131621,"comment_status":"open","ping_status":"open","sticky":false,"template":"","format":"standard","meta":{"footnotes":""},"categories":[1],"tags":[],"class_list":["post-131620","post","type-post","status-publish","format-standard","has-post-thumbnail","hentry","category-gundem"],"views":170,"_links":{"self":[{"href":"https:\/\/mersingazetesi.com\/index.php\/wp-json\/wp\/v2\/posts\/131620","targetHints":{"allow":["GET"]}}],"collection":[{"href":"https:\/\/mersingazetesi.com\/index.php\/wp-json\/wp\/v2\/posts"}],"about":[{"href":"https:\/\/mersingazetesi.com\/index.php\/wp-json\/wp\/v2\/types\/post"}],"author":[{"embeddable":true,"href":"https:\/\/mersingazetesi.com\/index.php\/wp-json\/wp\/v2\/users\/2"}],"replies":[{"embeddable":true,"href":"https:\/\/mersingazetesi.com\/index.php\/wp-json\/wp\/v2\/comments?post=131620"}],"version-history":[{"count":1,"href":"https:\/\/mersingazetesi.com\/index.php\/wp-json\/wp\/v2\/posts\/131620\/revisions"}],"predecessor-version":[{"id":131622,"href":"https:\/\/mersingazetesi.com\/index.php\/wp-json\/wp\/v2\/posts\/131620\/revisions\/131622"}],"wp:featuredmedia":[{"embeddable":true,"href":"https:\/\/mersingazetesi.com\/index.php\/wp-json\/wp\/v2\/media\/131621"}],"wp:attachment":[{"href":"https:\/\/mersingazetesi.com\/index.php\/wp-json\/wp\/v2\/media?parent=131620"}],"wp:term":[{"taxonomy":"category","embeddable":true,"href":"https:\/\/mersingazetesi.com\/index.php\/wp-json\/wp\/v2\/categories?post=131620"},{"taxonomy":"post_tag","embeddable":true,"href":"https:\/\/mersingazetesi.com\/index.php\/wp-json\/wp\/v2\/tags?post=131620"}],"curies":[{"name":"wp","href":"https:\/\/api.w.org\/{rel}","templated":true}]}}