{"id":131607,"date":"2026-04-26T12:16:36","date_gmt":"2026-04-26T09:16:36","guid":{"rendered":"https:\/\/mersingazetesi.com\/?p=131607"},"modified":"2026-04-26T12:16:36","modified_gmt":"2026-04-26T09:16:36","slug":"cocuklarin-gelecegi-torba-yasalarla-korunamaz","status":"publish","type":"post","link":"https:\/\/mersingazetesi.com\/index.php\/2026\/04\/26\/cocuklarin-gelecegi-torba-yasalarla-korunamaz\/","title":{"rendered":"\u201c\u00c7OCUKLARIN GELECE\u011e\u0130 TORBA YASALARLA KORUNAMAZ\u201d"},"content":{"rendered":"<div>\n<div lang=\"TR\">\n<div class=\"v1x_WordSection1\">\n<div>\n<p class=\"v1x_MsoNormal\">Cumhuriyet Halk Partisi Mersin Milletvekili G\u00fclcan K\u0131\u015f, TBMM Genel Kurulu&#8217;nda g\u00f6r\u00fc\u015f\u00fclen Sosyal Hizmetler Kanunu ve Baz\u0131 Kanunlarda De\u011fi\u015fiklik Yap\u0131lmas\u0131na Dair Kanun Teklifi&#8217;nin ge\u00e7ici 1&#8217;inci maddesi \u00fczerine yapt\u0131\u011f\u0131 konu\u015fmada, \u00e7ocuklar\u0131n g\u00fcvenli\u011fi ve gelece\u011fine ili\u015fkin sert ele\u015ftirilerde bulundu. K\u0131\u015f, iktidar\u0131n \u00e7ocuk politikalar\u0131nda b\u00fct\u00fcnc\u00fcl bir yakla\u015f\u0131m ortaya koyamad\u0131\u011f\u0131n\u0131 belirterek, &#8220;\u00c7ocuklar\u0131n hayat\u0131 bir b\u00fct\u00fcnd\u00fcr. Siz bir alan\u0131 d\u00fczenleyip di\u011ferini yok sayarsan\u0131z sorunlar\u0131 \u00e7\u00f6zemezsiniz&#8221; dedi.<\/p>\n<p class=\"v1x_MsoNormal\"><b>&#8220;\u00c7ocuklar okulda bile g\u00fcvende de\u011fil&#8221;<\/b><\/p>\n<p class=\"v1x_MsoNormal\">Konu\u015fmas\u0131na Kahramanmara\u015f ve \u015eanl\u0131urfa&#8217;da ya\u015fanan okul sald\u0131r\u0131lar\u0131n\u0131 anarak ba\u015flayan K\u0131\u015f, hayat\u0131n\u0131 kaybeden \u00f6\u011frenciler ve \u00f6\u011fretmen i\u00e7in ba\u015fsa\u011fl\u0131\u011f\u0131 diledi. Ya\u015fananlar\u0131n toplumsal bir k\u0131r\u0131lmaya i\u015faret etti\u011fini belirten K\u0131\u015f, ailelerin her g\u00fcn \u00e7ocuklar\u0131n\u0131 okula g\u00f6nderirken ciddi bir g\u00fcvenlik kayg\u0131s\u0131 ya\u015fad\u0131\u011f\u0131n\u0131 vurgulad\u0131.<\/p>\n<p class=\"v1x_MsoNormal\">&#8220;Bu \u00fclkede aileler art\u0131k \u00e7ocuklar\u0131n\u0131 okula u\u011furlarken &#8216;Acaba geri d\u00f6nebilecek mi?&#8217; sorusuyla ya\u015f\u0131yor&#8221; ifadelerini kulland\u0131.<\/p>\n<p class=\"v1x_MsoNormal\"><b>&#8220;23 Nisan&#8217;\u0131 kutlarken ger\u00e7e\u011fi g\u00f6rmezden gelemeyiz&#8221;<\/b><\/p>\n<p class=\"v1x_MsoNormal\">23 Nisan Ulusal Egemenlik ve \u00c7ocuk Bayram\u0131&#8217;na dikkat \u00e7eken K\u0131\u015f, Mustafa Kemal Atat\u00fcrk&#8217;\u00fcn \u00e7ocuklara arma\u011fan etti\u011fi bu g\u00fcn\u00fcn anlam\u0131na i\u015faret ederek, mevcut tabloyu ele\u015ftirdi.<br \/>\n&#8220;\u00c7ocuklara arma\u011fan edilmi\u015f bir bayram\u0131 konu\u015furken, \u00e7ocuklar\u0131n g\u00fcvende olmad\u0131\u011f\u0131 bir \u00fclkede ya\u015f\u0131yoruz. Bu \u00e7eli\u015fkiyi g\u00f6rmeden politika \u00fcretemezsiniz&#8221; dedi.<\/p>\n<p class=\"v1x_MsoNormal\"><b>&#8220;Ekran s\u00fcresiyle de\u011fil, ya\u015fam ko\u015fullar\u0131yla y\u00fczle\u015fin&#8221;<\/b><\/p>\n<p class=\"v1x_MsoNormal\">Dijital d\u00fczenlemelere ili\u015fkin de\u011ferlendirmesinde K\u0131\u015f, s\u0131n\u0131rlamalar\u0131n tek ba\u015f\u0131na \u00e7\u00f6z\u00fcm olmad\u0131\u011f\u0131n\u0131 vurgulad\u0131.<\/p>\n<p class=\"v1x_MsoNormal\">&#8220;Bir \u00e7ocuk a\u00e7 gidiyorsa, e\u015fit e\u011fitim imk\u00e2n\u0131na sahip de\u011filse, g\u00fcvenli bir okul ortam\u0131 yoksa siz ekran s\u00fcresini s\u0131n\u0131rlayarak o \u00e7ocu\u011fun hayat\u0131n\u0131 de\u011fi\u015ftiremezsiniz&#8221; diyen K\u0131\u015f, \u00e7ocuklar\u0131n kar\u015f\u0131 kar\u015f\u0131ya oldu\u011fu sorunlar\u0131n \u00e7ok boyutlu oldu\u011funa dikkat \u00e7ekti.<\/p>\n<p class=\"v1x_MsoNormal\"><b>&#8220;AKP krizden sonra konu\u015fur, \u00f6nceden \u00f6nlem almaz&#8221;<\/b><\/p>\n<p class=\"v1x_MsoNormal\">\u0130ktidar\u0131n y\u00f6netim anlay\u0131\u015f\u0131n\u0131 sert s\u00f6zlerle ele\u015ftiren K\u0131\u015f, T\u00fcrkiye&#8217;de ya\u015fanan b\u00fcy\u00fck olaylar\u0131n ard\u0131ndan benzer bir tablo olu\u015ftu\u011funu ifade etti.<\/p>\n<p class=\"v1x_MsoNormal\">&#8220;Deprem olur, sonra \u00f6nlem konu\u015fulur. Yang\u0131n olur, sonra \u00f6nlem konu\u015fulur. Kad\u0131n cinayetleri olur, toplum sars\u0131l\u0131r, yine sonras\u0131nda \u00f6nlem konu\u015fulur. \u00c7\u00fcnk\u00fc \u00f6nceden planlanm\u0131\u015f, g\u00fc\u00e7l\u00fc ve kal\u0131c\u0131 bir politika yok&#8221; dedi.<\/p>\n<p class=\"v1x_MsoNormal\"><b>&#8220;Yasaklar \u00e7\u00f6z\u00fcm de\u011fil, yeni sorunlar\u0131n kap\u0131s\u0131n\u0131 a\u00e7ar&#8221;<\/b><\/p>\n<p class=\"v1x_MsoNormal\">K\u0131\u015f, \u00e7ocuklar\u0131n korunmas\u0131na y\u00f6nelik politikalar\u0131n yasak ve s\u0131n\u0131rlama eksenine s\u0131k\u0131\u015ft\u0131r\u0131lmas\u0131n\u0131 da ele\u015ftirdi.<\/p>\n<p class=\"v1x_MsoNormal\">&#8220;Her yasak merak \u00fcretir, her s\u0131n\u0131rlama yeni yollar do\u011furur. Yasak tek ba\u015f\u0131na \u00e7\u00f6z\u00fcm de\u011fildir. \u00c7\u00f6z\u00fcm; e\u011fitimde, sosyal desteklerde, rehberlikte ve f\u0131rsat e\u015fitli\u011findedir&#8221; ifadelerini kulland\u0131.<\/p>\n<p class=\"v1x_MsoNormal\"><b>&#8220;Mesele art\u0131k tek tek maddeler de\u011fil, y\u00f6netim anlay\u0131\u015f\u0131d\u0131r&#8221;<\/b><\/p>\n<p class=\"v1x_MsoNormal\">Kanun teklifine ili\u015fkin genel de\u011ferlendirmesinde K\u0131\u015f, torba yasa yakla\u015f\u0131m\u0131n\u0131n sorunlar\u0131 derinle\u015ftirdi\u011fini belirtti.<\/p>\n<p class=\"v1x_MsoNormal\">&#8220;Birka\u00e7 do\u011fru d\u00fczenleme, b\u00fct\u00fcn\u00fcn i\u00e7indeki yanl\u0131\u015f yakla\u015f\u0131m\u0131 gizleyemez. Sorun art\u0131k tek tek maddeler de\u011fil, iktidar\u0131n y\u00f6netim anlay\u0131\u015f\u0131d\u0131r&#8221; dedi.<\/p>\n<p class=\"v1x_MsoNormal\"><b>&#8220;\u00c7ocuklar\u0131n korkmadan b\u00fcy\u00fcd\u00fc\u011f\u00fc bir T\u00fcrkiye m\u00fcmk\u00fcn&#8221;<\/b><\/p>\n<p class=\"v1x_MsoNormal\">Konu\u015fmas\u0131n\u0131n sonunda toplumsal bir \u00e7a\u011fr\u0131 yapan K\u0131\u015f, \u00e7ocuklar\u0131n g\u00fcven i\u00e7inde b\u00fcy\u00fcd\u00fc\u011f\u00fc, gen\u00e7lerin umutla ya\u015fad\u0131\u011f\u0131 bir T\u00fcrkiye hedeflediklerini vurgulad\u0131. CHP olarak bu do\u011frultuda m\u00fccadele ettiklerini belirten K\u0131\u015f, s\u00f6z konusu kanun teklifine kar\u015f\u0131 olduklar\u0131n\u0131 ifade etti.<br \/>\n\u00c7ocuklar\u0131n g\u00fcvenli\u011fi, gelece\u011fi ve e\u015fitli\u011fi par\u00e7al\u0131 d\u00fczenlemelerle de\u011fil, g\u00fc\u00e7l\u00fc ve b\u00fct\u00fcnc\u00fcl sosyal politikalarla sa\u011flanabilir.<\/p>\n<p class=\"v1x_MsoNormal\">\n<\/div>\n<\/div>\n<\/div>\n<\/div>\n<div>\n<div lang=\"TR\">\n<div class=\"v1x_WordSection1\">\n<div>\n<p class=\"v1x_MsoNormal\">\n<p class=\"v1x_MsoNormal\">\n<\/div>\n<\/div>\n<\/div>\n<\/div>\n","protected":false},"excerpt":{"rendered":"<p>Cumhuriyet Halk Partisi Mersin Milletvekili G\u00fclcan K\u0131\u015f, TBMM Genel Kurulu&#8217;nda g\u00f6r\u00fc\u015f\u00fclen Sosyal Hizmetler Kanunu ve Baz\u0131 Kanunlarda De\u011fi\u015fiklik Yap\u0131lmas\u0131na Dair Kanun Teklifi&#8217;nin ge\u00e7ici 1&#8217;inci maddesi \u00fczerine yapt\u0131\u011f\u0131 konu\u015fmada, \u00e7ocuklar\u0131n g\u00fcvenli\u011fi ve gelece\u011fine ili\u015fkin sert ele\u015ftirilerde bulundu. K\u0131\u015f, iktidar\u0131n \u00e7ocuk politikalar\u0131nda b\u00fct\u00fcnc\u00fcl bir yakla\u015f\u0131m ortaya koyamad\u0131\u011f\u0131n\u0131 belirterek, &#8220;\u00c7ocuklar\u0131n hayat\u0131 bir b\u00fct\u00fcnd\u00fcr. Siz bir alan\u0131 d\u00fczenleyip di\u011ferini [&hellip;]<\/p>\n","protected":false},"author":2,"featured_media":131608,"comment_status":"open","ping_status":"open","sticky":false,"template":"","format":"standard","meta":{"footnotes":""},"categories":[1],"tags":[],"class_list":["post-131607","post","type-post","status-publish","format-standard","has-post-thumbnail","hentry","category-gundem"],"views":105,"_links":{"self":[{"href":"https:\/\/mersingazetesi.com\/index.php\/wp-json\/wp\/v2\/posts\/131607","targetHints":{"allow":["GET"]}}],"collection":[{"href":"https:\/\/mersingazetesi.com\/index.php\/wp-json\/wp\/v2\/posts"}],"about":[{"href":"https:\/\/mersingazetesi.com\/index.php\/wp-json\/wp\/v2\/types\/post"}],"author":[{"embeddable":true,"href":"https:\/\/mersingazetesi.com\/index.php\/wp-json\/wp\/v2\/users\/2"}],"replies":[{"embeddable":true,"href":"https:\/\/mersingazetesi.com\/index.php\/wp-json\/wp\/v2\/comments?post=131607"}],"version-history":[{"count":1,"href":"https:\/\/mersingazetesi.com\/index.php\/wp-json\/wp\/v2\/posts\/131607\/revisions"}],"predecessor-version":[{"id":131609,"href":"https:\/\/mersingazetesi.com\/index.php\/wp-json\/wp\/v2\/posts\/131607\/revisions\/131609"}],"wp:featuredmedia":[{"embeddable":true,"href":"https:\/\/mersingazetesi.com\/index.php\/wp-json\/wp\/v2\/media\/131608"}],"wp:attachment":[{"href":"https:\/\/mersingazetesi.com\/index.php\/wp-json\/wp\/v2\/media?parent=131607"}],"wp:term":[{"taxonomy":"category","embeddable":true,"href":"https:\/\/mersingazetesi.com\/index.php\/wp-json\/wp\/v2\/categories?post=131607"},{"taxonomy":"post_tag","embeddable":true,"href":"https:\/\/mersingazetesi.com\/index.php\/wp-json\/wp\/v2\/tags?post=131607"}],"curies":[{"name":"wp","href":"https:\/\/api.w.org\/{rel}","templated":true}]}}