{"id":131599,"date":"2026-04-26T10:18:10","date_gmt":"2026-04-26T07:18:10","guid":{"rendered":"https:\/\/mersingazetesi.com\/?p=131599"},"modified":"2026-04-26T10:18:10","modified_gmt":"2026-04-26T07:18:10","slug":"kuran-i-kerim-ve-atom","status":"publish","type":"post","link":"https:\/\/mersingazetesi.com\/index.php\/2026\/04\/26\/kuran-i-kerim-ve-atom\/","title":{"rendered":"KUR\u2019AN-I KER\u0130M VE ATOM\u2026"},"content":{"rendered":"<div class=\"gs\">\n<div class=\"\">\n<div id=\":n3\" class=\"ii gt\">\n<div id=\":n2\" class=\"a3s aiL\">\n<div id=\"avWBGd-20\">\n<div dir=\"ltr\">\n<div dir=\"auto\">Ortado\u011fu adeta kan g\u00f6l\u00fcne d\u00f6nm\u00fc\u015ft\u00fcr\u2026Bir tarafta Amerika Birle\u015fik Devletleri\u2019yle \u0130srail\u2026Di\u011fer yanda \u0130ran\u2026<\/div>\n<div dir=\"auto\">Rusya ile Ukrayna sava\u015f\u0131 da bitmek bilmiyor\u2026<\/div>\n<div dir=\"auto\">Her t\u00fcrl\u00fc sava\u015f taktikleri denenmektedir\u2026Belki de s\u0131ra Atom Bombas\u0131na gelmi\u015ftir.<\/div>\n<div dir=\"auto\">Amerika Birle\u015fik Devletleri \u0130kinci D\u00fcnya Sava\u015f\u0131 s\u0131ras\u0131nda s\u0131ras\u0131yla 6 ve 9 A\u011fustos 1945 tarihinde Hiro\u015fima ve Nagazakiye atom bombas\u0131 atm\u0131\u015ft\u0131r.<\/div>\n<div dir=\"auto\">Hiro\u015fima&#8217;ya ve Nagasaki&#8217;ye at\u0131lan atom bombalar\u0131 sebebiyle \u00e7o\u011fu sivil en az 129 bin ki\u015fi ya\u015fam\u0131n\u0131 yitirmi\u015fti.<\/div>\n<div dir=\"auto\">Japonya&#8217;n\u0131n Hiro\u015fima ve Nagazaki kentlerine at\u0131lan atom bombalar\u0131, d\u00fcnya sava\u015f tarihi boyunca kullan\u0131lan tek atom bombas\u0131 sald\u0131r\u0131s\u0131 olarak kay\u0131tlara ge\u00e7mi\u015ftir.<\/div>\n<div dir=\"auto\">Aradan 81 y\u0131l ge\u00e7mi\u015f\u2026<\/div>\n<div dir=\"auto\">\u015eu anda Atom Bombas\u0131n\u0131n etkisinin ne olaca\u011f\u0131 d\u00fc\u015f\u00fcn\u00fclemez bile\u2026<\/div>\n<div dir=\"auto\">Nedir Atom? Etkisi ne olabilir? Kur\u2019an-\u0131 Kerim\u2019de atomdan bahseden ayet var m\u0131d\u0131r?<\/div>\n<div dir=\"auto\">Atom, maddeyi olu\u015fturan en k\u00fc\u00e7\u00fck yap\u0131 birimidir.<\/div>\n<div dir=\"auto\">Atomlar, t\u00fcm maddelerin temel yap\u0131 ta\u015flar\u0131d\u0131r ve kimyasal tepkimelerde yer alarak bile\u015fiklerin olu\u015fumunu sa\u011flarlar.<\/div>\n<div dir=\"auto\">Atomlar, do\u011fada bulunan elementler ile ili\u015fkilendirilir ve farkl\u0131 elementler farkl\u0131 atomlardan olu\u015fumudur.<\/div>\n<div dir=\"auto\">Atomlar, \u00fc\u00e7 temel par\u00e7ac\u0131ktan olu\u015fur: protonlar, n\u00f6tronlar ve elektronlar.<\/div>\n<div dir=\"auto\">Protonlar, atomun merkezinde (\u00e7ekirde\u011finde) bulunan pozitif y\u00fckl\u00fc par\u00e7ac\u0131klard\u0131r.<\/div>\n<div dir=\"auto\">N\u00f6tronlar, protonlarla ayn\u0131 k\u00fctlede olan ancak y\u00fcks\u00fcz par\u00e7ac\u0131klard\u0131r ve \u00e7ekirdekte bulunurlar. Elektronlar ise atomun \u00e7ekirde\u011fi etraf\u0131ndaki y\u00f6r\u00fcngelerde d\u00f6nen negatif y\u00fckl\u00fc par\u00e7ac\u0131klard\u0131r.<\/div>\n<div dir=\"auto\">Atomlar olduk\u00e7a k\u00fc\u00e7\u00fckt\u00fcr ve \u00e7\u0131plak g\u00f6zle g\u00f6r\u00fclemezler.<\/div>\n<div dir=\"auto\">Ne kadar k\u00fc\u00e7\u00fck olduklar\u0131n\u0131 anlamak i\u00e7in, bir milyon atomun yan yana s\u0131ralanmas\u0131 durumunda sadece yakla\u015f\u0131k 1 milimetrelik bir uzunluk olu\u015ftururlar.<\/div>\n<div dir=\"auto\">Her bir element, belirli bir atom numaras\u0131na sahip atomlardan olu\u015fur. Atom numaras\u0131, elementin atomundaki proton say\u0131s\u0131n\u0131 temsil eder. \u00d6rne\u011fin, hidrojenin atom numaras\u0131 1&#8217;dir, yani hidrojen atomunun \u00e7ekirde\u011finde bir proton bulunur.<\/div>\n<div dir=\"auto\">Atomlar, ayn\u0131 elemente ait oldu\u011fu s\u00fcrece ayn\u0131 say\u0131da protona ve elektrona sahip olurlar, ancak n\u00f6tron say\u0131lar\u0131 de\u011fi\u015febilir. Bu nedenle, farkl\u0131 izotoplar olu\u015fabilir.<\/div>\n<div dir=\"auto\">Atomlar, kimyasal tepkimelerde bir araya gelerek bile\u015fikleri olu\u015ftururlar. Kimyasal tepkimelerde, atomlar elektronlar\u0131n\u0131 payla\u015fabilirler veya birbirlerinden elektron transferi yapabilirler. Bu tepkimeler sonucunda, farkl\u0131 elementlerin atomlar\u0131 birle\u015ferek yeni bile\u015fiklerin olu\u015fmas\u0131n\u0131 sa\u011flarlar.<\/div>\n<div dir=\"auto\">Bir atomu tan\u0131mlamak i\u00e7in \u00e7e\u015fitli \u00f6zellikler kullan\u0131l\u0131r.<\/div>\n<div dir=\"auto\">Atomun proton say\u0131s\u0131, atom numaras\u0131n\u0131 belirler ve elementin kimyasal \u00f6zelliklerini belirler.<\/div>\n<div dir=\"auto\">Atomun n\u00f6tron say\u0131s\u0131 ise izotopun belirlenmesine yard\u0131mc\u0131 olur. Ayr\u0131ca, atomun y\u00fck\u00fc ve atomun elektron konfig\u00fcrasyonu gibi \u00f6zellikler de bir atomu tan\u0131mlamak i\u00e7in kullan\u0131labilir.<\/div>\n<div dir=\"auto\">Atomlar, bir\u00e7ok farkl\u0131 alanda kullan\u0131l\u0131r. \u00d6zellikle n\u00fckleer enerji \u00fcretiminde \u00f6nemli bir rol oynarlar. Atomlar ayr\u0131\u015ft\u0131r\u0131larak veya birle\u015ftirilerek n\u00fckleer reaksiyonlar ger\u00e7ekle\u015ftirilir ve bu reaksiyonlardan enerji elde edilir.<\/div>\n<div dir=\"auto\">Ayr\u0131ca, atomlar t\u0131p alan\u0131nda da kullan\u0131l\u0131r. Radyoizotoplar, t\u0131bbi g\u00f6r\u00fcnt\u00fcleme ve kanser tedavisinde kullan\u0131lan \u00f6nemli ara\u00e7lard\u0131r.<\/div>\n<div dir=\"auto\">Atomlar\u0131 anlamak, temel kimya ve fizik anlay\u0131\u015f\u0131n\u0131n bir par\u00e7as\u0131d\u0131r. Atomlar, madde ve enerji aras\u0131ndaki ili\u015fkilerin anla\u015f\u0131lmas\u0131na yard\u0131mc\u0131 olur ve bir\u00e7ok alanda kullan\u0131m potansiyeline sahiptirler.<\/div>\n<div dir=\"auto\">Atomun ne m\u00fcthi\u015f bir kuvvet, oldu\u011fu, 1945 y\u0131l\u0131 A\u011fustosunda Hiro\u015fima ve Nagazakiyi d\u00fcmd\u00fcz etti\u011fi ve Japonya&#8217;y\u0131 da dize getirdi\u011fi zaman anla\u015f\u0131lm\u0131\u015ft\u0131r.<\/div>\n<div dir=\"auto\">\u201cAtom\u00bb bir cismin, \u00f6zelliklerini saklamak \u015fart\u0131yla, en ufak par\u00e7as\u0131 demektir.<\/div>\n<div dir=\"auto\">Eski M\u00fcsl\u00fcman alimlerince bu tarif parlanamayan en k\u00fc\u00e7\u00fck par\u00e7a diye ifade edilirdi.<\/div>\n<div dir=\"auto\">M\u00fcsl\u00fcman ilim adamlar\u0131, ilmi \u00e7al\u0131\u015fmalar\u0131nda daima Kur&#8217;an&#8217;dan faydalanarak bir\u00e7ok ke\u015fiflerde bulunmu\u015flard\u0131r.<\/div>\n<div dir=\"auto\">Bunlardan ba\u015fl\u0131ca \u0130bni Sinayi, \u0130bni R\u00fc\u015fdu, Farab\u00eeyi, \u0130mam Gazal\u00eeyi, Cabiri ve Ebubekir raz\u0131y\u0131 g\u00f6sterebiliriz.<\/div>\n<div dir=\"auto\">\u0130sl\u00e2m ilim d\u00fcnyas\u0131n\u0131n bu y\u0131ld\u0131zlar\u0131, ayn\u0131 zamanda garbi de \u0131\u015f\u0131kland\u0131rm\u0131\u015f\u00aclard\u0131r. Nitekim, onlar\u0131n \u015fu eserleri bat\u0131 dillerine terc\u00fcme edilmi\u015flerdir.<\/div>\n<div dir=\"auto\">\u0130bni S\u00een\u00e2n\u0131n \u201cElkanun\u00bbu \u201cLevah\u0131ku\u015fl\u015fifa\u00bbs\u0131 \u201cKitab\u00fcnnecat\u00bb\u0131 ve \u201cEIhikmet\u00fc\u015f-\u015fark\u0131yye\u00bbsi\u2026<\/div>\n<div dir=\"auto\">\u0130bni R\u00fc\u015fd&#8217;\u00fcn \u201c\u015eerhul erc\u00fbzeti fittib\u00bbi \u201cHalicei t\u0131b\u00bbb\u0131 ile gezegenlerden bahseden \u201celm\u00fccessis\u00bbi\u2026<\/div>\n<div dir=\"auto\">Ebubekrir-raz\u00eenin \u201cKitabulhav\u00ee\u00bbsi \u201cKitabul&#8217;\u00e2s\u00e2b\u00bb\u0131 ve \u201cKitabul fahir\u00bbi, garp dillerine terc\u00fcme edilmi\u015f y\u00fczy\u0131llar boyu Avrupa \u00dcniversitelerinde okutulmu\u015ftur.<\/div>\n<div dir=\"auto\">B\u00fct\u00fcn bu kitaplarda \u201czerre\u00bb nin, yani \u201catom\u00bbun niteli\u011fine ait bahisler vard\u0131r.<\/div>\n<div dir=\"auto\">Ama buna ra\u011fmen, bizdeki ansiklopediler, atomun tarifini, \u0130sko\u00e7yal\u0131 \u201cDalton\u00bba (1766-1844) mal ederler.<\/div>\n<div dir=\"auto\">Hi\u00e7 \u015f\u00fcphe yok bu fizik\u00e7i, garp dillerine terc\u00fcme edilen M\u00fcsl\u00fcman ilim adamlar\u0131n\u0131n eserlerindeki bu bulu\u015fu, kendininmi\u015f gibi afi\u015fe etmi\u015ftir.<\/div>\n<div dir=\"auto\">Bu vesile ile \u015funu da ifade edelim ki, g\u00fcne\u015f ziyas\u0131nda bile \u00e7ok zor g\u00f6r\u00fclebilecek olan atomun da k\u00fc\u00e7\u00fc\u011f\u00fcnden, daha do\u011frusu par\u00e7as\u0131ndan bahseden ayetler yok de\u011fildir.<\/div>\n<div dir=\"auto\">H\u00e2l\u00e2 bir s\u0131r olmakla beraber, atom enerjisinin, atomun par\u00e7alanmasiyle meydana geldi\u011fi bilinmektedir.<\/div>\n<div dir=\"auto\">\u0130\u015fte bu \u00e7ok m\u00fcthi\u015f bulu\u015fun anahtar\u0131n\u0131 \u015fu iki ayet, 14 as\u0131r evvel vermi\u015f bulunuyor.<\/div>\n<div dir=\"auto\">\u201cNe yerde ne de g\u00f6kte, zerre a\u011f\u0131rl\u0131\u011f\u0131nda bir \u015fey, Allah&#8217;tan gizli kalmaz. Ondan (zerreden) daha k\u00fc\u00e7\u00fck ve daha b\u00fcy\u00fck hi\u00e7bir \u015fey yoktur ki, a\u00e7\u0131k\u00e7a kitapta bulunmas\u0131n,\u00bb<\/div>\n<div dir=\"auto\">\u201cNe g\u00f6klerde ne yerde, Allah&#8217;\u0131n ilminden, bir zerre a\u011f\u0131rl\u0131\u011f\u0131nca bir \u015fey ka\u00e7maz. Bundan (zerreden) daha k\u00fc\u00e7\u00fck ve da\u00acha b\u00fcy\u00fck hi\u00e7bir \u015fey yoktur ki, hepsi muhakkak kitapta apa\u00e7\u0131k bulunmas\u0131n.\u00bb<\/div>\n<div dir=\"auto\">G\u00f6r\u00fcl\u00fcyor Ki \u015fu iki ayette bahsi ge\u00e7en zerrenin, y\u00e2ni atomun daha da k\u00fc\u00e7\u00fc\u011f\u00fc vard\u0131r. Yukar\u0131da da izah olundu\u011fu \u00fczere, atomun par\u00e7as\u0131 denen bu varl\u0131\u011f\u0131n elde edilmesiyle. atom enerjisi bulunmu\u015ftur.<\/div>\n<div dir=\"auto\">Evet\u2026 Kur&#8217;an-\u0131 Kerimde Atomun varl\u0131\u011f\u0131na i\u015faret edilmi\u015ftir.<\/div>\n<div dir=\"auto\">Yunus Suresinin 61 \u2018 inci ayetine: \u201cNe yerde, ne de g\u00f6kte zerre kadar hata ondan daha k\u00fc\u00e7\u00fck veya daha b\u00fcy\u00fck bir \u015fey Rabbiniz-den gizli kalmaz. Hepsi Kuranda yaz\u0131l\u0131d\u0131r\u201d buyrulmaktad\u0131r.<\/div>\n<div dir=\"auto\">Bu Ayet-i Kerimde \u201czerreden daha k\u00fc\u00e7\u00fck\u201d s\u00f6z\u00fcn\u00fcn atomun par\u00e7alanmas\u0131n\u0131n m\u00fcmk\u00fcn oldu\u011fu \u015feklinde anla\u015f\u0131labilece\u011fi R\u00fchu\u2019d-Di-ni\u2019l \u0130slami isimli eserin yazar\u0131 Tabbara taraf\u0131ndan ifade edilmektedir.<\/div>\n<div dir=\"auto\">Ayetteki, \u201cne de G\u00f6kte\u201d ifadesindeki yerdeki atomun \u00d6zelliklerinin G\u00fcne\u015f ve Y\u0131ld\u0131zlarda da aynen mevcut oldu\u011funu a\u00e7\u0131klamaktad\u0131r.<\/div>\n<div dir=\"auto\">Zilzal suresinin 7-8\u2032inci, Nisa Suresinin 40\u2032\u0131nc\u0131, Sebe suresinin 3 ve 22\u2032inci ayetlerinde de atomun varl\u0131\u011f\u0131na i\u015faretler vard\u0131r.<\/div>\n<div dir=\"auto\">Atom bir elementin, onun \u00f6zelliklerini ta\u015f\u0131y\u0131p kimyasal reaksiyonlarda de\u011fi\u015fmeyen, en k\u00fc\u00e7\u00fck par\u00e7ac\u0131\u011f\u0131d\u0131r.<\/div>\n<div dir=\"auto\">Atom fikri \u0130slamiyetin ortaya \u00e7\u0131kt\u0131\u011f\u0131 d\u00f6nemlerden \u00e7ok gerilere gitmektedir.<\/div>\n<div dir=\"auto\">Atom fikrini ortaya koyan ve varl\u0131klar\u0131n atomlardan meydana geldi\u011fini ilk defa \u0130slam\u0131n gelmesinden \u00e7ok \u00f6nceleri ortaya atan ki\u015fi Yunan filozofu Demokritos\u2019tur.<\/div>\n<div dir=\"auto\">\u0130slam bilginlerinden Ebu Bekir er-Razi, el-Kind\u0130, \u0130bn-i Sina Yunan filozofunun ortaya koydu\u011fu fikirleri geli\u015ftiren kimselerdir.<\/div>\n<div dir=\"auto\">\u0130ngiliz Kimyac\u0131 john Daiton\u2019un da ciddi \u015fekilde atom ara\u015ft\u0131rmalara yapt\u0131\u011f\u0131 bilinmektedir.<\/div>\n<div dir=\"auto\">\u0130slam bilginlerinden el-Kindi, er-Razi, \u0130bni Sina\u2019dan ba\u015fka Atom nazariyesiyle \u0130lgili bilgiler veren pek \u00e7ok bilim adam\u0131 vard\u0131r.<\/div>\n<div dir=\"auto\">Ho\u015f\u00e7a kal\u0131n\u0131z.<\/div>\n<\/div>\n<div class=\"yj6qo\"><\/div>\n<div class=\"adL\"><\/div>\n<\/div>\n<\/div>\n<\/div>\n<div id=\"avWBGd-21\" class=\"WhmR8e\" data-hash=\"0\"><\/div>\n<\/div>\n<\/div>\n","protected":false},"excerpt":{"rendered":"<p>Ortado\u011fu adeta kan g\u00f6l\u00fcne d\u00f6nm\u00fc\u015ft\u00fcr\u2026Bir tarafta Amerika Birle\u015fik Devletleri\u2019yle \u0130srail\u2026Di\u011fer yanda \u0130ran\u2026 Rusya ile Ukrayna sava\u015f\u0131 da bitmek bilmiyor\u2026 Her t\u00fcrl\u00fc sava\u015f taktikleri denenmektedir\u2026Belki de s\u0131ra Atom Bombas\u0131na gelmi\u015ftir. Amerika Birle\u015fik Devletleri \u0130kinci D\u00fcnya Sava\u015f\u0131 s\u0131ras\u0131nda s\u0131ras\u0131yla 6 ve 9 A\u011fustos 1945 tarihinde Hiro\u015fima ve Nagazakiye atom bombas\u0131 atm\u0131\u015ft\u0131r. Hiro\u015fima&#8217;ya ve Nagasaki&#8217;ye at\u0131lan atom bombalar\u0131 [&hellip;]<\/p>\n","protected":false},"author":11,"featured_media":131468,"comment_status":"open","ping_status":"open","sticky":false,"template":"","format":"standard","meta":{"footnotes":""},"categories":[21],"tags":[],"class_list":["post-131599","post","type-post","status-publish","format-standard","has-post-thumbnail","hentry","category-gazi-mert"],"views":108,"_links":{"self":[{"href":"https:\/\/mersingazetesi.com\/index.php\/wp-json\/wp\/v2\/posts\/131599","targetHints":{"allow":["GET"]}}],"collection":[{"href":"https:\/\/mersingazetesi.com\/index.php\/wp-json\/wp\/v2\/posts"}],"about":[{"href":"https:\/\/mersingazetesi.com\/index.php\/wp-json\/wp\/v2\/types\/post"}],"author":[{"embeddable":true,"href":"https:\/\/mersingazetesi.com\/index.php\/wp-json\/wp\/v2\/users\/11"}],"replies":[{"embeddable":true,"href":"https:\/\/mersingazetesi.com\/index.php\/wp-json\/wp\/v2\/comments?post=131599"}],"version-history":[{"count":1,"href":"https:\/\/mersingazetesi.com\/index.php\/wp-json\/wp\/v2\/posts\/131599\/revisions"}],"predecessor-version":[{"id":131600,"href":"https:\/\/mersingazetesi.com\/index.php\/wp-json\/wp\/v2\/posts\/131599\/revisions\/131600"}],"wp:featuredmedia":[{"embeddable":true,"href":"https:\/\/mersingazetesi.com\/index.php\/wp-json\/wp\/v2\/media\/131468"}],"wp:attachment":[{"href":"https:\/\/mersingazetesi.com\/index.php\/wp-json\/wp\/v2\/media?parent=131599"}],"wp:term":[{"taxonomy":"category","embeddable":true,"href":"https:\/\/mersingazetesi.com\/index.php\/wp-json\/wp\/v2\/categories?post=131599"},{"taxonomy":"post_tag","embeddable":true,"href":"https:\/\/mersingazetesi.com\/index.php\/wp-json\/wp\/v2\/tags?post=131599"}],"curies":[{"name":"wp","href":"https:\/\/api.w.org\/{rel}","templated":true}]}}