{"id":131589,"date":"2026-04-26T10:14:18","date_gmt":"2026-04-26T07:14:18","guid":{"rendered":"https:\/\/mersingazetesi.com\/?p=131589"},"modified":"2026-04-26T10:16:02","modified_gmt":"2026-04-26T07:16:02","slug":"akkuyu-sinop-veigneada-cernobil-olmasin","status":"publish","type":"post","link":"https:\/\/mersingazetesi.com\/index.php\/2026\/04\/26\/akkuyu-sinop-veigneada-cernobil-olmasin\/","title":{"rendered":"&#8216;AKKUYU, S\u0130NOP VE \u0130\u011eNEADA \u00c7ERNOB\u0130L OLMASIN!&#8217;"},"content":{"rendered":"<p>26 Nisan \u00c7ernobil N\u00fckleer Santral felaketinin 40.y\u0131ld\u00f6n\u00fcm\u00fcnde Do\u011fu Akdeniz \u00c7evre Dernekleri (DA\u00c7E) ve Mersin \u00c7evre Platformu a\u00e7\u0131klama yapt\u0131.<\/p>\n<p>\u00c7ernobil kazas\u0131n\u0131n tarihin en b\u00fcy\u00fck n\u00fckleer santral kazas\u0131 oldu\u011fu s\u00f6ylenen a\u00e7\u0131klamada, &#8221;Kaza sonucunda atmosfere sal\u0131nan radyasyonun, Hiro\u015fima ve Nagazaki\u2019ye at\u0131lan atom bombalar\u0131n\u0131n 200 kat\u0131 oldu\u011fu kan\u0131tlanm\u0131\u015ft\u0131r. D\u00fcnya tarihinin en b\u00fcy\u00fck n\u00fckleer santral kazas\u0131 olan \u00c7ernobil facias\u0131n\u0131n zararlar\u0131n\u0131, d\u00fcnya 40 y\u0131ld\u0131r hala \u00e7ok a\u011f\u0131r \u00f6d\u00fcyor. B\u00fct\u00fcn d\u00fcnya \u00fclkelerinde ya\u015fayan, milyonlarca insan kazadan sonra yay\u0131lan radyasyondan \u00e7ok olumsuz etkilendi, \u00c7ocuklar sakat ve l\u00f6semili do\u011fdu. Kazan\u0131n ard\u0131ndan ge\u00e7en 40 y\u0131ll\u0131k s\u00fcre i\u00e7inde b\u00f6lgede ya\u015fayan insanlar\u0131n v\u00fccutlar\u0131nda ba\u011f\u0131\u015f\u0131kl\u0131k sisteminde yetersizlikler ve genetik yap\u0131n\u0131n bozulmas\u0131 ile kanser olu\u015fumunun h\u0131zland\u0131\u011f\u0131, \u00f6l\u00fcmlerin artt\u0131\u011f\u0131 ve o b\u00f6lgede radyasyon kirlili\u011fi y\u00fcz\u00fcnden tar\u0131m\u0131n, hayvanc\u0131l\u0131\u011f\u0131n \u00e7ok olumsuz etkilendi\u011fi ara\u015ft\u0131rma sonu\u00e7lar\u0131 olarak d\u00fcnya kamuoyuna yans\u0131d\u0131. \u00c7ernobil&#8217;den ve Fuki\u015fima&#8217;dan yay\u0131lan radyasyon hepimizin ya\u015fam\u0131n\u0131 tehdit ediyor. \u00c7ernobil&#8217;in radyasyonundan kaynakl\u0131 d\u00fcnyada 1 milyon insan\u0131n \u00f6ld\u00fc\u011f\u00fc ve 1.milyon insan\u0131n daha da \u00f6lmesi bekleniyor,&#8221; denildi.<\/p>\n<p>&nbsp;<\/p>\n<p>A\u00e7\u0131klma \u015f\u00f6yle s\u00fcrd\u00fc;<\/p>\n<p>&#8221;Fuku\u015fima radyasyonundan \u00f6leceklerin say\u0131s\u0131 hen\u00fcz belli de\u011fil. \u00c7ernobil ve Fuki\u015fiman\u0131n yaratm\u0131\u015f oldu\u011fu ekonomik ve sosyal kay\u0131plar hesap bile edilemiyor.Bu kazalar\u0131n sonu\u00e7lar\u0131 d\u00fcnya kamuoyundan gizleniyor. \u00c7ernobil kazas\u0131ndan sonra Avrupa\u2019daki kom\u015fu \u00fclkelerde meydana gelen ekonomik zararlara kar\u015f\u0131n Rusya\u2019da ve Ukrayna\u2019da a\u00e7\u0131lan davalar\u0131n hi\u00e7 birinden somut bir karar \u00e7\u0131kmam\u0131\u015ft\u0131r. \u00dcstelik \u00c7ernobil felaketi sonras\u0131 \u00e7evresel zarar\u0131n kontrol\u00fc ve b\u00fcy\u00fcmemesi i\u00e7in \u015fu ana kadar Avrupa Birli\u011fi\u2019nin Ukrayna\u2019da, 1.000.000.000 milyar euro\u2019nun \u00fcst\u00fcnde para harcad\u0131\u011f\u0131 AB belgelerinde yer almaktad\u0131r. \u00dclkemizde \u00c7ernobil kazas\u0131ndan sonra o d\u00f6nemin yetkilileri gerekli \u00f6nlemleri ald\u0131rmayarak ve bilimsel \u00e7al\u0131\u015fmalar\u0131n yap\u0131lmas\u0131n\u0131 engelleyerek tonlarca radyasyonlu \u00e7ay, f\u0131nd\u0131k ve benzeri \u00fcr\u00fcn\u00fcn t\u00fcketilmesine g\u00f6z yummu\u015ftur. Bug\u00fcnde \u00c7ernobil zihniyetiyle davranan h\u00fck\u00fcmet n\u00fckleer santraller konusunda inad\u0131n\u0131 s\u00fcrd\u00fcrerek halk\u0131 yanl\u0131\u015f bilgilendirmeye devam etmektedir. N\u00fckleer santrali evdeki t\u00fcp gaza indirgeyen, zihniyet Sinop&#8217;a, Mersin&#8217;e ve \u0130\u011fneada&#8217;ya, halk\u0131n iradesine ra\u011fmen kapal\u0131 kap\u0131lar ard\u0131ndan n\u00fckleer santral anla\u015fmalar\u0131 ve bilimsel olmayan, g\u00f6stermelik \u00c7ED raporlar\u0131 ile Trakya&#8217;y\u0131, Karadeniz&#8217;i ve Akdeniz&#8217;i n\u00fckleer at\u0131k \u00e7\u00f6pl\u00fc\u011f\u00fcne d\u00f6n\u00fc\u015ft\u00fcrecek n\u00fckleer santral projelerini devam ettirmektedir.&#8221;<\/p>\n<p>&nbsp;<\/p>\n<p>&#8221;\u00c7ernobil&#8217;in san\u0131\u011f\u0131 olan Rusya Akkuyu&#8221;da ve Sinop&#8217;ta \u00fclkemizi felakete s\u00fcr\u00fckleyecek n\u00fckleer santraller kurmak i\u00e7in \u00e7al\u0131\u015fmaktad\u0131r. \u00c7ernobil n\u00fckleer santral felaketi, d\u00fcnyaya N\u00fckleer santrallerin \u00e7ok pahal\u0131, g\u00fcvensiz, kaza riskinin \u00e7ok y\u00fcksek ,\u00e7evre ve insan sa\u011fl\u0131\u011f\u0131na verdi\u011fi zararlar\u0131n\u0131n telafisinin m\u00fcmk\u00fcn olmad\u0131\u011f\u0131n\u0131 ve bu zararlar\u0131n ku\u015faklar boyu binlerce y\u0131l devam etti\u011fini ,en son teknolojinin kullan\u0131ld\u0131\u011f\u0131 n\u00fckleer santrallerde bile kazalar\u0131n engellenemedi\u011fini, n\u00fckleer santrallerin \u00e7ok b\u00fcy\u00fck ve geri d\u00f6n\u00fclmez bir \u00e7evre kirlili\u011fi ve \u00e7ok y\u00fcksek toplumsal maliyetler yaratt\u0131\u011f\u0131n\u0131 bilimsel olarak kan\u0131tlam\u0131\u015ft\u0131r. \u00dclkemizin n\u00fckleer santrallere ihtiyac\u0131 yoktur.N\u00fckleer santrallerden enerji \u00fcretimi kand\u0131rmacas\u0131 ile \u00fclkemizi n\u00fckleer \u00e7\u00f6pl\u00fc\u011fe d\u00f6n\u00fc\u015ft\u00fcrecek ve d\u00fcnyadaki insanlar\u0131 \u00f6ld\u00fcrmek i\u00e7in \u00fclkemizin n\u00fckleer silah \u00fcretim merkezi olmas\u0131na kar\u015f\u0131y\u0131z. Akkuyu&#8217;da in\u015fa edilen, Sinop&#8217;ta ve \u0130\u011fneada&#8217;da yap\u0131m\u0131 planlanan n\u00fckleer santral projeleri iptal edilmelidir. \u201c\u00c7ERNOB\u0130L B\u0130R DAHA ASLA \u201cslogan\u0131 ile H\u00fck\u00fcmeti bir kez daha bu maceradan vazge\u00e7meye \u00e7a\u011f\u0131r\u0131yoruz.&#8221;<\/p>\n","protected":false},"excerpt":{"rendered":"<p>26 Nisan \u00c7ernobil N\u00fckleer Santral felaketinin 40.y\u0131ld\u00f6n\u00fcm\u00fcnde Do\u011fu Akdeniz \u00c7evre Dernekleri (DA\u00c7E) ve Mersin \u00c7evre Platformu a\u00e7\u0131klama yapt\u0131. \u00c7ernobil kazas\u0131n\u0131n tarihin en b\u00fcy\u00fck n\u00fckleer santral kazas\u0131 oldu\u011fu s\u00f6ylenen a\u00e7\u0131klamada, &#8221;Kaza sonucunda atmosfere sal\u0131nan radyasyonun, Hiro\u015fima ve Nagazaki\u2019ye at\u0131lan atom bombalar\u0131n\u0131n 200 kat\u0131 oldu\u011fu kan\u0131tlanm\u0131\u015ft\u0131r. D\u00fcnya tarihinin en b\u00fcy\u00fck n\u00fckleer santral kazas\u0131 olan \u00c7ernobil facias\u0131n\u0131n zararlar\u0131n\u0131, [&hellip;]<\/p>\n","protected":false},"author":2,"featured_media":131590,"comment_status":"open","ping_status":"open","sticky":false,"template":"","format":"standard","meta":{"footnotes":""},"categories":[3,8,5],"tags":[],"class_list":["post-131589","post","type-post","status-publish","format-standard","has-post-thumbnail","hentry","category-dunya","category-mersin","category-saglik"],"views":117,"_links":{"self":[{"href":"https:\/\/mersingazetesi.com\/index.php\/wp-json\/wp\/v2\/posts\/131589","targetHints":{"allow":["GET"]}}],"collection":[{"href":"https:\/\/mersingazetesi.com\/index.php\/wp-json\/wp\/v2\/posts"}],"about":[{"href":"https:\/\/mersingazetesi.com\/index.php\/wp-json\/wp\/v2\/types\/post"}],"author":[{"embeddable":true,"href":"https:\/\/mersingazetesi.com\/index.php\/wp-json\/wp\/v2\/users\/2"}],"replies":[{"embeddable":true,"href":"https:\/\/mersingazetesi.com\/index.php\/wp-json\/wp\/v2\/comments?post=131589"}],"version-history":[{"count":3,"href":"https:\/\/mersingazetesi.com\/index.php\/wp-json\/wp\/v2\/posts\/131589\/revisions"}],"predecessor-version":[{"id":131594,"href":"https:\/\/mersingazetesi.com\/index.php\/wp-json\/wp\/v2\/posts\/131589\/revisions\/131594"}],"wp:featuredmedia":[{"embeddable":true,"href":"https:\/\/mersingazetesi.com\/index.php\/wp-json\/wp\/v2\/media\/131590"}],"wp:attachment":[{"href":"https:\/\/mersingazetesi.com\/index.php\/wp-json\/wp\/v2\/media?parent=131589"}],"wp:term":[{"taxonomy":"category","embeddable":true,"href":"https:\/\/mersingazetesi.com\/index.php\/wp-json\/wp\/v2\/categories?post=131589"},{"taxonomy":"post_tag","embeddable":true,"href":"https:\/\/mersingazetesi.com\/index.php\/wp-json\/wp\/v2\/tags?post=131589"}],"curies":[{"name":"wp","href":"https:\/\/api.w.org\/{rel}","templated":true}]}}