{"id":131587,"date":"2026-04-26T10:02:51","date_gmt":"2026-04-26T07:02:51","guid":{"rendered":"https:\/\/mersingazetesi.com\/?p=131587"},"modified":"2026-04-26T10:02:51","modified_gmt":"2026-04-26T07:02:51","slug":"serdar-erkanin-cagrisina-prof-dr-erkan-aktastan-destek","status":"publish","type":"post","link":"https:\/\/mersingazetesi.com\/index.php\/2026\/04\/26\/serdar-erkanin-cagrisina-prof-dr-erkan-aktastan-destek\/","title":{"rendered":"SERDAR ERKAN&#8217;IN \u00c7A\u011eRISINA PROF. DR. ERKAN AKTA\u015e&#8217;TAN DESTEK"},"content":{"rendered":"<div dir=\"ltr\">Mersin\u2019de \u201cvah\u015fi madencilik\u201d tart\u0131\u015fmalar\u0131 s\u00fcrerken, Serdar Erkan\u2019\u0131n yerel y\u00f6neticilere y\u00f6nelik a\u00e7\u0131k mektubuna destek geldi. Prof. Dr. Erkan Akta\u015f, yapt\u0131\u011f\u0131 a\u00e7\u0131klamada s\u00fcrecin yaln\u0131zca belediyelerin sorumlulu\u011funa b\u0131rak\u0131lmamas\u0131 gerekti\u011fini vurgulayarak, t\u00fcm payda\u015flar\u0131n ortak hareket etmesi \u00e7a\u011fr\u0131s\u0131nda bulundu.<\/div>\n<div dir=\"ltr\"><\/div>\n<div>Mersin Gazetesi Yazar\u0131 Serdar Erkan, Toroslar ve B\u00fcy\u00fck\u015fehir Belediye Ba\u015fkanlar\u0131 ile meclis \u00fcyelerine hitaben kaleme ald\u0131\u011f\u0131 a\u00e7\u0131k mektupta, b\u00f6lge halk\u0131n\u0131n \u00e7evre ve ya\u015fam hakk\u0131 konusundaki hassasiyetine dikkat \u00e7ekmi\u015f, \u00f6zellikle \u201cvah\u015fi madencilik\u201d faaliyetlerine kar\u015f\u0131 yerel y\u00f6netimlerden sahada daha g\u00fc\u00e7l\u00fc bir duru\u015f beklediklerini ifade etmi\u015fti. Erkan, se\u00e7ilmi\u015f y\u00f6neticilerin halk\u0131n gelece\u011fini emanet etti\u011fi ki\u015filer oldu\u011funu hat\u0131rlatarak, \u00e7evresel tehditlere kar\u015f\u0131 daha aktif rol al\u0131nmas\u0131n\u0131 istemi\u015fti.<\/div>\n<div dir=\"ltr\"><\/div>\n<div dir=\"ltr\">&#8220;MTSO, BORSA VE MESLEK ODALARI DA AKT\u0130F ROL \u00dcSTLENMELi&#8221;<\/div>\n<div dir=\"ltr\"><\/div>\n<div>Prof. Dr. Erkan Akta\u015f ise a\u00e7\u0131klamas\u0131nda, yerel y\u00f6netimlerin s\u00fcrece dahil olmas\u0131n\u0131n \u00f6nemli ancak tek ba\u015f\u0131na yeterli olmad\u0131\u011f\u0131n\u0131 belirtti. Akta\u015f, \u201cMesele yaln\u0131zca belediyelerin sorumlulu\u011funa b\u0131rak\u0131lacak kadar dar de\u011fildir. MTSO ve borsalar ba\u015fta olmak \u00fczere meslek \u00f6rg\u00fctlerinin de bu konuda aktif rol \u00fcstlenmesi gerekmektedir\u201d dedi.<\/div>\n<div dir=\"ltr\"><\/div>\n<div>Konunun sadece bir yat\u0131r\u0131m karar\u0131 olarak de\u011ferlendirilemeyece\u011fini vurgulayan Akta\u015f, \u201cBu s\u00fcre\u00e7; tar\u0131msal \u00fcretim, \u00e7evresel s\u00fcrd\u00fcr\u00fclebilirlik ve b\u00f6lgenin ekonomik gelece\u011fiyle do\u011frudan ili\u015fkilidir\u201d ifadelerini kulland\u0131.<\/div>\n<div dir=\"ltr\"><\/div>\n<div>Akta\u015f, yerel y\u00f6netimler, kamu kurumlar\u0131 ve meslek \u00f6rg\u00fctlerinin birlikte hareket etmesinin ka\u00e7\u0131n\u0131lmaz oldu\u011funu belirterek, oda ve borsalar\u0131n sahadaki bilgi birikimi ve temsil g\u00fcc\u00fcn\u00fcn karar s\u00fcre\u00e7lerine \u00f6nemli katk\u0131 sa\u011flayaca\u011f\u0131n\u0131 dile getirdi. Bu i\u015f birli\u011fi sayesinde al\u0131nacak kararlar\u0131n hem ekonomik hem de toplumsal a\u00e7\u0131dan daha dengeli olabilece\u011fine dikkat \u00e7ekti.<\/div>\n<div id=\"m_-2584654675638386068ms-outlook-mobile-body-separator-line\" dir=\"ltr\"><\/div>\n","protected":false},"excerpt":{"rendered":"<p>Prof. Akta\u015f, \u201cMesele yaln\u0131zca belediyelerin sorumlulu\u011funa b\u0131rak\u0131lacak kadar dar de\u011fil. MTSO ve borsalar ba\u015fta olmak \u00fczere meslek \u00f6rg\u00fctlerinin de aktif rol \u00fcstlenmesi gerekmekte.\u201d<\/p>\n","protected":false},"author":2,"featured_media":114041,"comment_status":"open","ping_status":"open","sticky":false,"template":"","format":"standard","meta":{"footnotes":""},"categories":[1],"tags":[],"class_list":["post-131587","post","type-post","status-publish","format-standard","has-post-thumbnail","hentry","category-gundem"],"views":127,"_links":{"self":[{"href":"https:\/\/mersingazetesi.com\/index.php\/wp-json\/wp\/v2\/posts\/131587","targetHints":{"allow":["GET"]}}],"collection":[{"href":"https:\/\/mersingazetesi.com\/index.php\/wp-json\/wp\/v2\/posts"}],"about":[{"href":"https:\/\/mersingazetesi.com\/index.php\/wp-json\/wp\/v2\/types\/post"}],"author":[{"embeddable":true,"href":"https:\/\/mersingazetesi.com\/index.php\/wp-json\/wp\/v2\/users\/2"}],"replies":[{"embeddable":true,"href":"https:\/\/mersingazetesi.com\/index.php\/wp-json\/wp\/v2\/comments?post=131587"}],"version-history":[{"count":1,"href":"https:\/\/mersingazetesi.com\/index.php\/wp-json\/wp\/v2\/posts\/131587\/revisions"}],"predecessor-version":[{"id":131588,"href":"https:\/\/mersingazetesi.com\/index.php\/wp-json\/wp\/v2\/posts\/131587\/revisions\/131588"}],"wp:featuredmedia":[{"embeddable":true,"href":"https:\/\/mersingazetesi.com\/index.php\/wp-json\/wp\/v2\/media\/114041"}],"wp:attachment":[{"href":"https:\/\/mersingazetesi.com\/index.php\/wp-json\/wp\/v2\/media?parent=131587"}],"wp:term":[{"taxonomy":"category","embeddable":true,"href":"https:\/\/mersingazetesi.com\/index.php\/wp-json\/wp\/v2\/categories?post=131587"},{"taxonomy":"post_tag","embeddable":true,"href":"https:\/\/mersingazetesi.com\/index.php\/wp-json\/wp\/v2\/tags?post=131587"}],"curies":[{"name":"wp","href":"https:\/\/api.w.org\/{rel}","templated":true}]}}