{"id":131578,"date":"2026-04-26T09:59:45","date_gmt":"2026-04-26T06:59:45","guid":{"rendered":"https:\/\/mersingazetesi.com\/?p=131578"},"modified":"2026-04-26T09:59:45","modified_gmt":"2026-04-26T06:59:45","slug":"yikimda-zarar-goren-binanin-sakinleri-muteahhide-ulasamiyoruz","status":"publish","type":"post","link":"https:\/\/mersingazetesi.com\/index.php\/2026\/04\/26\/yikimda-zarar-goren-binanin-sakinleri-muteahhide-ulasamiyoruz\/","title":{"rendered":"Y\u0131k\u0131mda zarar g\u00f6ren binan\u0131n sakinleri: &#8220;M\u00fcteahhide ula\u015fam\u0131yoruz&#8221;"},"content":{"rendered":"<p>Mersin&#8217;de bir binan\u0131n kontroll\u00fc y\u0131k\u0131m\u0131 esnas\u0131nda biti\u015fi\u011findeki 4 katl\u0131 binan\u0131n zarar g\u00f6rmesiyle evlerinden olan vatanda\u015flar, 5 ayd\u0131r m\u00fcteahhide ula\u015famad\u0131klar\u0131n\u0131 belirterek ma\u011fduriyetlerinin giderilmesini istiyor.<br \/>\nMersin&#8217;in merkez Akdeniz il\u00e7esinde yakla\u015f\u0131k 5 ay \u00f6nce bir binan\u0131n kontroll\u00fc y\u0131k\u0131m\u0131 s\u0131ras\u0131nda zarar g\u00f6ren biti\u015fik binada ya\u015fayan vatanda\u015flar, aradan ge\u00e7en s\u00fcreye ra\u011fmen sorunlar\u0131n\u0131n \u00e7\u00f6z\u00fclmedi\u011fini belirtti. Hamidiye Mahallesi 4208 Sokak&#8217;ta meydana gelen olayda, y\u0131k\u0131m esnas\u0131nda yan taraftaki 4 katl\u0131 binan\u0131n birinci kat\u0131nda ta\u015f\u0131y\u0131c\u0131 kolonlar zarar g\u00f6r\u00fcrken, bina sakinleri tedbir ama\u00e7l\u0131 tahliye edildi. O g\u00fcnden bu yana evlerine giremeyen ve farkl\u0131 yerlerde kalmak zorunda kalan bina sakinleri, ge\u00e7ici \u00e7\u00f6z\u00fcmlerle ya\u015famlar\u0131n\u0131 s\u00fcrd\u00fcrmeye \u00e7al\u0131\u015f\u0131yor.<br \/>\nYa\u015fanan olay\u0131n ard\u0131ndan ma\u011fduriyetlerinin giderilmedi\u011fini ifade eden ma\u011fdur aileler, hem maddi hem de manevi a\u00e7\u0131dan b\u00fcy\u00fck s\u0131k\u0131nt\u0131 ya\u015fad\u0131klar\u0131n\u0131 belirtti. Evlerine d\u00f6nemeyenler, kira \u00f6demekte zorland\u0131klar\u0131n\u0131, d\u00fczenlerinin tamamen bozuldu\u011funu dile getirirken, m\u00fcteahhide uzun s\u00fcredir ula\u015famad\u0131klar\u0131n\u0131 ve ya\u015fad\u0131klar\u0131 belirsizli\u011fin her ge\u00e7en g\u00fcn artt\u0131\u011f\u0131n\u0131 ifade etti.<\/p>\n<p>&#8220;D\u0131\u015far\u0131da kald\u0131k, kira \u00f6deyemiyoruz&#8221;<br \/>\nBina sakinlerinden Kadriye Kurdakol, ya\u015fad\u0131klar\u0131 ma\u011fduriyeti dile getirerek, &#8220;5 ay \u00f6nce bizim dairemizi yanl\u0131\u015fl\u0131kla y\u0131kt\u0131lar. O g\u00fcnden beri bizimle ilgilenen kimse yok. D\u0131\u015far\u0131da kald\u0131k, kira \u00f6deyemiyoruz. Benim bir gelirim yok, bir maa\u015f\u0131m yok. Biz sadaka istemiyoruz, sadece y\u0131k\u0131lan evimizi istiyoruz. Defalarca ar\u0131yoruz, telefonlar\u0131m\u0131z y\u00fcz\u00fcm\u00fcze kapat\u0131l\u0131yor. Bize &#8216;300 bin TL&#8217; diyorlar. Bir dairenin de\u011feri bu mu? E\u011fer ger\u00e7ekten o fiyatsa als\u0131nlar, bize dairemizi versinler. Biz ma\u011fduruz, nereye gidece\u011fimizi bilmiyoruz&#8221; dedi.<\/p>\n<p>&#8220;E\u015fim y\u0131llarca \u00e7al\u0131\u015farak bu evi ald\u0131&#8221;<br \/>\nBir di\u011fer ma\u011fdur Nadire Hakl\u0131ol da 5 ayd\u0131r kimseye ula\u015famad\u0131klar\u0131n\u0131 ifade ederek, &#8220;Yan kom\u015fu binay\u0131 m\u00fcteahhide vermi\u015fti. Y\u0131k\u0131m s\u0131ras\u0131nda bizim binan\u0131n \u00fczerine d\u00fc\u015ft\u00fc ve evimiz zarar g\u00f6rd\u00fc. O g\u00fcnden bu yana ne m\u00fcteahhide, ne y\u0131k\u0131m\u0131 yapan kep\u00e7eciye ne de ilgili yerlere ula\u015fabiliyoruz. E\u015fim y\u0131llarca \u00e7al\u0131\u015farak bu evi ald\u0131. \u015eimdi kiraday\u0131z ama kira veremiyoruz, ge\u00e7inemiyoruz. \u00c7ok zor durumday\u0131z. Biz kimseden sadaka istemiyoruz, sadece y\u0131k\u0131lan evimizi geri istiyoruz&#8221; diye konu\u015ftu.<\/p>\n","protected":false},"excerpt":{"rendered":"<p>Mersin&#8217;de bir binan\u0131n kontroll\u00fc y\u0131k\u0131m\u0131 esnas\u0131nda biti\u015fi\u011findeki 4 katl\u0131 binan\u0131n zarar g\u00f6rmesiyle evlerinden olan vatanda\u015flar, 5 ayd\u0131r m\u00fcteahhide ula\u015famad\u0131klar\u0131n\u0131 belirterek ma\u011fduriyetlerinin giderilmesini istiyor. Mersin&#8217;in merkez Akdeniz il\u00e7esinde yakla\u015f\u0131k 5 ay \u00f6nce bir binan\u0131n kontroll\u00fc y\u0131k\u0131m\u0131 s\u0131ras\u0131nda zarar g\u00f6ren biti\u015fik binada ya\u015fayan vatanda\u015flar, aradan ge\u00e7en s\u00fcreye ra\u011fmen sorunlar\u0131n\u0131n \u00e7\u00f6z\u00fclmedi\u011fini belirtti. Hamidiye Mahallesi 4208 Sokak&#8217;ta meydana gelen [&hellip;]<\/p>\n","protected":false},"author":2,"featured_media":131579,"comment_status":"open","ping_status":"open","sticky":false,"template":"","format":"standard","meta":{"footnotes":""},"categories":[8],"tags":[],"class_list":["post-131578","post","type-post","status-publish","format-standard","has-post-thumbnail","hentry","category-mersin"],"views":128,"_links":{"self":[{"href":"https:\/\/mersingazetesi.com\/index.php\/wp-json\/wp\/v2\/posts\/131578","targetHints":{"allow":["GET"]}}],"collection":[{"href":"https:\/\/mersingazetesi.com\/index.php\/wp-json\/wp\/v2\/posts"}],"about":[{"href":"https:\/\/mersingazetesi.com\/index.php\/wp-json\/wp\/v2\/types\/post"}],"author":[{"embeddable":true,"href":"https:\/\/mersingazetesi.com\/index.php\/wp-json\/wp\/v2\/users\/2"}],"replies":[{"embeddable":true,"href":"https:\/\/mersingazetesi.com\/index.php\/wp-json\/wp\/v2\/comments?post=131578"}],"version-history":[{"count":1,"href":"https:\/\/mersingazetesi.com\/index.php\/wp-json\/wp\/v2\/posts\/131578\/revisions"}],"predecessor-version":[{"id":131580,"href":"https:\/\/mersingazetesi.com\/index.php\/wp-json\/wp\/v2\/posts\/131578\/revisions\/131580"}],"wp:featuredmedia":[{"embeddable":true,"href":"https:\/\/mersingazetesi.com\/index.php\/wp-json\/wp\/v2\/media\/131579"}],"wp:attachment":[{"href":"https:\/\/mersingazetesi.com\/index.php\/wp-json\/wp\/v2\/media?parent=131578"}],"wp:term":[{"taxonomy":"category","embeddable":true,"href":"https:\/\/mersingazetesi.com\/index.php\/wp-json\/wp\/v2\/categories?post=131578"},{"taxonomy":"post_tag","embeddable":true,"href":"https:\/\/mersingazetesi.com\/index.php\/wp-json\/wp\/v2\/tags?post=131578"}],"curies":[{"name":"wp","href":"https:\/\/api.w.org\/{rel}","templated":true}]}}