{"id":131569,"date":"2026-04-25T20:09:17","date_gmt":"2026-04-25T17:09:17","guid":{"rendered":"https:\/\/mersingazetesi.com\/?p=131569"},"modified":"2026-04-25T20:09:17","modified_gmt":"2026-04-25T17:09:17","slug":"mtsoya-tepkiler-suruyor-sektor-dislaniyor-fuarlar-heba-ediliyor","status":"publish","type":"post","link":"https:\/\/mersingazetesi.com\/index.php\/2026\/04\/25\/mtsoya-tepkiler-suruyor-sektor-dislaniyor-fuarlar-heba-ediliyor\/","title":{"rendered":"MTSO\u2019YA TEPK\u0130LER S\u00dcR\u00dcYOR! \u201cSEKT\u00d6R DI\u015eLANIYOR, FUARLAR HEBA ED\u0130L\u0130YOR\u201d"},"content":{"rendered":"<p>Mersin Ticaret ve Sanayi Odas\u0131\u2019n\u0131n (MTSO) yurt d\u0131\u015f\u0131 fuar organizasyonlar\u0131na y\u00f6nelik ele\u015ftiriler artarak devam ediyor. Son olarak 12. Komite\u2019den dikkat \u00e7eken bir \u00e7\u0131k\u0131\u015f geldi.<\/p>\n<p>MTSO 12. Komite Hal\u0131 ve Mobilya Sat\u0131\u015f\u0131 Grubu Meclis \u00dcyesi Hasan H\u00fcseyin \u0130pek, fuar organizasyonlar\u0131n\u0131n sekt\u00f6rle isti\u015fare edilmeden planland\u0131\u011f\u0131n\u0131 belirterek sert tepki g\u00f6sterdi.<\/p>\n<p>\u0130pek, yap\u0131lan fuar d\u00fczenlemelerinin hatal\u0131 oldu\u011funu vurgulayarak, \u201cBu fuar d\u00fczenlemeleri \u00e7ok yanl\u0131\u015f yap\u0131l\u0131yor. Hi\u00e7 sekt\u00f6r ile payla\u015f\u0131m yap\u0131lmadan d\u00fczenlenen fuar maalesef b\u00f6ylesine fiyasko olur\u201d dedi.<\/p>\n<p><b>\u201cSADECE YURT DI\u015eI ODAKLI OLMAK YANLI\u015e\u201d<\/b><\/p>\n<p>Fuarlar\u0131n yaln\u0131zca yurt d\u0131\u015f\u0131na y\u00f6nelik planlanmas\u0131n\u0131 da ele\u015ftiren \u0130pek, yerli organizasyonlar\u0131n g\u00f6z ard\u0131 edildi\u011fine dikkat \u00e7ekti. T\u00fcrkiye\u2019de sekt\u00f6r a\u00e7\u0131s\u0131ndan b\u00fcy\u00fck \u00f6nem ta\u015f\u0131yan fuarlar\u0131n de\u011ferlendirilmemesinin ciddi bir eksiklik oldu\u011funu ifade etti.<\/p>\n<p>\u0130pek, \u201cSadece yurt d\u0131\u015f\u0131 i\u00e7in fuar yap\u0131lmas\u0131n\u0131 da do\u011fru bulmuyorum\u201d diyerek, dengeli bir fuar politikas\u0131 izlenmesi gerekti\u011fini dile getirdi.<\/p>\n<p><b>YURT \u0130\u00c7\u0130 FUAR TALEB\u0130 REDDED\u0130LD\u0130<\/b><\/p>\n<ol start=\"12\">\n<li>Komite taraf\u0131ndan \u0130stanbul ve \u0130neg\u00f6l\u2019de d\u00fczenlenen yurti\u00e7i fuarlara kat\u0131l\u0131m i\u00e7in haz\u0131rlanan program\u0131n da kabul edilmedi\u011fini a\u00e7\u0131klayan \u0130pek, bu durumun sekt\u00f6rde rahats\u0131zl\u0131k yaratt\u0131\u011f\u0131n\u0131 belirtti.<\/li>\n<\/ol>\n<p>\u201c\u0130stanbul ve \u0130neg\u00f6l yurti\u00e7i fuar\u0131 i\u00e7in komitemizin yapm\u0131\u015f oldu\u011fu program maalesef kabul edilmemi\u015ftir. Haks\u0131z ve ars\u0131zlar\u0131n sesini y\u00fckseltince i\u015flerini y\u00fcr\u00fctt\u00fc\u011f\u00fc bir y\u00f6netim ve uygulama \u015feklini kesinlikle kabul etmiyorum.&#8221; diyerek tepkilerini dile getiren \u0130pek, karar s\u00fcre\u00e7lerinde sekt\u00f6r temsilcilerinin d\u0131\u015fland\u0131\u011f\u0131n\u0131 vurgulad\u0131.<\/p>\n<p>Artan tepkiler, MTSO\u2019nun fuar politikalar\u0131n\u0131n yeniden g\u00f6zden ge\u00e7irilmesi gerekti\u011fi y\u00f6n\u00fcndeki beklentileri g\u00fc\u00e7lendiriyor.<\/p>\n","protected":false},"excerpt":{"rendered":"<p>Mersin Ticaret ve Sanayi Odas\u0131\u2019n\u0131n (MTSO) yurt d\u0131\u015f\u0131 fuar organizasyonlar\u0131na y\u00f6nelik ele\u015ftiriler artarak devam ediyor. Son olarak 12. Komite\u2019den dikkat \u00e7eken bir \u00e7\u0131k\u0131\u015f geldi. MTSO 12. Komite Hal\u0131 ve Mobilya Sat\u0131\u015f\u0131 Grubu Meclis \u00dcyesi Hasan H\u00fcseyin \u0130pek, fuar organizasyonlar\u0131n\u0131n sekt\u00f6rle isti\u015fare edilmeden planland\u0131\u011f\u0131n\u0131 belirterek sert tepki g\u00f6sterdi. \u0130pek, yap\u0131lan fuar d\u00fczenlemelerinin hatal\u0131 oldu\u011funu vurgulayarak, \u201cBu [&hellip;]<\/p>\n","protected":false},"author":2,"featured_media":131570,"comment_status":"open","ping_status":"open","sticky":false,"template":"","format":"standard","meta":{"footnotes":""},"categories":[1],"tags":[],"class_list":["post-131569","post","type-post","status-publish","format-standard","has-post-thumbnail","hentry","category-gundem"],"views":419,"_links":{"self":[{"href":"https:\/\/mersingazetesi.com\/index.php\/wp-json\/wp\/v2\/posts\/131569","targetHints":{"allow":["GET"]}}],"collection":[{"href":"https:\/\/mersingazetesi.com\/index.php\/wp-json\/wp\/v2\/posts"}],"about":[{"href":"https:\/\/mersingazetesi.com\/index.php\/wp-json\/wp\/v2\/types\/post"}],"author":[{"embeddable":true,"href":"https:\/\/mersingazetesi.com\/index.php\/wp-json\/wp\/v2\/users\/2"}],"replies":[{"embeddable":true,"href":"https:\/\/mersingazetesi.com\/index.php\/wp-json\/wp\/v2\/comments?post=131569"}],"version-history":[{"count":1,"href":"https:\/\/mersingazetesi.com\/index.php\/wp-json\/wp\/v2\/posts\/131569\/revisions"}],"predecessor-version":[{"id":131571,"href":"https:\/\/mersingazetesi.com\/index.php\/wp-json\/wp\/v2\/posts\/131569\/revisions\/131571"}],"wp:featuredmedia":[{"embeddable":true,"href":"https:\/\/mersingazetesi.com\/index.php\/wp-json\/wp\/v2\/media\/131570"}],"wp:attachment":[{"href":"https:\/\/mersingazetesi.com\/index.php\/wp-json\/wp\/v2\/media?parent=131569"}],"wp:term":[{"taxonomy":"category","embeddable":true,"href":"https:\/\/mersingazetesi.com\/index.php\/wp-json\/wp\/v2\/categories?post=131569"},{"taxonomy":"post_tag","embeddable":true,"href":"https:\/\/mersingazetesi.com\/index.php\/wp-json\/wp\/v2\/tags?post=131569"}],"curies":[{"name":"wp","href":"https:\/\/api.w.org\/{rel}","templated":true}]}}