{"id":131566,"date":"2026-04-25T20:07:52","date_gmt":"2026-04-25T17:07:52","guid":{"rendered":"https:\/\/mersingazetesi.com\/?p=131566"},"modified":"2026-04-25T20:07:52","modified_gmt":"2026-04-25T17:07:52","slug":"is-insani-ferudun-gunduzden-mtsoya-net-mesaj-kendi-masrafini-kendi-karsilamali","status":"publish","type":"post","link":"https:\/\/mersingazetesi.com\/index.php\/2026\/04\/25\/is-insani-ferudun-gunduzden-mtsoya-net-mesaj-kendi-masrafini-kendi-karsilamali\/","title":{"rendered":"\u0130\u015e \u0130NSANI FERUDUN G\u00dcND\u00dcZ\u2019DEN MTSO\u2019YA NET MESAJ: \u201cKEND\u0130 MASRAFINI KEND\u0130 KAR\u015eILAMALI\u201d"},"content":{"rendered":"<p>Mersin i\u015f d\u00fcnyas\u0131nda fuar kat\u0131l\u0131mlar\u0131yla ilgili tart\u0131\u015fmalar s\u00fcrerken, i\u015f insan\u0131 Ferudun G\u00fcnd\u00fcz\u2019den dikkat \u00e7eken bir \u00e7\u0131k\u0131\u015f geldi. G\u00fcnd\u00fcz, \u00f6zellikle sekt\u00f6r d\u0131\u015f\u0131 isimlerin fuar organizasyonlar\u0131na dahil edilmesine tepki g\u00f6stererek, harcamalar\u0131n adil ve \u015feffaf olmas\u0131 gerekti\u011fini vurgulad\u0131.<\/p>\n<p>G\u00fcnd\u00fcz, fuarlara sekt\u00f6rle ilgisi olmad\u0131\u011f\u0131 halde kat\u0131lan ki\u015filerin masraflar\u0131n\u0131 kendilerinin kar\u015f\u0131lamas\u0131 gerekti\u011fini belirterek, \u201cAksi durumda bu bedellerin geri talep edilmesi gerekir\u201d dedi.<\/p>\n<p>Alternatif olarak, bu iki se\u00e7ene\u011fin de uygulanmamas\u0131 halinde sorumlulu\u011fun karar vericiler taraf\u0131ndan \u00fcstlenilmesi gerekti\u011fini ifade eden G\u00fcnd\u00fcz, mevcut uygulamalar\u0131n yeniden g\u00f6zden ge\u00e7irilmesi \u00e7a\u011fr\u0131s\u0131nda bulundu.<\/p>\n<p><b>\u201cY\u00f6netmelik haz\u0131rlanmal\u0131\u201d<\/b><\/p>\n<p>Fuarlara kat\u0131l\u0131m kriterlerinin netle\u015ftirilmesi gerekti\u011fini dile getiren G\u00fcnd\u00fcz, MTSO Y\u00f6netimi taraf\u0131ndan bu konuda bir y\u00f6netmelik haz\u0131rlanmas\u0131n\u0131 \u00f6nerdi. S\u00fcrecin daha sa\u011fl\u0131kl\u0131 i\u015flemesi ad\u0131na katk\u0131 sunmaya haz\u0131r olduklar\u0131n\u0131 belirten G\u00fcnd\u00fcz, \u201cG\u00f6rev verilirse bu konuda ANADOLU YDD olarak destek sa\u011flayabiliriz\u201d ifadelerini kulland\u0131.<\/p>\n<p>\u00dc\u00e7 \u015firket sahibi bir MTSO \u00fcyesi oldu\u011funu hat\u0131rlatan G\u00fcnd\u00fcz, oda aidatlar\u0131n\u0131n daha etkin ve do\u011fru kullan\u0131lmas\u0131 gerekti\u011finin alt\u0131n\u0131 \u00e7izerek, \u201c\u00d6dedi\u011fimiz aidatlar\u0131n amac\u0131na uygun \u015fekilde de\u011ferlendirilmesini talep ediyoruz\u201d dedi.<\/p>\n","protected":false},"excerpt":{"rendered":"<p>Mersin i\u015f d\u00fcnyas\u0131nda fuar kat\u0131l\u0131mlar\u0131yla ilgili tart\u0131\u015fmalar s\u00fcrerken, i\u015f insan\u0131 Ferudun G\u00fcnd\u00fcz\u2019den dikkat \u00e7eken bir \u00e7\u0131k\u0131\u015f geldi. G\u00fcnd\u00fcz, \u00f6zellikle sekt\u00f6r d\u0131\u015f\u0131 isimlerin fuar organizasyonlar\u0131na dahil edilmesine tepki g\u00f6stererek, harcamalar\u0131n adil ve \u015feffaf olmas\u0131 gerekti\u011fini vurgulad\u0131. G\u00fcnd\u00fcz, fuarlara sekt\u00f6rle ilgisi olmad\u0131\u011f\u0131 halde kat\u0131lan ki\u015filerin masraflar\u0131n\u0131 kendilerinin kar\u015f\u0131lamas\u0131 gerekti\u011fini belirterek, \u201cAksi durumda bu bedellerin geri talep edilmesi [&hellip;]<\/p>\n","protected":false},"author":2,"featured_media":131567,"comment_status":"open","ping_status":"open","sticky":false,"template":"","format":"standard","meta":{"footnotes":""},"categories":[1],"tags":[],"class_list":["post-131566","post","type-post","status-publish","format-standard","has-post-thumbnail","hentry","category-gundem"],"views":426,"_links":{"self":[{"href":"https:\/\/mersingazetesi.com\/index.php\/wp-json\/wp\/v2\/posts\/131566","targetHints":{"allow":["GET"]}}],"collection":[{"href":"https:\/\/mersingazetesi.com\/index.php\/wp-json\/wp\/v2\/posts"}],"about":[{"href":"https:\/\/mersingazetesi.com\/index.php\/wp-json\/wp\/v2\/types\/post"}],"author":[{"embeddable":true,"href":"https:\/\/mersingazetesi.com\/index.php\/wp-json\/wp\/v2\/users\/2"}],"replies":[{"embeddable":true,"href":"https:\/\/mersingazetesi.com\/index.php\/wp-json\/wp\/v2\/comments?post=131566"}],"version-history":[{"count":1,"href":"https:\/\/mersingazetesi.com\/index.php\/wp-json\/wp\/v2\/posts\/131566\/revisions"}],"predecessor-version":[{"id":131568,"href":"https:\/\/mersingazetesi.com\/index.php\/wp-json\/wp\/v2\/posts\/131566\/revisions\/131568"}],"wp:featuredmedia":[{"embeddable":true,"href":"https:\/\/mersingazetesi.com\/index.php\/wp-json\/wp\/v2\/media\/131567"}],"wp:attachment":[{"href":"https:\/\/mersingazetesi.com\/index.php\/wp-json\/wp\/v2\/media?parent=131566"}],"wp:term":[{"taxonomy":"category","embeddable":true,"href":"https:\/\/mersingazetesi.com\/index.php\/wp-json\/wp\/v2\/categories?post=131566"},{"taxonomy":"post_tag","embeddable":true,"href":"https:\/\/mersingazetesi.com\/index.php\/wp-json\/wp\/v2\/tags?post=131566"}],"curies":[{"name":"wp","href":"https:\/\/api.w.org\/{rel}","templated":true}]}}