{"id":131563,"date":"2026-04-25T20:06:46","date_gmt":"2026-04-25T17:06:46","guid":{"rendered":"https:\/\/mersingazetesi.com\/?p=131563"},"modified":"2026-04-25T20:06:46","modified_gmt":"2026-04-25T17:06:46","slug":"gezilen-fuarlarda-sektorel-temsil-vurgusu-her-fuarda-o-sektor-olmali","status":"publish","type":"post","link":"https:\/\/mersingazetesi.com\/index.php\/2026\/04\/25\/gezilen-fuarlarda-sektorel-temsil-vurgusu-her-fuarda-o-sektor-olmali\/","title":{"rendered":"GEZ\u0130LEN FUARLARDA SEKT\u00d6REL TEMS\u0130L VURGUSU:   \u201cHER FUARDA O SEKT\u00d6R OLMALI\u201d"},"content":{"rendered":"<p>Mersin Mobilya Sanayicileri \u0130\u015f \u0130nsanlar\u0131 Derne\u011fi -MERMOB- Y\u00f6netim Kurulu Ba\u015fkan\u0131 Muhammed Sad\u0131k \u00d6zkan da fuar kat\u0131l\u0131m\u0131na ili\u015fkin tart\u0131\u015fmalara dikkat \u00e7eken bir de\u011ferlendirmede bulundu. \u00d6zkan, heyet foto\u011fraf\u0131nda mobilya ve a\u011fa\u00e7 i\u015fleri sekt\u00f6r\u00fcnden bir temsilcinin yer almamas\u0131n\u0131 ele\u015ftirerek, \u201cBu karede kendi sekt\u00f6r\u00fcm\u00fczden bir temsilci g\u00f6rmeyi arzu ederdim\u201d dedi.<\/p>\n<p>Ticaret odalar\u0131n\u0131n meclis \u00fcyelerine sundu\u011fu yurt d\u0131\u015f\u0131 fuar desteklerinin \u00f6nemli bir f\u0131rsat oldu\u011funa vurgu yapan \u00d6zkan, bu imk\u00e2n\u0131n daha verimli kullan\u0131labilmesi i\u00e7in \u201csekt\u00f6rel uzmanl\u0131k\u201d esas\u0131na g\u00f6re planlama yap\u0131lmas\u0131 gerekti\u011fini ifade etti. \u00d6zkan, her sekt\u00f6r\u00fcn kendi alan\u0131ndaki fuarlarda temsil edilmesinin hem kaynaklar\u0131n etkin kullan\u0131m\u0131 hem de i\u015f d\u00fcnyas\u0131na somut katk\u0131 sa\u011flanmas\u0131 a\u00e7\u0131s\u0131ndan kritik oldu\u011funu kaydetti.<\/p>\n","protected":false},"excerpt":{"rendered":"<p>Mersin Mobilya Sanayicileri \u0130\u015f \u0130nsanlar\u0131 Derne\u011fi -MERMOB- Y\u00f6netim Kurulu Ba\u015fkan\u0131 Muhammed Sad\u0131k \u00d6zkan da fuar kat\u0131l\u0131m\u0131na ili\u015fkin tart\u0131\u015fmalara dikkat \u00e7eken bir de\u011ferlendirmede bulundu. \u00d6zkan, heyet foto\u011fraf\u0131nda mobilya ve a\u011fa\u00e7 i\u015fleri sekt\u00f6r\u00fcnden bir temsilcinin yer almamas\u0131n\u0131 ele\u015ftirerek, \u201cBu karede kendi sekt\u00f6r\u00fcm\u00fczden bir temsilci g\u00f6rmeyi arzu ederdim\u201d dedi. Ticaret odalar\u0131n\u0131n meclis \u00fcyelerine sundu\u011fu yurt d\u0131\u015f\u0131 fuar desteklerinin [&hellip;]<\/p>\n","protected":false},"author":2,"featured_media":131564,"comment_status":"open","ping_status":"open","sticky":false,"template":"","format":"standard","meta":{"footnotes":""},"categories":[1],"tags":[],"class_list":["post-131563","post","type-post","status-publish","format-standard","has-post-thumbnail","hentry","category-gundem"],"views":520,"_links":{"self":[{"href":"https:\/\/mersingazetesi.com\/index.php\/wp-json\/wp\/v2\/posts\/131563","targetHints":{"allow":["GET"]}}],"collection":[{"href":"https:\/\/mersingazetesi.com\/index.php\/wp-json\/wp\/v2\/posts"}],"about":[{"href":"https:\/\/mersingazetesi.com\/index.php\/wp-json\/wp\/v2\/types\/post"}],"author":[{"embeddable":true,"href":"https:\/\/mersingazetesi.com\/index.php\/wp-json\/wp\/v2\/users\/2"}],"replies":[{"embeddable":true,"href":"https:\/\/mersingazetesi.com\/index.php\/wp-json\/wp\/v2\/comments?post=131563"}],"version-history":[{"count":1,"href":"https:\/\/mersingazetesi.com\/index.php\/wp-json\/wp\/v2\/posts\/131563\/revisions"}],"predecessor-version":[{"id":131565,"href":"https:\/\/mersingazetesi.com\/index.php\/wp-json\/wp\/v2\/posts\/131563\/revisions\/131565"}],"wp:featuredmedia":[{"embeddable":true,"href":"https:\/\/mersingazetesi.com\/index.php\/wp-json\/wp\/v2\/media\/131564"}],"wp:attachment":[{"href":"https:\/\/mersingazetesi.com\/index.php\/wp-json\/wp\/v2\/media?parent=131563"}],"wp:term":[{"taxonomy":"category","embeddable":true,"href":"https:\/\/mersingazetesi.com\/index.php\/wp-json\/wp\/v2\/categories?post=131563"},{"taxonomy":"post_tag","embeddable":true,"href":"https:\/\/mersingazetesi.com\/index.php\/wp-json\/wp\/v2\/tags?post=131563"}],"curies":[{"name":"wp","href":"https:\/\/api.w.org\/{rel}","templated":true}]}}