{"id":131560,"date":"2026-04-25T20:05:19","date_gmt":"2026-04-25T17:05:19","guid":{"rendered":"https:\/\/mersingazetesi.com\/?p=131560"},"modified":"2026-04-25T20:05:19","modified_gmt":"2026-04-25T17:05:19","slug":"tuncer-yeniden-dabb-baskanligina-secildi","status":"publish","type":"post","link":"https:\/\/mersingazetesi.com\/index.php\/2026\/04\/25\/tuncer-yeniden-dabb-baskanligina-secildi\/","title":{"rendered":"Tuncer, yeniden DABB Ba\u015fkanl\u0131\u011f\u0131na se\u00e7ildi"},"content":{"rendered":"<p>Mersin&#8217;in merkez il\u00e7e Mezitli Belediye Ba\u015fkan\u0131 Ahmet Serkan Tuncer, Do\u011fu Akdeniz Belediyeler Birli\u011fi (DABB) Ola\u011fan Birlik Meclis Toplant\u0131s\u0131nda oy \u00e7oklu\u011fuyla yeniden ba\u015fkanl\u0131\u011fa se\u00e7ildi. \u0130kinci kez bu g\u00f6reve lay\u0131k g\u00f6r\u00fclen Tuncer, birlik ve dayan\u0131\u015fma vurgusu yapt\u0131.<br \/>\nDABB Meclis Toplant\u0131s\u0131nda yap\u0131lan se\u00e7imle birlikte ba\u015fkanl\u0131k divan\u0131, enc\u00fcmen \u00fcyeleri ve plan-b\u00fct\u00e7e komisyonu da yeniden belirlendi. Se\u00e7im sonucunda Tuncer\u2019in yeniden ba\u015fkanl\u0131\u011fa getirilmesi, birlik i\u00e7inde istikrar\u0131n s\u00fcrece\u011fi \u015feklinde yorumland\u0131.<br \/>\nKendisine g\u00f6sterilen g\u00fcven i\u00e7in te\u015fekk\u00fcr eden Tuncer, belediyeler aras\u0131ndaki i\u015f birli\u011fini art\u0131racaklar\u0131n\u0131 belirterek, &#8220;Do\u011fu Akdeniz Belediyeler Birli\u011fi Ba\u015fkanl\u0131\u011f\u0131 g\u00f6revine ikinci kez lay\u0131k g\u00f6r\u00fclmek benim i\u00e7in b\u00fcy\u00fck bir onur. Ortak ak\u0131l ve dayan\u0131\u015fma ile daha g\u00fc\u00e7l\u00fc bir yap\u0131 olu\u015fturaca\u011f\u0131z&#8221; dedi.<br \/>\nYeni d\u00f6nemde hizmet \u00fcretmeye kararl\u0131l\u0131kla devam edeceklerini ifade eden Tuncer, vatanda\u015flara en iyi hizmeti sunmay\u0131 hedeflediklerini kaydetti.<\/p>\n<p>&#8220;Proje odakl\u0131 \u00e7al\u0131\u015faca\u011f\u0131z&#8221;<br \/>\nYeni d\u00f6nemde proje ve i\u015f birli\u011fi odakl\u0131 bir y\u00f6netim anlay\u0131\u015f\u0131 benimseyeceklerini ifade eden Tuncer, belediyeler aras\u0131nda bilgi ve deneyim payla\u015f\u0131m\u0131n\u0131 art\u0131racaklar\u0131n\u0131 s\u00f6yledi. Kaynaklar\u0131n etkin kullan\u0131m\u0131 ve ortak projelerle ba\u015far\u0131l\u0131 uygulamalar\u0131n yayg\u0131nla\u015ft\u0131r\u0131laca\u011f\u0131n\u0131 belirtti.<br \/>\nT\u00fcm belediyelerle kapsay\u0131c\u0131 bir anlay\u0131\u015fla \u00e7al\u0131\u015facaklar\u0131n\u0131 dile getiren Tuncer, &#8220;Siyasi ayr\u0131m g\u00f6zetmeksizin b\u00f6lgemize de\u011fer katmaya devam edece\u011fiz&#8221; ifadelerini kulland\u0131.<br \/>\nToplant\u0131da yap\u0131lan se\u00e7imlerde Meclis 1. Ba\u015fkan Vekilli\u011fine Bozkurt Belediye Ba\u015fkan\u0131 Birsen \u00c7elik, 2. Ba\u015fkan Vekilli\u011fine ise Tuzluk\u00e7u Belediye Ba\u015fkan\u0131 Nurettin Akbu\u011fa se\u00e7ildi.<\/p>\n","protected":false},"excerpt":{"rendered":"<p>Mersin&#8217;in merkez il\u00e7e Mezitli Belediye Ba\u015fkan\u0131 Ahmet Serkan Tuncer, Do\u011fu Akdeniz Belediyeler Birli\u011fi (DABB) Ola\u011fan Birlik Meclis Toplant\u0131s\u0131nda oy \u00e7oklu\u011fuyla yeniden ba\u015fkanl\u0131\u011fa se\u00e7ildi. \u0130kinci kez bu g\u00f6reve lay\u0131k g\u00f6r\u00fclen Tuncer, birlik ve dayan\u0131\u015fma vurgusu yapt\u0131. DABB Meclis Toplant\u0131s\u0131nda yap\u0131lan se\u00e7imle birlikte ba\u015fkanl\u0131k divan\u0131, enc\u00fcmen \u00fcyeleri ve plan-b\u00fct\u00e7e komisyonu da yeniden belirlendi. Se\u00e7im sonucunda Tuncer\u2019in yeniden [&hellip;]<\/p>\n","protected":false},"author":2,"featured_media":131561,"comment_status":"open","ping_status":"open","sticky":false,"template":"","format":"standard","meta":{"footnotes":""},"categories":[1],"tags":[],"class_list":["post-131560","post","type-post","status-publish","format-standard","has-post-thumbnail","hentry","category-gundem"],"views":461,"_links":{"self":[{"href":"https:\/\/mersingazetesi.com\/index.php\/wp-json\/wp\/v2\/posts\/131560","targetHints":{"allow":["GET"]}}],"collection":[{"href":"https:\/\/mersingazetesi.com\/index.php\/wp-json\/wp\/v2\/posts"}],"about":[{"href":"https:\/\/mersingazetesi.com\/index.php\/wp-json\/wp\/v2\/types\/post"}],"author":[{"embeddable":true,"href":"https:\/\/mersingazetesi.com\/index.php\/wp-json\/wp\/v2\/users\/2"}],"replies":[{"embeddable":true,"href":"https:\/\/mersingazetesi.com\/index.php\/wp-json\/wp\/v2\/comments?post=131560"}],"version-history":[{"count":1,"href":"https:\/\/mersingazetesi.com\/index.php\/wp-json\/wp\/v2\/posts\/131560\/revisions"}],"predecessor-version":[{"id":131562,"href":"https:\/\/mersingazetesi.com\/index.php\/wp-json\/wp\/v2\/posts\/131560\/revisions\/131562"}],"wp:featuredmedia":[{"embeddable":true,"href":"https:\/\/mersingazetesi.com\/index.php\/wp-json\/wp\/v2\/media\/131561"}],"wp:attachment":[{"href":"https:\/\/mersingazetesi.com\/index.php\/wp-json\/wp\/v2\/media?parent=131560"}],"wp:term":[{"taxonomy":"category","embeddable":true,"href":"https:\/\/mersingazetesi.com\/index.php\/wp-json\/wp\/v2\/categories?post=131560"},{"taxonomy":"post_tag","embeddable":true,"href":"https:\/\/mersingazetesi.com\/index.php\/wp-json\/wp\/v2\/tags?post=131560"}],"curies":[{"name":"wp","href":"https:\/\/api.w.org\/{rel}","templated":true}]}}