{"id":131557,"date":"2026-04-25T20:04:46","date_gmt":"2026-04-25T17:04:46","guid":{"rendered":"https:\/\/mersingazetesi.com\/?p=131557"},"modified":"2026-04-25T20:04:46","modified_gmt":"2026-04-25T17:04:46","slug":"mersinde-edebiyat-bulusmasi-dr-nedim-ince-okurlariyla-bir-araya-geldi","status":"publish","type":"post","link":"https:\/\/mersingazetesi.com\/index.php\/2026\/04\/25\/mersinde-edebiyat-bulusmasi-dr-nedim-ince-okurlariyla-bir-araya-geldi\/","title":{"rendered":"Mersin\u2019de edebiyat bulu\u015fmas\u0131: Dr. Nedim \u0130nce okurlar\u0131yla bir araya geldi"},"content":{"rendered":"<p>Mersin\u2019de hekimli\u011fi ve yazarl\u0131\u011f\u0131yla tan\u0131nan Toros Devlet Hastanesi eski \u00dcroloji Uzman\u0131 Op. Dr. Nedim \u0130nce, 6\u2019nc\u0131 kitab\u0131 &#8216;\u0130nsan Dedi\u011fin Derya Deniz&#8217; i\u00e7in d\u00fczenlenen tan\u0131t\u0131m, imza ve s\u00f6yle\u015fi g\u00fcn\u00fcnde okurlar\u0131yla bulu\u015ftu.<br \/>\n\u0130\u00e7el Sanat Kul\u00fcb\u00fcnde ger\u00e7ekle\u015ftirilen etkinlik, sanatseverlerin yo\u011fun kat\u0131l\u0131m\u0131yla ger\u00e7ekle\u015fti. Gazeteci K\u0131ymet G\u00f6k\u00e7e\u2019nin moderat\u00f6rl\u00fc\u011f\u00fcnde d\u00fczenlenen programda \u0130nce, yazarl\u0131k ser\u00fcvenini ve Mersin ile olan ba\u011f\u0131n\u0131 anlatt\u0131. Okurlar\u0131yla birebir sohbet etme f\u0131rsat\u0131 bulan \u0130nce, kitab\u0131n\u0131 imzalayarak kat\u0131l\u0131mc\u0131larla samimi anlar ya\u015fad\u0131.<br \/>\n\u0130nce, konu\u015fmas\u0131nda Mersin\u2019e ilk geldikleri y\u0131llarda kimseyi tan\u0131mad\u0131klar\u0131n\u0131 belirterek, tan\u0131\u015ft\u0131klar\u0131 ki\u015filerin hayatlar\u0131nda \u00f6nemli etkiler b\u0131rakt\u0131\u011f\u0131n\u0131 s\u00f6yledi. Yazarl\u0131k s\u00fcrecinin Yelken Kul\u00fcb\u00fcnde ba\u015flad\u0131\u011f\u0131n\u0131 ifade eden \u0130nce, daha sonra yerel gazete sahibi Ahmet Leventy\u00fcr\u00fc&#8217;n\u00fcn \u0131srar\u0131 ile k\u00f6\u015fe yazarl\u0131\u011f\u0131na y\u00f6neldi\u011fini ve ilk kitab\u0131 &#8216;Sa\u011fl\u0131k Olsun&#8217;un bu s\u00fcre\u00e7te ortaya \u00e7\u0131kt\u0131\u011f\u0131n\u0131 dile getirdi.<br \/>\nMersin\u2019de ge\u00e7irdi\u011fi y\u0131llar\u0131n hayat\u0131nda \u00f6zel bir yere sahip oldu\u011funu vurgulayan \u0130nce, &#8220;Bir insan\u0131n en b\u00fcy\u00fck ihtiya\u00e7lar\u0131ndan biri kabul edilmek ve de\u011ferli oldu\u011funu hissedebilmektir. Burada bunu fazlas\u0131yla hissediyorum. \u0130yi ki Mersin\u2019e gelmi\u015fim&#8221; dedi. Ayval\u0131k\u2019ta ya\u015famas\u0131na ra\u011fmen g\u00f6nl\u00fcn\u00fcn Mersin\u2019de oldu\u011funu ifade eden \u0130nce, sa\u011fl\u0131\u011f\u0131 el verdi\u011fi s\u00fcrece yazmaya devam edece\u011fini kaydetti.<br \/>\nProgramda \u0130nce\u2019nin dostlar\u0131 da s\u00f6z alarak yazarla ilgili d\u00fc\u015f\u00fcncelerini payla\u015f\u0131rken, eserlerine ili\u015fkin de\u011ferlendirmelerde bulundu. Etkinlik, imza t\u00f6reninin ard\u0131ndan sona erdi.<\/p>\n","protected":false},"excerpt":{"rendered":"<p>Mersin\u2019de hekimli\u011fi ve yazarl\u0131\u011f\u0131yla tan\u0131nan Toros Devlet Hastanesi eski \u00dcroloji Uzman\u0131 Op. Dr. Nedim \u0130nce, 6\u2019nc\u0131 kitab\u0131 &#8216;\u0130nsan Dedi\u011fin Derya Deniz&#8217; i\u00e7in d\u00fczenlenen tan\u0131t\u0131m, imza ve s\u00f6yle\u015fi g\u00fcn\u00fcnde okurlar\u0131yla bulu\u015ftu. \u0130\u00e7el Sanat Kul\u00fcb\u00fcnde ger\u00e7ekle\u015ftirilen etkinlik, sanatseverlerin yo\u011fun kat\u0131l\u0131m\u0131yla ger\u00e7ekle\u015fti. Gazeteci K\u0131ymet G\u00f6k\u00e7e\u2019nin moderat\u00f6rl\u00fc\u011f\u00fcnde d\u00fczenlenen programda \u0130nce, yazarl\u0131k ser\u00fcvenini ve Mersin ile olan ba\u011f\u0131n\u0131 anlatt\u0131. Okurlar\u0131yla [&hellip;]<\/p>\n","protected":false},"author":2,"featured_media":131558,"comment_status":"open","ping_status":"open","sticky":false,"template":"","format":"standard","meta":{"footnotes":""},"categories":[5],"tags":[],"class_list":["post-131557","post","type-post","status-publish","format-standard","has-post-thumbnail","hentry","category-saglik"],"views":371,"_links":{"self":[{"href":"https:\/\/mersingazetesi.com\/index.php\/wp-json\/wp\/v2\/posts\/131557","targetHints":{"allow":["GET"]}}],"collection":[{"href":"https:\/\/mersingazetesi.com\/index.php\/wp-json\/wp\/v2\/posts"}],"about":[{"href":"https:\/\/mersingazetesi.com\/index.php\/wp-json\/wp\/v2\/types\/post"}],"author":[{"embeddable":true,"href":"https:\/\/mersingazetesi.com\/index.php\/wp-json\/wp\/v2\/users\/2"}],"replies":[{"embeddable":true,"href":"https:\/\/mersingazetesi.com\/index.php\/wp-json\/wp\/v2\/comments?post=131557"}],"version-history":[{"count":1,"href":"https:\/\/mersingazetesi.com\/index.php\/wp-json\/wp\/v2\/posts\/131557\/revisions"}],"predecessor-version":[{"id":131559,"href":"https:\/\/mersingazetesi.com\/index.php\/wp-json\/wp\/v2\/posts\/131557\/revisions\/131559"}],"wp:featuredmedia":[{"embeddable":true,"href":"https:\/\/mersingazetesi.com\/index.php\/wp-json\/wp\/v2\/media\/131558"}],"wp:attachment":[{"href":"https:\/\/mersingazetesi.com\/index.php\/wp-json\/wp\/v2\/media?parent=131557"}],"wp:term":[{"taxonomy":"category","embeddable":true,"href":"https:\/\/mersingazetesi.com\/index.php\/wp-json\/wp\/v2\/categories?post=131557"},{"taxonomy":"post_tag","embeddable":true,"href":"https:\/\/mersingazetesi.com\/index.php\/wp-json\/wp\/v2\/tags?post=131557"}],"curies":[{"name":"wp","href":"https:\/\/api.w.org\/{rel}","templated":true}]}}