{"id":131554,"date":"2026-04-25T20:04:10","date_gmt":"2026-04-25T17:04:10","guid":{"rendered":"https:\/\/mersingazetesi.com\/?p=131554"},"modified":"2026-04-25T20:04:10","modified_gmt":"2026-04-25T17:04:10","slug":"tarsusta-kaplumbagalar-icin-seferberlik","status":"publish","type":"post","link":"https:\/\/mersingazetesi.com\/index.php\/2026\/04\/25\/tarsusta-kaplumbagalar-icin-seferberlik\/","title":{"rendered":"Tarsus\u2019ta kaplumba\u011falar i\u00e7in seferberlik"},"content":{"rendered":"<p>Mersin\u2019in Tarsus il\u00e7esinde belediye ekipleri, deniz kaplumba\u011falar\u0131n\u0131n yuvalama alanlar\u0131n\u0131 korumak amac\u0131yla sahada kapsaml\u0131 bir \u00e7al\u0131\u015fma y\u00fcr\u00fct\u00fcyor.<br \/>\nTarsus Belediyesi taraf\u0131ndan Kulak Mevkii sahilinde ger\u00e7ekle\u015ftirilen \u00e7al\u0131\u015fmalarda, nesli tehlike alt\u0131nda bulunan caretta caretta ve chelonia mydas t\u00fcrlerinin yuvalama alanlar\u0131 yak\u0131ndan izleniyor. Son d\u00f6nemde artan ya\u011f\u0131\u015flar nedeniyle k\u0131y\u0131ya ta\u015f\u0131nan plastik, cam ve \u00e7e\u015fitli at\u0131klar\u0131n olu\u015fturdu\u011fu riskleri ortadan kald\u0131rmak i\u00e7in b\u00f6lgede detayl\u0131 temizlik yap\u0131ld\u0131.<br \/>\nYuvalama sezonunun s\u00fcrd\u00fc\u011f\u00fc 1 May\u0131s &#8211; 30 Eyl\u00fcl tarihleri aras\u0131nda devam edecek \u00e7al\u0131\u015fmalar kapsam\u0131nda kumsalda biriken at\u0131klar, g\u00f6n\u00fcll\u00fclerin de kat\u0131l\u0131m\u0131yla topland\u0131. Do\u011fal dengenin korunmas\u0131 amac\u0131yla sahada i\u015f makinesi kullan\u0131lmazken, temizlik \u00e7al\u0131\u015fmalar\u0131 tamamen insan g\u00fcc\u00fcyle ger\u00e7ekle\u015ftirildi.<br \/>\nKoruma alt\u0131nda bulunan t\u00fcrlerin sa\u011fl\u0131kl\u0131 bir \u015fekilde yuvalama yapabilmesi i\u00e7in y\u00fcr\u00fct\u00fclen \u00e7al\u0131\u015fmalarla kumsal\u0131n do\u011fal yap\u0131s\u0131na zarar verilmeden d\u00fczenleme yap\u0131ld\u0131\u011f\u0131 bildirildi.<br \/>\nTarsus Belediye Ba\u015fkan\u0131 Ali Bolta\u00e7, konuya ili\u015fkin yapt\u0131\u011f\u0131 a\u00e7\u0131klamada, do\u011fan\u0131n korunmas\u0131n\u0131n \u00f6nemine dikkat \u00e7ekerek, &#8220;Do\u011fam\u0131z ciddi bir tahribat alt\u0131ndayken, onu koruma sorumlulu\u011fumuz her zamankinden daha b\u00fcy\u00fck. Deniz kaplumba\u011falar\u0131 nesli tehlike alt\u0131nda olan canl\u0131lar ve bu kumsallar onlar\u0131n ya\u015fam alan\u0131. Burada yap\u0131lan her \u00e7al\u0131\u015fma, do\u011fay\u0131 ve ya\u015fam\u0131 koruma m\u00fccadelesidir. Bu bilin\u00e7le hareket ederek gelecek nesillere daha sa\u011fl\u0131kl\u0131 bir \u00e7evre b\u0131rakmay\u0131 hedefliyoruz&#8221; dedi.<\/p>\n","protected":false},"excerpt":{"rendered":"<p>Mersin\u2019in Tarsus il\u00e7esinde belediye ekipleri, deniz kaplumba\u011falar\u0131n\u0131n yuvalama alanlar\u0131n\u0131 korumak amac\u0131yla sahada kapsaml\u0131 bir \u00e7al\u0131\u015fma y\u00fcr\u00fct\u00fcyor. Tarsus Belediyesi taraf\u0131ndan Kulak Mevkii sahilinde ger\u00e7ekle\u015ftirilen \u00e7al\u0131\u015fmalarda, nesli tehlike alt\u0131nda bulunan caretta caretta ve chelonia mydas t\u00fcrlerinin yuvalama alanlar\u0131 yak\u0131ndan izleniyor. Son d\u00f6nemde artan ya\u011f\u0131\u015flar nedeniyle k\u0131y\u0131ya ta\u015f\u0131nan plastik, cam ve \u00e7e\u015fitli at\u0131klar\u0131n olu\u015fturdu\u011fu riskleri ortadan kald\u0131rmak i\u00e7in [&hellip;]<\/p>\n","protected":false},"author":2,"featured_media":131555,"comment_status":"open","ping_status":"open","sticky":false,"template":"","format":"standard","meta":{"footnotes":""},"categories":[1],"tags":[],"class_list":["post-131554","post","type-post","status-publish","format-standard","has-post-thumbnail","hentry","category-gundem"],"views":427,"_links":{"self":[{"href":"https:\/\/mersingazetesi.com\/index.php\/wp-json\/wp\/v2\/posts\/131554","targetHints":{"allow":["GET"]}}],"collection":[{"href":"https:\/\/mersingazetesi.com\/index.php\/wp-json\/wp\/v2\/posts"}],"about":[{"href":"https:\/\/mersingazetesi.com\/index.php\/wp-json\/wp\/v2\/types\/post"}],"author":[{"embeddable":true,"href":"https:\/\/mersingazetesi.com\/index.php\/wp-json\/wp\/v2\/users\/2"}],"replies":[{"embeddable":true,"href":"https:\/\/mersingazetesi.com\/index.php\/wp-json\/wp\/v2\/comments?post=131554"}],"version-history":[{"count":1,"href":"https:\/\/mersingazetesi.com\/index.php\/wp-json\/wp\/v2\/posts\/131554\/revisions"}],"predecessor-version":[{"id":131556,"href":"https:\/\/mersingazetesi.com\/index.php\/wp-json\/wp\/v2\/posts\/131554\/revisions\/131556"}],"wp:featuredmedia":[{"embeddable":true,"href":"https:\/\/mersingazetesi.com\/index.php\/wp-json\/wp\/v2\/media\/131555"}],"wp:attachment":[{"href":"https:\/\/mersingazetesi.com\/index.php\/wp-json\/wp\/v2\/media?parent=131554"}],"wp:term":[{"taxonomy":"category","embeddable":true,"href":"https:\/\/mersingazetesi.com\/index.php\/wp-json\/wp\/v2\/categories?post=131554"},{"taxonomy":"post_tag","embeddable":true,"href":"https:\/\/mersingazetesi.com\/index.php\/wp-json\/wp\/v2\/tags?post=131554"}],"curies":[{"name":"wp","href":"https:\/\/api.w.org\/{rel}","templated":true}]}}