{"id":131551,"date":"2026-04-25T20:03:31","date_gmt":"2026-04-25T17:03:31","guid":{"rendered":"https:\/\/mersingazetesi.com\/?p=131551"},"modified":"2026-04-25T20:03:31","modified_gmt":"2026-04-25T17:03:31","slug":"esini-oldurup-kacarken-yakalanan-koca-tutuklandi","status":"publish","type":"post","link":"https:\/\/mersingazetesi.com\/index.php\/2026\/04\/25\/esini-oldurup-kacarken-yakalanan-koca-tutuklandi\/","title":{"rendered":"E\u015fini \u00f6ld\u00fcr\u00fcp ka\u00e7arken yakalanan koca tutukland\u0131"},"content":{"rendered":"<p>Mersin&#8217;in Anamur il\u00e7esinde e\u015fini \u00f6ld\u00fcr\u00fcp ka\u00e7arken Antalya&#8217;da yakalanan \u015f\u00fcpheli koca \u00e7\u0131kar\u0131ld\u0131\u011f\u0131 mahkemece tutukland\u0131.<br \/>\nOlay, d\u00fcn Anamur il\u00e7esi Kal\u0131n\u00f6ren Mahallesi&#8217;ndeki bir evde meydana geldi. \u0130ddiaya g\u00f6re E.\u00c7. ile e\u015fi Cang\u00fcl \u00c7. aras\u0131nda hen\u00fcz belirlenemeyen nedenle tart\u0131\u015fma \u00e7\u0131kt\u0131. E.\u00c7. eline ge\u00e7irdi\u011fi sopa ve b\u0131\u00e7akla kar\u0131s\u0131n\u0131 \u00f6ld\u00fcrd\u00fc. Birisi 9, di\u011feri 2 ya\u015f\u0131ndaki iki \u00e7ocu\u011funu da alarak 33 ANJ 679 plakal\u0131 Tofa\u015f marka ara\u00e7 ile olay yerinden ka\u00e7an \u015f\u00fcphelinin yakalanmas\u0131 i\u00e7in ise polis \u00e7al\u0131\u015fma ba\u015flatt\u0131. Anamur Cumhuriyet Ba\u015fsavc\u0131l\u0131\u011f\u0131&#8217;n\u0131n talimat\u0131yla Mersin polisi, arac\u0131n plakas\u0131n\u0131 zaman kaybetmeden sisteme girdi. Arac\u0131n plakas\u0131 Antalya&#8217;n\u0131n Aksu il\u00e7esi giri\u015finde PTS (Plaka Tan\u0131ma Sistemi) kameralar\u0131na tak\u0131ld\u0131. Bunun \u00fczerine otomobil KGYS kameralar\u0131ndan takibine al\u0131nd\u0131. Aksu \u0130l\u00e7e Emniyet M\u00fcd\u00fcrl\u00fc\u011f\u00fc Devriye Ekipler Amirli\u011fi ekipleri arac\u0131 Kuzey \u00c7evreyolu Ba\u015fk\u00f6y yol ayr\u0131m\u0131nda \u00f6n\u00fcn\u00fc keserek durdurdu. Yakla\u015f\u0131k 20 kilometrelik takip sonucu durdurulan ara\u00e7taki cinayet olay\u0131n\u0131n \u015f\u00fcphelisi E.\u00c7. g\u00f6zalt\u0131na \u00e7ocuklar ise koruma alt\u0131na al\u0131nd\u0131.<br \/>\nYap\u0131lan i\u015flemlerin ard\u0131ndan Anamur&#8217;a getirilen \u015f\u00fcpheli kocan\u0131n ifade i\u015flemleri tamamland\u0131. Anamur Adliyesi&#8217;ne sevk edilen \u015f\u00fcpheli kasten adam \u00f6ld\u00fcrme su\u00e7undan \u00e7\u0131kar\u0131ld\u0131\u011f\u0131 n\u00f6bet\u00e7i mahkemece tutukland\u0131.<\/p>\n","protected":false},"excerpt":{"rendered":"<p>Mersin&#8217;in Anamur il\u00e7esinde e\u015fini \u00f6ld\u00fcr\u00fcp ka\u00e7arken Antalya&#8217;da yakalanan \u015f\u00fcpheli koca \u00e7\u0131kar\u0131ld\u0131\u011f\u0131 mahkemece tutukland\u0131. Olay, d\u00fcn Anamur il\u00e7esi Kal\u0131n\u00f6ren Mahallesi&#8217;ndeki bir evde meydana geldi. \u0130ddiaya g\u00f6re E.\u00c7. ile e\u015fi Cang\u00fcl \u00c7. aras\u0131nda hen\u00fcz belirlenemeyen nedenle tart\u0131\u015fma \u00e7\u0131kt\u0131. E.\u00c7. eline ge\u00e7irdi\u011fi sopa ve b\u0131\u00e7akla kar\u0131s\u0131n\u0131 \u00f6ld\u00fcrd\u00fc. Birisi 9, di\u011feri 2 ya\u015f\u0131ndaki iki \u00e7ocu\u011funu da alarak 33 ANJ [&hellip;]<\/p>\n","protected":false},"author":2,"featured_media":131552,"comment_status":"open","ping_status":"open","sticky":false,"template":"","format":"standard","meta":{"footnotes":""},"categories":[1],"tags":[],"class_list":["post-131551","post","type-post","status-publish","format-standard","has-post-thumbnail","hentry","category-gundem"],"views":409,"_links":{"self":[{"href":"https:\/\/mersingazetesi.com\/index.php\/wp-json\/wp\/v2\/posts\/131551","targetHints":{"allow":["GET"]}}],"collection":[{"href":"https:\/\/mersingazetesi.com\/index.php\/wp-json\/wp\/v2\/posts"}],"about":[{"href":"https:\/\/mersingazetesi.com\/index.php\/wp-json\/wp\/v2\/types\/post"}],"author":[{"embeddable":true,"href":"https:\/\/mersingazetesi.com\/index.php\/wp-json\/wp\/v2\/users\/2"}],"replies":[{"embeddable":true,"href":"https:\/\/mersingazetesi.com\/index.php\/wp-json\/wp\/v2\/comments?post=131551"}],"version-history":[{"count":1,"href":"https:\/\/mersingazetesi.com\/index.php\/wp-json\/wp\/v2\/posts\/131551\/revisions"}],"predecessor-version":[{"id":131553,"href":"https:\/\/mersingazetesi.com\/index.php\/wp-json\/wp\/v2\/posts\/131551\/revisions\/131553"}],"wp:featuredmedia":[{"embeddable":true,"href":"https:\/\/mersingazetesi.com\/index.php\/wp-json\/wp\/v2\/media\/131552"}],"wp:attachment":[{"href":"https:\/\/mersingazetesi.com\/index.php\/wp-json\/wp\/v2\/media?parent=131551"}],"wp:term":[{"taxonomy":"category","embeddable":true,"href":"https:\/\/mersingazetesi.com\/index.php\/wp-json\/wp\/v2\/categories?post=131551"},{"taxonomy":"post_tag","embeddable":true,"href":"https:\/\/mersingazetesi.com\/index.php\/wp-json\/wp\/v2\/tags?post=131551"}],"curies":[{"name":"wp","href":"https:\/\/api.w.org\/{rel}","templated":true}]}}