{"id":131548,"date":"2026-04-25T20:02:57","date_gmt":"2026-04-25T17:02:57","guid":{"rendered":"https:\/\/mersingazetesi.com\/?p=131548"},"modified":"2026-04-25T20:02:57","modified_gmt":"2026-04-25T17:02:57","slug":"yasli-adam-odasinda-cikan-yanginda-hayatini-kaybetti","status":"publish","type":"post","link":"https:\/\/mersingazetesi.com\/index.php\/2026\/04\/25\/yasli-adam-odasinda-cikan-yanginda-hayatini-kaybetti\/","title":{"rendered":"Ya\u015fl\u0131 adam odas\u0131nda \u00e7\u0131kan yang\u0131nda hayat\u0131n\u0131 kaybetti"},"content":{"rendered":"<p>Mersin&#8217;in Erdemli il\u00e7esinde 70 ya\u015f\u0131ndaki \u015fah\u0131s odas\u0131nda \u00e7\u0131kan yang\u0131nda karbon monoksit gaz\u0131ndan zehirlenerek hayat\u0131n\u0131 kaybetti.<br \/>\nOlay, il\u00e7eye ba\u011fl\u0131 Tabiye Mahallesi K\u00f6yp\u0131nar\u0131 Caddesi \u00fczerindeki m\u00fcstakil bir evde meydana geldi. Al\u0131nan bilgiye g\u00f6re, boyac\u0131l\u0131k yapan ancak ald\u0131\u011f\u0131 i\u015fe gitmeyen 70 ya\u015f\u0131ndaki Ahad Toyo\u011flu&#8217;nun evini kontrole gelenler, odas\u0131n\u0131n yanm\u0131\u015f oldu\u011funu, kendisinin de cans\u0131z yerde yatt\u0131\u011f\u0131n\u0131 g\u00f6rd\u00fc. \u0130hbar \u00fczerine olay yerine sa\u011fl\u0131k ve polis ekipleri sevk edildi. Sa\u011fl\u0131k ekibi \u015fahs\u0131n hayat\u0131n\u0131 kaybetti\u011fini belirledi. Olay yeri ekiplerinin incelemesi sonras\u0131nda \u015fahs\u0131n cans\u0131z bedeni Erdemli Devlet Hastanesi&#8217;nde sevk edildi. \u00d6n otopsi sonras\u0131 cenaze adli t\u0131pa sevk edildi. \u015eahs\u0131n odas\u0131nda \u00e7\u0131kan yang\u0131n nedeniyle karbon monoksit gaz\u0131ndan zehirlenerek hayat\u0131n\u0131 kaybetti\u011finin de\u011ferlendirildi\u011fi \u00f6\u011frenildi.<br \/>\nOlayla ilgili soru\u015fturma s\u00fcr\u00fcyor.<\/p>\n","protected":false},"excerpt":{"rendered":"<p>Mersin&#8217;in Erdemli il\u00e7esinde 70 ya\u015f\u0131ndaki \u015fah\u0131s odas\u0131nda \u00e7\u0131kan yang\u0131nda karbon monoksit gaz\u0131ndan zehirlenerek hayat\u0131n\u0131 kaybetti. Olay, il\u00e7eye ba\u011fl\u0131 Tabiye Mahallesi K\u00f6yp\u0131nar\u0131 Caddesi \u00fczerindeki m\u00fcstakil bir evde meydana geldi. Al\u0131nan bilgiye g\u00f6re, boyac\u0131l\u0131k yapan ancak ald\u0131\u011f\u0131 i\u015fe gitmeyen 70 ya\u015f\u0131ndaki Ahad Toyo\u011flu&#8217;nun evini kontrole gelenler, odas\u0131n\u0131n yanm\u0131\u015f oldu\u011funu, kendisinin de cans\u0131z yerde yatt\u0131\u011f\u0131n\u0131 g\u00f6rd\u00fc. \u0130hbar \u00fczerine [&hellip;]<\/p>\n","protected":false},"author":2,"featured_media":131549,"comment_status":"open","ping_status":"open","sticky":false,"template":"","format":"standard","meta":{"footnotes":""},"categories":[1],"tags":[],"class_list":["post-131548","post","type-post","status-publish","format-standard","has-post-thumbnail","hentry","category-gundem"],"views":437,"_links":{"self":[{"href":"https:\/\/mersingazetesi.com\/index.php\/wp-json\/wp\/v2\/posts\/131548","targetHints":{"allow":["GET"]}}],"collection":[{"href":"https:\/\/mersingazetesi.com\/index.php\/wp-json\/wp\/v2\/posts"}],"about":[{"href":"https:\/\/mersingazetesi.com\/index.php\/wp-json\/wp\/v2\/types\/post"}],"author":[{"embeddable":true,"href":"https:\/\/mersingazetesi.com\/index.php\/wp-json\/wp\/v2\/users\/2"}],"replies":[{"embeddable":true,"href":"https:\/\/mersingazetesi.com\/index.php\/wp-json\/wp\/v2\/comments?post=131548"}],"version-history":[{"count":1,"href":"https:\/\/mersingazetesi.com\/index.php\/wp-json\/wp\/v2\/posts\/131548\/revisions"}],"predecessor-version":[{"id":131550,"href":"https:\/\/mersingazetesi.com\/index.php\/wp-json\/wp\/v2\/posts\/131548\/revisions\/131550"}],"wp:featuredmedia":[{"embeddable":true,"href":"https:\/\/mersingazetesi.com\/index.php\/wp-json\/wp\/v2\/media\/131549"}],"wp:attachment":[{"href":"https:\/\/mersingazetesi.com\/index.php\/wp-json\/wp\/v2\/media?parent=131548"}],"wp:term":[{"taxonomy":"category","embeddable":true,"href":"https:\/\/mersingazetesi.com\/index.php\/wp-json\/wp\/v2\/categories?post=131548"},{"taxonomy":"post_tag","embeddable":true,"href":"https:\/\/mersingazetesi.com\/index.php\/wp-json\/wp\/v2\/tags?post=131548"}],"curies":[{"name":"wp","href":"https:\/\/api.w.org\/{rel}","templated":true}]}}