{"id":131476,"date":"2026-04-24T15:28:52","date_gmt":"2026-04-24T12:28:52","guid":{"rendered":"https:\/\/mersingazetesi.com\/?p=131476"},"modified":"2026-04-24T15:28:52","modified_gmt":"2026-04-24T12:28:52","slug":"abd-suriyeden-cekildi-sahada-yeni-donem","status":"publish","type":"post","link":"https:\/\/mersingazetesi.com\/index.php\/2026\/04\/24\/abd-suriyeden-cekildi-sahada-yeni-donem\/","title":{"rendered":"ABD Suriye\u2019den \u00c7ekildi: Sahada Yeni D\u00f6nem"},"content":{"rendered":"<p>Suriye\u2019de dengeleri de\u011fi\u015ftirecek \u00f6nemli bir geli\u015fme ya\u015fand\u0131. Amerika Birle\u015fik Devletleri, \u00fclkedeki on y\u0131l\u0131 a\u015fk\u0131n askeri varl\u0131\u011f\u0131n\u0131 sona erdirerek sahadan \u00e7ekildi.<\/p>\n<p>Edinilen bilgilere g\u00f6re, 15-16 Nisan tarihlerinde ABD g\u00fc\u00e7leri, Haseke vilayetinde bulunan Kasrak \u00fcss\u00fcn\u00fc bo\u015faltt\u0131. \u00c7ekilmenin, sahadaki yeni siyasi ve askeri uzla\u015fmalar\u0131n ard\u0131ndan ger\u00e7ekle\u015fti\u011fi de\u011ferlendiriliyor.<\/p>\n<p>S\u00fcre\u00e7te dikkat \u00e7eken en \u00f6nemli ba\u015fl\u0131klardan biri, \u015eam y\u00f6netimi ile SDG aras\u0131nda sa\u011flanan uzla\u015fma oldu. Bu geli\u015fmenin, b\u00f6lgedeki g\u00fc\u00e7 dengelerini yeniden \u015fekillendirdi\u011fi ifade ediliyor.<\/p>\n<p>\u00d6te yandan T\u00fcrkiye\u2019nin SDG konusundaki \u00f6nceki sert tutumunu yumu\u015fatt\u0131\u011f\u0131 ve bu durumun da s\u00fcreci h\u0131zland\u0131ran unsurlar aras\u0131nda yer ald\u0131\u011f\u0131 \u00f6ne s\u00fcr\u00fcl\u00fcyor.<\/p>\n<p>Uzmanlar, ABD\u2019nin \u00e7ekilmesiyle birlikte Suriye\u2019de yeni bir d\u00f6nemin ba\u015flad\u0131\u011f\u0131n\u0131 ve sahada art\u0131k yerel akt\u00f6rlerin daha belirleyici olaca\u011f\u0131n\u0131 vurguluyor. B\u00f6lgedeki geli\u015fmelerin \u00f6n\u00fcm\u00fczdeki s\u00fcre\u00e7te daha net bir tablo ortaya koymas\u0131 bekleniyor.<\/p>\n","protected":false},"excerpt":{"rendered":"<p>Suriye\u2019de dengeleri de\u011fi\u015ftirecek \u00f6nemli bir geli\u015fme ya\u015fand\u0131. Amerika Birle\u015fik Devletleri, \u00fclkedeki on y\u0131l\u0131 a\u015fk\u0131n askeri varl\u0131\u011f\u0131n\u0131 sona erdirerek sahadan \u00e7ekildi. Edinilen bilgilere g\u00f6re, 15-16 Nisan tarihlerinde ABD g\u00fc\u00e7leri, Haseke vilayetinde bulunan Kasrak \u00fcss\u00fcn\u00fc bo\u015faltt\u0131. \u00c7ekilmenin, sahadaki yeni siyasi ve askeri uzla\u015fmalar\u0131n ard\u0131ndan ger\u00e7ekle\u015fti\u011fi de\u011ferlendiriliyor. S\u00fcre\u00e7te dikkat \u00e7eken en \u00f6nemli ba\u015fl\u0131klardan biri, \u015eam y\u00f6netimi ile SDG [&hellip;]<\/p>\n","protected":false},"author":2,"featured_media":131477,"comment_status":"open","ping_status":"open","sticky":false,"template":"","format":"standard","meta":{"footnotes":""},"categories":[3],"tags":[],"class_list":["post-131476","post","type-post","status-publish","format-standard","has-post-thumbnail","hentry","category-dunya"],"views":940,"_links":{"self":[{"href":"https:\/\/mersingazetesi.com\/index.php\/wp-json\/wp\/v2\/posts\/131476","targetHints":{"allow":["GET"]}}],"collection":[{"href":"https:\/\/mersingazetesi.com\/index.php\/wp-json\/wp\/v2\/posts"}],"about":[{"href":"https:\/\/mersingazetesi.com\/index.php\/wp-json\/wp\/v2\/types\/post"}],"author":[{"embeddable":true,"href":"https:\/\/mersingazetesi.com\/index.php\/wp-json\/wp\/v2\/users\/2"}],"replies":[{"embeddable":true,"href":"https:\/\/mersingazetesi.com\/index.php\/wp-json\/wp\/v2\/comments?post=131476"}],"version-history":[{"count":1,"href":"https:\/\/mersingazetesi.com\/index.php\/wp-json\/wp\/v2\/posts\/131476\/revisions"}],"predecessor-version":[{"id":131478,"href":"https:\/\/mersingazetesi.com\/index.php\/wp-json\/wp\/v2\/posts\/131476\/revisions\/131478"}],"wp:featuredmedia":[{"embeddable":true,"href":"https:\/\/mersingazetesi.com\/index.php\/wp-json\/wp\/v2\/media\/131477"}],"wp:attachment":[{"href":"https:\/\/mersingazetesi.com\/index.php\/wp-json\/wp\/v2\/media?parent=131476"}],"wp:term":[{"taxonomy":"category","embeddable":true,"href":"https:\/\/mersingazetesi.com\/index.php\/wp-json\/wp\/v2\/categories?post=131476"},{"taxonomy":"post_tag","embeddable":true,"href":"https:\/\/mersingazetesi.com\/index.php\/wp-json\/wp\/v2\/tags?post=131476"}],"curies":[{"name":"wp","href":"https:\/\/api.w.org\/{rel}","templated":true}]}}